{"id":253497,"date":"2025-11-24T16:48:19","date_gmt":"2025-11-24T16:48:19","guid":{"rendered":"https:\/\/www.europesays.com\/es\/253497\/"},"modified":"2025-11-24T16:48:19","modified_gmt":"2025-11-24T16:48:19","slug":"los-cinco-cuadros-mas-caros-de-la-historia-de-nuestro-pais","status":"publish","type":"post","link":"https:\/\/www.europesays.com\/es\/253497\/","title":{"rendered":"Los cinco cuadros m\u00e1s caros de la historia de nuestro pa\u00eds"},"content":{"rendered":"<p>\t\t\t\t\tLo que debo de saber<\/p>\n<p>A prop\u00f3sito de la venta millonaria de \u00abEl sue\u00f1o\u00bb de Frida Kahlo, hemos hecho una b\u00fasqueda de los cuadros mexicanos m\u00e1s caros.<\/p>\n<p>Las salas de subastas de <a href=\"https:\/\/www.sothebys.com\/en\/\" target=\"_blank\" rel=\"noreferrer noopener nofollow\">Sotheby\u2019s<\/a> acaban de romper un r\u00e9cord;<a href=\"https:\/\/www.sopitas.com\/tag\/feria-internacional-del-libro\/\" rel=\"nofollow noopener\" target=\"_blank\"> la pieza \u201cEl sue\u00f1o (la cama)\u201d de Frida Kahlo <\/a>ha sido vendida por m\u00e1s de 54 millones de d\u00f3lares. Esta cifra representa el precio m\u00e1s alto en el que se ha vendido la obra de una artista femenina, y de cualquier pintor de Am\u00e9rica Latina. Sin embargo, <strong>esta no es la \u00fanica obra mexicana que se ha subastado en una cantidad exorbitante; de hecho, hay muchas.<\/strong><\/p>\n<p>Y aunque como mexicanos no podemos m\u00e1s que sentir un orgullo inmenso por la noticia, el hecho de que el cuadro se haya subastado para una colecci\u00f3n privada, lejos de museos donde podamos admirarlo, tambi\u00e9n debe hacer que nos cuestionemos sobre <strong>qu\u00e9 injerencia debe tener M\u00e9xico en las piezas fundamentales de nuestros artistas m\u00e1s representativos.<\/strong><\/p>\n<p><img loading=\"lazy\" decoding=\"async\" width=\"1024\" height=\"613\" src=\"https:\/\/www.europesays.com\/es\/wp-content\/uploads\/2025\/11\/cuadros-caros-4.png\" alt=\"Los cuadros m\u00e1s caros en la historia de nuestro pa\u00eds.\" class=\"wp-image-1873347\" style=\"width:650px\"  \/>Este cuadro de Frida ha roto todos los r\u00e9cords.\/Imagen @sotherbys<\/p>\n<p>Y es que en este caso particular, no se trata de cualquier obra, <strong>sino de un cuadro fundamental para entender c\u00f3mo era la relaci\u00f3n de Frida Kahlo con el surrealismo<\/strong>, uno de los movimientos de vanguardia m\u00e1s relevantes en la historia del arte. De hecho, seg\u00fan los expertos de Sotheby\u2019s, El sue\u00f1o es uno de los trabajos m\u00e1s conmovedores de la artista.<\/p>\n<p>Con esto en mente, vale la pena hacer un repaso, no solo de esta pieza, sino de <strong>todos los cuadros de autores mexicanos que se han subastado en el extranjero<\/strong> y que actualmente no podemos ver m\u00e1s que en im\u00e1genes de internet.<\/p>\n<p>La realidad detr\u00e1s de las subastas<\/p>\n<p>Para muchos expertos, e<strong>l hecho de que cuadros tan importantes como este se vendan en subastas privadas es una pena<\/strong>, ya que muchas veces esto significa que no estar\u00e1n disponibles al p\u00fablico en general.<\/p>\n<p><strong>En el caso de \u201cEl sue\u00f1o\u201d, no se ha revelado la identidad del comprador<\/strong>; sin embargo, la casa de subastas ha confirmado que la pieza formar\u00e1 parte de varias retrospectivas que se har\u00e1n sobre Frida Kahlo. De hecho, se tiene contemplado que se exhiba en m\u00faltiples pa\u00edses los pr\u00f3ximos tres a\u00f1os.<\/p>\n<p><img loading=\"lazy\" decoding=\"async\" width=\"820\" height=\"613\" src=\"https:\/\/www.europesays.com\/es\/wp-content\/uploads\/2025\/11\/cuadros-caros-2.png\" alt=\"Los cuadros m\u00e1s caros en la historia de nuestro pa\u00eds.\" class=\"wp-image-1873348\" style=\"width:650px\"  \/>Las subastas son un vicio de la industrializaci\u00f3n del arte.\/imagen Unsplash <\/p>\n<p>No obstante, no todas las obras corren con esta suerte. <strong>Algunas han ca\u00eddo en manos de inversores, que solo las adquieren con fines comerciales <\/strong>y las resguardan en sitios especiales hasta que su valor aumente y se puedan vender a un precio m\u00e1s alto. Esto significa permanecer d\u00e9cadas en un contenedor especial, lejos del ojo p\u00fablico.<\/p>\n<p>Tristemente, aunque se trate de obras importantes para el arte nacional, el Gobierno de M\u00e9xico no puede hacer mucho, ya que <strong>solo las obras que est\u00e1n dentro del territorio son protegidas por la <\/strong><a target=\"_blank\" rel=\"noreferrer noopener nofollow\" href=\"https:\/\/inba.gob.mx\/transparencia\/obras\"><strong>Declaratoria de Monumento Art\u00edstico<\/strong><\/a>, una ley federal que resguarda\u00a0todas las piezas art\u00edsticas que tengan un valor est\u00e9tico relevante para el pa\u00eds.<\/p>\n<p><img loading=\"lazy\" decoding=\"async\" width=\"926\" height=\"614\" src=\"https:\/\/www.europesays.com\/es\/wp-content\/uploads\/2025\/11\/cuadros-caros-5.png\" alt=\"Los cuadros m\u00e1s caros en la historia de nuestro pa\u00eds.\" class=\"wp-image-1873349\" style=\"width:650px\"  \/>En M\u00e9xico no se pueden vender las obras relevantes para nuestra historia.\/imagen Unsplash <\/p>\n<p>Esta iniciativa <strong>evita que se vendan o usen piezas de artistas como Diego Rivera<\/strong>, Jos\u00e9 Mar\u00eda Velasco, Jos\u00e9 Clemente Orozco, Siqueiros, Gerardo Murillo, Remedios Varo, Frida Kahlo, entre otros autores.<\/p>\n<p>Los cuadros mexicanos que se han vendido m\u00e1s caros en las subastas<\/p>\n<p>Aunque no es el escenario id\u00f3neo, <strong>lo cierto es que el costo al que se venden las obras en las subastas nos revela el inter\u00e9s internacional en el arte mexicano<\/strong>. En ese sentido, conocer cu\u00e1les son los cuadros por los que se ha pagado un precio m\u00e1s alto es tambi\u00e9n una manera de indagar en la po\u00e9tica y en el trabajo de nuestros artistas m\u00e1s destacados.<\/p>\n<p>Trovador<\/p>\n<p>Rufino Tamayo<\/p>\n<p>Pintada en 1945, <strong>el cuadro nos muestra la imagen de un guitarrista sumergido en una paleta de colores viva<\/strong>. La obra se vendi\u00f3 en 2008 por m\u00e1s de 7 millones de d\u00f3lares. A pesar de su importancia y de su relevancia para la cultura viva de Oaxaca, esta pieza estuvo resguardada en una colecci\u00f3n privada durante cuarenta a\u00f1os.<\/p>\n<p><img loading=\"lazy\" decoding=\"async\" width=\"526\" height=\"634\" src=\"https:\/\/www.europesays.com\/es\/wp-content\/uploads\/2025\/11\/cuadros-caros-mexico-trovador.jpg\" alt=\"Los cuadros m\u00e1s caros en la historia de nuestro pa\u00eds.\" class=\"wp-image-1873350\" style=\"width:600px\"  \/>Esta pieza expresa la riqueza cultural de Oaxaca.\/imagen Museo Pape Facebook <\/p>\n<p>Diego y yo<\/p>\n<p>Frida Kahlo<\/p>\n<p>Este autorretrato de 1949 es una de las \u00faltimas obras que dej\u00f3 Frida antes de morir. En \u00e9l vemos el rostro de Frida serio, una l\u00e1grima cae de su ojo derecho y en medio de la frente aparece un Diego Rivera con tres ojos. E<strong>l cuadro fue vendido por m\u00e1s de 34 millones de d\u00f3lares<\/strong> a Eduardo F. Constantini, fundador del <a target=\"_blank\" rel=\"noreferrer noopener nofollow\" href=\"https:\/\/malba.org.ar\/\">MALBA<\/a>, uno de los recintos m\u00e1s importantes de Buenos Aires.<\/p>\n<p><img loading=\"lazy\" decoding=\"async\" width=\"720\" height=\"720\" src=\"https:\/\/www.europesays.com\/es\/wp-content\/uploads\/2025\/11\/cuadros-caros-frida-kahlo.jpg\" alt=\"Los cuadros m\u00e1s caros en la historia de nuestro pa\u00eds.\" class=\"wp-image-1873351\" style=\"width:550px\"  \/>Un autorretrato que expresa la relaci\u00f3n tormentosa de Frida y Diego.\/imagen @fridakahlo<\/p>\n<p>Baile de Tehuantepec<\/p>\n<p>Diego Rivera<\/p>\n<p>Se trata de una de las pinturas de caballete m\u00e1s relevantes del artista. En esta pintura de 1928, observamos un grupo bailando zandunga, un baile folcl\u00f3rico mexicano. <strong>El \u00f3leo se vendi\u00f3 a m\u00e1s de 15 millones de d\u00f3lares<\/strong> al empresario Eduardo F. Constantini. Actualmente, forma parte de la colecci\u00f3n permanente del MALBA.\u00a0<\/p>\n<p><img loading=\"lazy\" decoding=\"async\" width=\"750\" height=\"943\" src=\"https:\/\/www.europesays.com\/es\/wp-content\/uploads\/2025\/11\/cuadros-caros-diego-rivera.jpeg\" alt=\"Los cuadros m\u00e1s caros en la historia de nuestro pa\u00eds.\" class=\"wp-image-1873352\" style=\"width:650px\"  \/>Esta obra est\u00e1 en la colecci\u00f3n permanente del MALBA.\/imagen MALBA<\/p>\n<p>Vaca Roja<\/p>\n<p>Francisco Toledo<\/p>\n<p><strong>En 2011 esta pieza abstracta se vendi\u00f3 a m\u00e1s de 900 mil d\u00f3lares<\/strong>. Para los expertos, el cuadro, pintado en 1975, es un homenaje al arte paleol\u00edtico; en \u00e9l vemos a un grupo de animales existiendo; todos est\u00e1n envueltos en tonalidades rojas y naranjas, debajo de una superficie texturizada y ricamente pigmentada.<\/p>\n<p><img loading=\"lazy\" decoding=\"async\" width=\"370\" height=\"612\" src=\"https:\/\/www.sopitas.com\/wp-content\/uploads\/2025\/11\/cuadros-caros-toledo.png\" alt=\"Los cuadros m\u00e1s caros en la historia de nuestro pa\u00eds.\" class=\"wp-image-1873353\" style=\"width:550px\"  \/>Un cuadro que le rinde una oda al arte primitivo.\/Imagen Christie\u00b4s <\/p>\n<p>Roto espinal<\/p>\n<p>Gabriel Orozco<\/p>\n<p>Bienvenidos a este universo de figuras en el que contemplamos <strong>una narraci\u00f3n abstracta donde abunda la geometr\u00eda y los colores vibrantes<\/strong>. En el cuadro vemos c\u00edrculos conc\u00e9ntricos, \u00f3valos y espirales que se entrelazan. La obra se vendi\u00f3 en Nueva York en 2013, a 550 mil d\u00f3lares.<\/p>\n<p><img loading=\"lazy\" decoding=\"async\" width=\"465\" height=\"470\" src=\"https:\/\/www.europesays.com\/es\/wp-content\/uploads\/2025\/11\/cuadros-caros-orozco.png\" alt=\"Los cuadros m\u00e1s caros en la historia de nuestro pa\u00eds.\" class=\"wp-image-1873354\" style=\"width:550px\"  \/>Gabriel Orozco es uno de los artistas m\u00e1s relevantes de nuestra \u00e9poca.\/Imagen Marian Goodman Gallery<\/p>\n<p>\t\tTodo lo que no sab\u00edas que necesitas saber lo encuentras en Sopitas.com<\/p>\n","protected":false},"excerpt":{"rendered":"Lo que debo de saber A prop\u00f3sito de la venta millonaria de \u00abEl sue\u00f1o\u00bb de Frida Kahlo, hemos&hellip;\n","protected":false},"author":2,"featured_media":253498,"comment_status":"","ping_status":"","sticky":false,"template":"","format":"standard","meta":{"footnotes":""},"categories":[173],"tags":[229,233,231,230,232,234,146,147,25,24,23],"class_list":{"0":"post-253497","1":"post","2":"type-post","3":"status-publish","4":"format-standard","5":"has-post-thumbnail","7":"category-arte-y-diseno","8":"tag-arte","9":"tag-arte-y-diseno","10":"tag-arts","11":"tag-arts-and-design","12":"tag-design","13":"tag-diseno","14":"tag-entertainment","15":"tag-entretenimiento","16":"tag-es","17":"tag-espana","18":"tag-spain"},"share_on_mastodon":{"url":"https:\/\/pubeurope.com\/@es\/115605701206898892","error":""},"_links":{"self":[{"href":"https:\/\/www.europesays.com\/es\/wp-json\/wp\/v2\/posts\/253497","targetHints":{"allow":["GET"]}}],"collection":[{"href":"https:\/\/www.europesays.com\/es\/wp-json\/wp\/v2\/posts"}],"about":[{"href":"https:\/\/www.europesays.com\/es\/wp-json\/wp\/v2\/types\/post"}],"author":[{"embeddable":true,"href":"https:\/\/www.europesays.com\/es\/wp-json\/wp\/v2\/users\/2"}],"replies":[{"embeddable":true,"href":"https:\/\/www.europesays.com\/es\/wp-json\/wp\/v2\/comments?post=253497"}],"version-history":[{"count":0,"href":"https:\/\/www.europesays.com\/es\/wp-json\/wp\/v2\/posts\/253497\/revisions"}],"wp:featuredmedia":[{"embeddable":true,"href":"https:\/\/www.europesays.com\/es\/wp-json\/wp\/v2\/media\/253498"}],"wp:attachment":[{"href":"https:\/\/www.europesays.com\/es\/wp-json\/wp\/v2\/media?parent=253497"}],"wp:term":[{"taxonomy":"category","embeddable":true,"href":"https:\/\/www.europesays.com\/es\/wp-json\/wp\/v2\/categories?post=253497"},{"taxonomy":"post_tag","embeddable":true,"href":"https:\/\/www.europesays.com\/es\/wp-json\/wp\/v2\/tags?post=253497"}],"curies":[{"name":"wp","href":"https:\/\/api.w.org\/{rel}","templated":true}]}}