{"id":253503,"date":"2025-11-24T16:52:10","date_gmt":"2025-11-24T16:52:10","guid":{"rendered":"https:\/\/www.europesays.com\/es\/253503\/"},"modified":"2025-11-24T16:52:10","modified_gmt":"2025-11-24T16:52:10","slug":"esta-nueva-pelicula-de-netflix-es-un-exito-rotundo-pero-te-aviso-es-dificil-de-digerir","status":"publish","type":"post","link":"https:\/\/www.europesays.com\/es\/253503\/","title":{"rendered":"Esta nueva pel\u00edcula de Netflix es un \u00e9xito rotundo, pero te aviso: es dif\u00edcil de digerir"},"content":{"rendered":"<p><a href=\"https:\/\/es.ign.com\/movies\/223847\/opinion\/me-esperaba-una-pelicula-gotica-y-oscura-de-guillermo-del-toro-pero-me-encontre-una-emotiva-historia\" rel=\"nofollow noopener\" target=\"_blank\">Frankenstein<\/a>, la nueva pel\u00edcula de Guillermo del Toro, se ha llevado toda la atenci\u00f3n de los suscriptores de Netflix. Sin embargo, deber\u00edas tener muy en cuenta <strong>su \u00faltima pel\u00edcula original<\/strong>.<\/p>\n<p>Y no te pierdas&#8230;<a href=\"https:\/\/es.ign.com\/marvels-eternals\/223880\/news\/la-directora-de-eternals-de-marvel-habla-sobre-lo-que-le-gustaria-ver-en-una-secuela\" class=\"recirc_odd\" rel=\"nofollow noopener\" target=\"_blank\"><img decoding=\"async\" class=\"image\" src=\"https:\/\/www.europesays.com\/es\/wp-content\/uploads\/2025\/11\/i-would-love-to-bring-them-back-marvels-eternals-director-di_84j9.640.jpg\" alt=\"La directora de Eternals, de Marvel, habla sobre lo que le gustar\u00eda ver en una secuela\"\/>La directora de Eternals, de Marvel, habla sobre lo que le gustar\u00eda ver en una secuela<\/a><\/p>\n<p>La semana pasada se estren\u00f3 en la plataforma de streaming una nueva pel\u00edcula de Clint Bentley, conocido por su trabajo en la exitosa Las vidas de Sing Sing. <strong>Sue\u00f1os de trenes <\/strong>se presenta como una obra po\u00e9tica y melanc\u00f3lica, perfecta para quienes aprecian las historias que se desarrollan a un ritmo pausado. Es pura belleza, pero tambi\u00e9n <strong>te har\u00e1 sufrir en m\u00e1s de una ocasi\u00f3n<\/strong>, as\u00ed que ve prepar\u00e1ndote.<\/p>\n<p>Tras su estreno en cines el pasado 7 de noviembre y en Netflix el pasado 21 de noviembre, Sue\u00f1os de trenes se coron\u00f3 en <a href=\"https:\/\/www.rottentomatoes.com\/m\/train_dreams\" rel=\"noopener nofollow\" target=\"_blank\">Rotten Tomatoes<\/a> con <strong>un 95% y un 83% de puntuaci\u00f3n <\/strong>por parte de cr\u00edticos y espectadores, respectivamente. Antes de darte m\u00e1s detalles, te invito a ver su tr\u00e1iler oficial.<\/p>\n<p>Sue\u00f1os de trenes est\u00e1 protagonizada por una estrella de Star Wars<\/p>\n<p>La pel\u00edcula sigue a <strong>Robert Grainier<\/strong>, cuya historia se desarrolla a principios del siglo XX, en Estados Unidos. \u00abHu\u00e9rfano desde muy joven, Robert crece entre los imponentes bosques del noroeste del Pac\u00edfico, donde <strong>ayuda a expandir el imperio ferroviario del pa\u00eds<\/strong> junto a hombres tan inolvidables como los paisajes que habitan\u00bb, a\u00f1ade la sinopsis sobre el personaje. Termina formando una familia con <strong>Gladys<\/strong>, pero su vida da un giro inesperado tras una terrible tragedia.<\/p>\n<p>A partir de entonces, \u00abRobert descubre la belleza, la brutalidad y un nuevo significado para los bosques y los \u00e1rboles que ha talado\u00bb mientras trata de seguir adelante. Joel Edgerton interpreta a Robert Grainier y Felicity Jones, de Rogue One: Una historia de Star Wars, a Gladys. William H. Macy, Nathaniel Arcand, Alfred Hsing, Will Patton y Kerry Condon <strong>tambi\u00e9n forman parte del reparto<\/strong>.<\/p>\n<p>Bentley hizo la funci\u00f3n de director y coguionista junto con Greg Kwedar para dar forma a Sue\u00f1os de trenes, que se basa en la novela hom\u00f3nima de Denis Johnson. <strong>Disfruta de la pel\u00edcula solo en <a href=\"https:\/\/www.netflix.com\/title\/82020378\" rel=\"noopener nofollow\" target=\"_blank\">Netflix<\/a><\/strong>.<\/p>\n","protected":false},"excerpt":{"rendered":"Frankenstein, la nueva pel\u00edcula de Guillermo del Toro, se ha llevado toda la atenci\u00f3n de los suscriptores de&hellip;\n","protected":false},"author":2,"featured_media":253504,"comment_status":"","ping_status":"","sticky":false,"template":"","format":"standard","meta":{"footnotes":""},"categories":[169],"tags":[177,146,147,25,24,176,175,23],"class_list":{"0":"post-253503","1":"post","2":"type-post","3":"status-publish","4":"format-standard","5":"has-post-thumbnail","7":"category-cine","8":"tag-cine","9":"tag-entertainment","10":"tag-entretenimiento","11":"tag-es","12":"tag-espana","13":"tag-film","14":"tag-movies","15":"tag-spain"},"share_on_mastodon":{"url":"https:\/\/pubeurope.com\/@es\/115605716991124388","error":""},"_links":{"self":[{"href":"https:\/\/www.europesays.com\/es\/wp-json\/wp\/v2\/posts\/253503","targetHints":{"allow":["GET"]}}],"collection":[{"href":"https:\/\/www.europesays.com\/es\/wp-json\/wp\/v2\/posts"}],"about":[{"href":"https:\/\/www.europesays.com\/es\/wp-json\/wp\/v2\/types\/post"}],"author":[{"embeddable":true,"href":"https:\/\/www.europesays.com\/es\/wp-json\/wp\/v2\/users\/2"}],"replies":[{"embeddable":true,"href":"https:\/\/www.europesays.com\/es\/wp-json\/wp\/v2\/comments?post=253503"}],"version-history":[{"count":0,"href":"https:\/\/www.europesays.com\/es\/wp-json\/wp\/v2\/posts\/253503\/revisions"}],"wp:featuredmedia":[{"embeddable":true,"href":"https:\/\/www.europesays.com\/es\/wp-json\/wp\/v2\/media\/253504"}],"wp:attachment":[{"href":"https:\/\/www.europesays.com\/es\/wp-json\/wp\/v2\/media?parent=253503"}],"wp:term":[{"taxonomy":"category","embeddable":true,"href":"https:\/\/www.europesays.com\/es\/wp-json\/wp\/v2\/categories?post=253503"},{"taxonomy":"post_tag","embeddable":true,"href":"https:\/\/www.europesays.com\/es\/wp-json\/wp\/v2\/tags?post=253503"}],"curies":[{"name":"wp","href":"https:\/\/api.w.org\/{rel}","templated":true}]}}