{"id":253505,"date":"2025-11-24T16:53:13","date_gmt":"2025-11-24T16:53:13","guid":{"rendered":"https:\/\/www.europesays.com\/es\/253505\/"},"modified":"2025-11-24T16:53:13","modified_gmt":"2025-11-24T16:53:13","slug":"abierto-el-proceso-de-solicitud-de-entradas-para-el-gnk-dinamo-zagreb-real-betis-balompie","status":"publish","type":"post","link":"https:\/\/www.europesays.com\/es\/253505\/","title":{"rendered":"Abierto el proceso de solicitud de entradas para el GNK Dinamo Zagreb &#8211; Real Betis Balompi\u00e9"},"content":{"rendered":"<p style=\"\">El Real Betis Balompi\u00e9 ha abierto el plazo de solicitud de entradas para el partido GNK Dinamo Zagreb &#8211; Real Betis Balompi\u00e9, correspondiente a la jornada 6 de la UEFA Europa League y que se disputar\u00e1 el pr\u00f3ximo 11 de diciembre a las 18:45 horas en el Estadio Maksimir.<\/p>\n<p style=\"\">Para este encuentro, el Club dispone de 1254 entradas de grada visitante, que tendr\u00e1n un precio 20 euros y que ser\u00e1n asignadas de la siguiente manera:<\/p>\n<p style=\"\">\u00b7 1003 entradas para socios, de las cuales la mitad se asignar\u00e1 por antig\u00fcedad (502) y la otra mitad por sorteo (501).??<\/p>\n<p style=\"\">\u00b7 251 entradas para pe\u00f1as.?<\/p>\n<p style=\"\">El proceso de solicitud de estas localidades estar\u00e1 disponible desde hoy lunes 24 de noviembre hasta el pr\u00f3ximo mi\u00e9rcoles 26 de noviembre a las 10:00 horas. Independientemente del tipo de entrada, todos los socios deber\u00e1n solicitarla del mismo modo.? La petici\u00f3n debe realizarse a trav\u00e9s del siguiente <a href=\"https:\/\/sso.realbetisbalompie.es\/?token=eyJhbGciOiJSUzUxMiIsInR5cCI6IkpXVCJ9.eyJ0eXBlIjoidXNlcl9waW5fcGFzcyIsInJldFVSTCI6InNvY2lvcy5yZWFsYmV0aXNiYWxvbXBpZS5lcy9zb2Npb3MvYXJlYS1wcml2YWRhIn0.oRSSk8-LgAAXftMlgw0Wkbe8OoR3vRPL2gC7B6v1Np8B3bfxGrkg60757KyA0-z4PGpcX92KxLXFfNEt7cfeTRs87s135GZXEqck4lVCT63OGaYui8zMIOZ8tQ_zXX6Ve5LG1QQWAvCLTdxjWZ44J-EAsFxJYDVJNsllu84o5CFJZxCp4GCVRrq6oe0fCF-vZ_b5_WjNS4IoFBihM9amoBXcZK98ngLocWdGeGOdQAyGEiexGOK0tIw0wL-zqMtbVuHTtkYKA2m5uAbV7PoGs-_gzvm_kiii5nxTJFe7RmeLY_iFhYN7QCv0TChLSIMmAtL4K-cYpuSCTODcBoBkwg\" target=\"_blank\" rel=\"nofollow noopener\">enlace<\/a>?pulsando en el apartado &#8216;MI BETIS&#8217;, completando la inscripci\u00f3n y haciendo efectivo el pago de la entrada.?<\/p>\n<p style=\"\">El Club efectuar\u00e1 en primer lugar la asignaci\u00f3n de las 502 entradas seg\u00fan el criterio de antig\u00fcedad y, a continuaci\u00f3n, realizar\u00e1 el sorteo de las otras 501 entre el resto de los solicitantes que no hayan podido obtener entrada por el criterio inicial.<\/p>\n<p style=\"\">Todos los inscritos recibir\u00e1n el mi\u00e9rcoles 26 de noviembre una comunicaci\u00f3n tanto por correo electr\u00f3nico como en su \u00e1rea privada de socios (en el apartado \u00abComunicados\u00bb) donde se les comunicar\u00e1 si han obtenido una localidad o no.<\/p>\n<p style=\"\">Los que no tengan la suerte de contar con entrada recibir\u00e1n la devoluci\u00f3n del importe abonado. Por su parte, los agraciados deber\u00e1n confirmar en la comunicaci\u00f3n recibida si quieren su localidad de forma definitiva o no en un plazo de 48 horas desde el env\u00edo de dicha comunicaci\u00f3n.<\/p>\n","protected":false},"excerpt":{"rendered":"El Real Betis Balompi\u00e9 ha abierto el plazo de solicitud de entradas para el partido GNK Dinamo Zagreb&hellip;\n","protected":false},"author":2,"featured_media":253506,"comment_status":"","ping_status":"","sticky":false,"template":"","format":"standard","meta":{"footnotes":""},"categories":[93],"tags":[14295,291,168,25,24,798,286,23,167],"class_list":{"0":"post-253505","1":"post","2":"type-post","3":"status-publish","4":"format-standard","5":"has-post-thumbnail","7":"category-deportes","8":"tag-balompie","9":"tag-betis","10":"tag-deportes","11":"tag-es","12":"tag-espana","13":"tag-real","14":"tag-real-betis-balompie","15":"tag-spain","16":"tag-sports"},"share_on_mastodon":{"url":"https:\/\/pubeurope.com\/@es\/115605720494755828","error":""},"_links":{"self":[{"href":"https:\/\/www.europesays.com\/es\/wp-json\/wp\/v2\/posts\/253505","targetHints":{"allow":["GET"]}}],"collection":[{"href":"https:\/\/www.europesays.com\/es\/wp-json\/wp\/v2\/posts"}],"about":[{"href":"https:\/\/www.europesays.com\/es\/wp-json\/wp\/v2\/types\/post"}],"author":[{"embeddable":true,"href":"https:\/\/www.europesays.com\/es\/wp-json\/wp\/v2\/users\/2"}],"replies":[{"embeddable":true,"href":"https:\/\/www.europesays.com\/es\/wp-json\/wp\/v2\/comments?post=253505"}],"version-history":[{"count":0,"href":"https:\/\/www.europesays.com\/es\/wp-json\/wp\/v2\/posts\/253505\/revisions"}],"wp:featuredmedia":[{"embeddable":true,"href":"https:\/\/www.europesays.com\/es\/wp-json\/wp\/v2\/media\/253506"}],"wp:attachment":[{"href":"https:\/\/www.europesays.com\/es\/wp-json\/wp\/v2\/media?parent=253505"}],"wp:term":[{"taxonomy":"category","embeddable":true,"href":"https:\/\/www.europesays.com\/es\/wp-json\/wp\/v2\/categories?post=253505"},{"taxonomy":"post_tag","embeddable":true,"href":"https:\/\/www.europesays.com\/es\/wp-json\/wp\/v2\/tags?post=253505"}],"curies":[{"name":"wp","href":"https:\/\/api.w.org\/{rel}","templated":true}]}}