{"id":253507,"date":"2025-11-24T16:54:09","date_gmt":"2025-11-24T16:54:09","guid":{"rendered":"https:\/\/www.europesays.com\/es\/253507\/"},"modified":"2025-11-24T16:54:09","modified_gmt":"2025-11-24T16:54:09","slug":"desarrollo-de-dos-vacunas-contra-el-cancer-en-la-rioja","status":"publish","type":"post","link":"https:\/\/www.europesays.com\/es\/253507\/","title":{"rendered":"Desarrollo de dos vacunas contra el c\u00e1ncer en La Rioja"},"content":{"rendered":"<p>La Universidad de La Rioja inform\u00f3 hoy de que los investigadores del Centro de Investigaci\u00f3n Biom\u00e9dica de La Rioja (CIBIR) Tom K. Raju y Srdan Tadic han obtenido el grado de doctores por la UR por la defensa de sus tesis centradas en el desarrollo de vacunas contra el c\u00e1ncer. Como ha detallado la UR, las vacunas se centran en la angiog\u00e9nesis tumoral \u2013proceso de crecimiento de nuevos vasos sangu\u00edneos que los tumores necesitan para obtener ox\u00edgeno y nutrientes\u2013 y el desarrollo de met\u00e1stasis. Ambos estudios se han realizado bajo la direcci\u00f3n del Doctor Alfredo Mart\u00ednez, investigador principal de la unidad de Angiog\u00e9nesis del CIBIR, y han obtenido la calificaci\u00f3n de sobresaliente con menci\u00f3n internacional por la Universidad de La Rioja.<\/p>\n<p>Los hallazgos de las dos tesis doctorales \u00abaportan conocimiento cient\u00edfico de alto valor a\u00f1adido que podr\u00eda contribuir al desarrollo de terapias m\u00e1s eficaces y menos invasivas frente a distintos tipos de patolog\u00edas oncol\u00f3gicas\u00bb.<\/p>\n<p>Concretamente, la tesis desarrollada por Tom K. Raju se ha centrado en el dise\u00f1o de una vacuna oral de ADN dirigida contra un p\u00e9ptido implicado en la formaci\u00f3n de vasos sangu\u00edneos en los tumores (PAMP). A trav\u00e9s de modelos experimentales de melanoma, el investigador ha observado una respuesta inmune significativa y una reducci\u00f3n de la angiog\u00e9nesis tumoral, es decir, de la creaci\u00f3n de nuevos vasos que permiten al tumor crecer y diseminarse.<\/p>\n<p>La vacuna ha permitido identificar nuevas funciones del p\u00e9ptido PAMP relacionadas con la proliferaci\u00f3n celular y la modulaci\u00f3n del sistema inmunitario.<\/p>\n<p>El trabajo de Raju \u00abcontribuye a ampliar la comprensi\u00f3n sobre c\u00f3mo determinadas mol\u00e9culas que favorecen la formaci\u00f3n de vasos sangu\u00edneos tambi\u00e9n pueden influir en el comportamiento del sistema inmunitario dentro del entorno tumoral\u00bb.<\/p>\n<p>Este enfoque abre la puerta al desarrollo de vacunas personalizadas o combinadas con otras terapias oncol\u00f3gicas para potenciar la respuesta inmunitaria del organismo frente al c\u00e1ncer.<\/p>\n<p>Por su parte, Srdan Tadic ha desarrollado una vacuna de ARN mensajero frente a la adrenomedulina, una prote\u00edna clave en la angiog\u00e9nesis y el crecimiento de los tumores.<\/p>\n<p>En su caso, el tratamiento experimental ha logrado reducir tanto el n\u00famero de met\u00e1stasis pulmonares como el tama\u00f1o de los tumores cut\u00e1neos, sin afectar a la formaci\u00f3n normal de vasos sangu\u00edneos en tejidos sanos.<\/p>\n<p>Tambi\u00e9n ayer se supo que dos nuevas revisiones \u00abCochrane\u00bb realizadas por colaboradores de diferentes universidades de Reino Unido muestran evidencia s\u00f3lida y consistente de que las vacunas contra el VPH son efectivas para prevenir el c\u00e1ncer de cuello uterino y las lesiones precancerosas, especialmente cuando se administran a j\u00f3venes antes de que se expongan al virus.<\/p>\n<p>Se descubri\u00f3 que las ni\u00f1as vacunadas antes de los 16 a\u00f1os tienen un 80% menos de probabilidades de desarrollar c\u00e1ncer de cuello uterino. Las revisiones tambi\u00e9n confirman que las vacunas contra el VPH solo suelen causar efectos secundarios leves y transitorios, como dolor en el brazo. Estas revisiones contaron con el apoyo del Instituto Nacional de Investigaci\u00f3n en Salud.<\/p>\n","protected":false},"excerpt":{"rendered":"La Universidad de La Rioja inform\u00f3 hoy de que los investigadores del Centro de Investigaci\u00f3n Biom\u00e9dica de La&hellip;\n","protected":false},"author":2,"featured_media":253508,"comment_status":"","ping_status":"","sticky":false,"template":"","format":"standard","meta":{"footnotes":""},"categories":[92],"tags":[25,24,165,166,23],"class_list":{"0":"post-253507","1":"post","2":"type-post","3":"status-publish","4":"format-standard","5":"has-post-thumbnail","7":"category-salud","8":"tag-es","9":"tag-espana","10":"tag-health","11":"tag-salud","12":"tag-spain"},"share_on_mastodon":{"url":"","error":""},"_links":{"self":[{"href":"https:\/\/www.europesays.com\/es\/wp-json\/wp\/v2\/posts\/253507","targetHints":{"allow":["GET"]}}],"collection":[{"href":"https:\/\/www.europesays.com\/es\/wp-json\/wp\/v2\/posts"}],"about":[{"href":"https:\/\/www.europesays.com\/es\/wp-json\/wp\/v2\/types\/post"}],"author":[{"embeddable":true,"href":"https:\/\/www.europesays.com\/es\/wp-json\/wp\/v2\/users\/2"}],"replies":[{"embeddable":true,"href":"https:\/\/www.europesays.com\/es\/wp-json\/wp\/v2\/comments?post=253507"}],"version-history":[{"count":0,"href":"https:\/\/www.europesays.com\/es\/wp-json\/wp\/v2\/posts\/253507\/revisions"}],"wp:featuredmedia":[{"embeddable":true,"href":"https:\/\/www.europesays.com\/es\/wp-json\/wp\/v2\/media\/253508"}],"wp:attachment":[{"href":"https:\/\/www.europesays.com\/es\/wp-json\/wp\/v2\/media?parent=253507"}],"wp:term":[{"taxonomy":"category","embeddable":true,"href":"https:\/\/www.europesays.com\/es\/wp-json\/wp\/v2\/categories?post=253507"},{"taxonomy":"post_tag","embeddable":true,"href":"https:\/\/www.europesays.com\/es\/wp-json\/wp\/v2\/tags?post=253507"}],"curies":[{"name":"wp","href":"https:\/\/api.w.org\/{rel}","templated":true}]}}