{"id":253511,"date":"2025-11-24T16:56:14","date_gmt":"2025-11-24T16:56:14","guid":{"rendered":"https:\/\/www.europesays.com\/es\/253511\/"},"modified":"2025-11-24T16:56:14","modified_gmt":"2025-11-24T16:56:14","slug":"las-microsd-tambien-se-quedan-sin-stock","status":"publish","type":"post","link":"https:\/\/www.europesays.com\/es\/253511\/","title":{"rendered":"las microSD tambi\u00e9n se quedan sin stock"},"content":{"rendered":"<p>Qui\u00e9n nos lo iba a decir, a pesar de que llev\u00e1bamos ya bastante tiempo advirti\u00e9ndolo. Si nos remont\u00e1ramos al verano de este mismo a\u00f1o, podr\u00edamos comprar kits de <a href=\"https:\/\/hardzone.es\/reportajes\/que-es\/memoria-ram-pc\/\" rel=\"nofollow noopener\" target=\"_blank\">memoria RAM<\/a> a un precio razonable, pero la <strong>falta de stock<\/strong> y los problemas en la cadena de suministro (am\u00e9n de los aranceles) han provocado que <strong>su precio pr\u00e1cticamente se duplique<\/strong>. Y tal es la crisis de los chips de memoria que tenemos actualmente, que est\u00e1 empezando a afectar tambi\u00e9n al stock de <strong>tarjetas microSD<\/strong>.<\/p>\n<p>Ahora, nuevos reportes nos llegan desde Jap\u00f3n (<a href=\"https:\/\/www.itmedia.co.jp\/pcuser\/spv\/2511\/22\/news019.html?s=31\" target=\"_blank\" rel=\"noopener noreferrer nofollow\">IT Media<\/a>), quienes aseguran que en Jap\u00f3n est\u00e1n empezando a tener <strong>problemas de stock de tarjetas microSD<\/strong> porque muchos consumidores, a causa de la crisis de los chips de memoria (que no son solo los de la RAM, sino tambi\u00e9n de SSD), han empezado a comprar tarjetas de memoria microSD de alta capacidad como alternativa para guardar sus archivos.<\/p>\n<p>El impacto de la escasez en un mercado que nunca ha sido estable<\/p>\n<p>Aunque a muchos os pueda sorprender, el mercado de los productos de memoria (de cualquier tipo, sea memoria RAM, SSD o tarjetas de memoria) llevaba a\u00f1os gozando de una estabilidad bastante alta. Pero ha bastado un \u00fanico detonante (escasez de suministro) para demostrar que, en realidad, esta estabilidad estaba en el filo del cuchillo y la prueba es la crisis que vivimos ahora mismo, pues como ya sabr\u00e9is a causa de esta falta de suministro los precios se est\u00e1n disparando y, si en verano pod\u00edas comprar un kit de RAM DDR5 de 32 GB por unos 120 euros, ahora mismo es dif\u00edcil encontrarlo por debajo de 240.<\/p>\n<p><img decoding=\"async\" loading=\"lazy\" width=\"1280\" height=\"720\" src=\"https:\/\/www.europesays.com\/es\/wp-content\/uploads\/2025\/11\/memoria-ram.jpg\" alt=\"M\u00f3dulos memoria RAM\"\/><\/p>\n<p>Memoria RAM sobre placa base \u2013 Foto: Valentine Tanasovich<\/p>\n<p>Lo que nadie se esperaba es que esto afectara tambi\u00e9n al mercado de las microSD. Si hab\u00eda un mercado estable era este, con un volumen de ventas relativamente peque\u00f1o en comparaci\u00f3n con la RAM y los SSD, pero que ha permanecido invariable durante muchos a\u00f1os: no se venden muchas, pero siempre se han vendido al mismo nivel m\u00e1s o menos. Por este motivo, la dispara de la demanda de pronto de tarjetas microSD ha provocado una falta de stock que ha pillado a los fabricantes desprevenidos.<\/p>\n<p>Podr\u00edamos deciros que el motivo no es la crisis de memoria en s\u00ed misma sino la reacci\u00f3n del consumidor ante la subida de precios de la RAM y los SSD, pero realmente nadie se esperaba que esto sucediera. Podr\u00edamos deciros tambi\u00e9n que las microSD son una alternativa barata como soluci\u00f3n de almacenamiento adicional, y lo cierto es que seg\u00fan informa la fuente, las tiendas de Jap\u00f3n siempre hab\u00edan abastecido sin problema modelos de 512 GB, 1 TB e incluso 2 TB, pero ahora est\u00e1n lidiando con estanter\u00edas vac\u00edas y clientes preguntando que cu\u00e1ndo traer\u00e1n m\u00e1s stock. La realidad es que las microSD nunca se han considerado como una soluci\u00f3n de almacenamiento, salvo quiz\u00e1 de forma temporal y por supuesto excepto en m\u00f3viles, tablets y quiz\u00e1 consolas port\u00e1tiles.<\/p>\n<p>Pero la realidad es lo que ya hemos mencionado: que este pico de demanda ha pillado a los fabricantes (y tiendas) desprevenidos y ha causado una rotura de stock, al menos en Jap\u00f3n (que se sepa), y nadie lo esperaba.<\/p>\n<p>\u00bfQu\u00e9 suceder\u00e1 en los pr\u00f3ximos meses?<\/p>\n<p>Si esta tendencia que ha surgido ahora en Jap\u00f3n se extiende al resto del mundo, lo primero que suceder\u00e1 es lo m\u00e1s evidente: las microSD, al igual que la memoria RAM y los SSD, subir\u00e1n de precio ante la falta de stock. Y esto podr\u00eda extenderse en el tiempo puesto que, como hemos dicho antes, los fabricantes siempre han expedido m\u00e1s o menos la misma cantidad de microSD y no est\u00e1n preparados para un alto volumen de demanda. Ni de lejos.<\/p>\n<p><img decoding=\"async\" loading=\"lazy\" width=\"1280\" height=\"720\" src=\"https:\/\/www.europesays.com\/es\/wp-content\/uploads\/2025\/11\/tarjetas-microsd.jpg\" alt=\"Tarjetas de memoria microSD\"\/><\/p>\n<p>Tarjetas de memoria microSD de varios fabricantes<\/p>\n<p>Pero seamos realistas: \u00bfqui\u00e9n en su sano juicio plantear\u00eda un sistema de almacenamiento permanente basado en tarjetas microSD? Personalmente, pensamos que nadie. Con esto os queremos decir que, bajo nuestro punto de vista, esta situaci\u00f3n va a ser temporal, y de hecho puede que sea un caso aislado de Jap\u00f3n y que no se extienda al resto del mundo.<\/p>\n<p>En relaci\u00f3n a la crisis de memoria RAM y SSD, ya es otro gallo el que canta. El problema es grave y es a nivel mundial, aunque s\u00ed podemos deciros que nos hemos puesto en contacto con varios de los principales fabricantes y el mensaje que nos han trasladado es de tranquilidad y de que ya est\u00e1n tomando medidas al respecto. Si tenemos que hacer una previsi\u00f3n os dir\u00edamos que el precio de las RAM y los SSD no va a subir mucho m\u00e1s, y que de cara al verano de 2026 volver\u00e1n a estabilizarse los precios. De todos modos esto es simplemente una elucubraci\u00f3n nuestra, pues no tenemos manera de saber qu\u00e9 pasar\u00e1 a medio plazo.<\/p>\n","protected":false},"excerpt":{"rendered":"Qui\u00e9n nos lo iba a decir, a pesar de que llev\u00e1bamos ya bastante tiempo advirti\u00e9ndolo. Si nos remont\u00e1ramos&hellip;\n","protected":false},"author":2,"featured_media":253512,"comment_status":"","ping_status":"","sticky":false,"template":"","format":"standard","meta":{"footnotes":""},"categories":[81],"tags":[119,123,124,25,24,117,121,122,23,118,120],"class_list":{"0":"post-253511","1":"post","2":"type-post","3":"status-publish","4":"format-standard","5":"has-post-thumbnail","7":"category-ciencia-y-tecnologia","8":"tag-ciencia","9":"tag-ciencia-y-tecnologia","10":"tag-cienciaytecnologia","11":"tag-es","12":"tag-espana","13":"tag-science","14":"tag-science-and-technology","15":"tag-scienceandtechnology","16":"tag-spain","17":"tag-technology","18":"tag-tecnologia"},"share_on_mastodon":{"url":"https:\/\/pubeurope.com\/@es\/115605732891983161","error":""},"_links":{"self":[{"href":"https:\/\/www.europesays.com\/es\/wp-json\/wp\/v2\/posts\/253511","targetHints":{"allow":["GET"]}}],"collection":[{"href":"https:\/\/www.europesays.com\/es\/wp-json\/wp\/v2\/posts"}],"about":[{"href":"https:\/\/www.europesays.com\/es\/wp-json\/wp\/v2\/types\/post"}],"author":[{"embeddable":true,"href":"https:\/\/www.europesays.com\/es\/wp-json\/wp\/v2\/users\/2"}],"replies":[{"embeddable":true,"href":"https:\/\/www.europesays.com\/es\/wp-json\/wp\/v2\/comments?post=253511"}],"version-history":[{"count":0,"href":"https:\/\/www.europesays.com\/es\/wp-json\/wp\/v2\/posts\/253511\/revisions"}],"wp:featuredmedia":[{"embeddable":true,"href":"https:\/\/www.europesays.com\/es\/wp-json\/wp\/v2\/media\/253512"}],"wp:attachment":[{"href":"https:\/\/www.europesays.com\/es\/wp-json\/wp\/v2\/media?parent=253511"}],"wp:term":[{"taxonomy":"category","embeddable":true,"href":"https:\/\/www.europesays.com\/es\/wp-json\/wp\/v2\/categories?post=253511"},{"taxonomy":"post_tag","embeddable":true,"href":"https:\/\/www.europesays.com\/es\/wp-json\/wp\/v2\/tags?post=253511"}],"curies":[{"name":"wp","href":"https:\/\/api.w.org\/{rel}","templated":true}]}}