{"id":253517,"date":"2025-11-24T16:59:08","date_gmt":"2025-11-24T16:59:08","guid":{"rendered":"https:\/\/www.europesays.com\/es\/253517\/"},"modified":"2025-11-24T16:59:08","modified_gmt":"2025-11-24T16:59:08","slug":"okupacion-masiva-expres-en-parla-la-policia-desaloja-a-80-personas-que-habian-entrado-horas-antes-un-hotel-nh-en-reforma-el-mundo","status":"publish","type":"post","link":"https:\/\/www.europesays.com\/es\/253517\/","title":{"rendered":"Okupaci\u00f3n masiva expr\u00e9s en Parla: la Polic\u00eda desaloja a 80 personas que hab\u00edan entrado horas antes un hotel NH en reforma &#8211; El Mundo"},"content":{"rendered":"<ol>\n<li><a href=\"https:\/\/news.google.com\/rss\/articles\/CBMiekFVX3lxTE9udF85NjhSekxiaVJHRnhDY0RsRG9qNGwwXzZTdHM3NnhmbG84TXRZZGs4UWFjOUJES0VXOU5ING4tTUJQbEU1S1NEU1dlcDM2c3dqSjFMWHhRNWNiaVhFdUgxQXZZVXB3UUpzZGRsSjBjLTUyNTRoVEJB?oc=5\" target=\"_blank\" rel=\"nofollow noopener\">Okupaci\u00f3n masiva expr\u00e9s en Parla: la Polic\u00eda desaloja a 80 personas que hab\u00edan entrado horas antes un hotel NH en reforma<\/a>&nbsp;&nbsp;El Mundo<\/li>\n<li><a href=\"https:\/\/news.google.com\/rss\/articles\/CBMi_gFBVV95cUxNWFFndGU3aHlRQnp1LW8tSWw1VUZFM09FWEJjc1h0YjNBaU01REJuYU85WWRqX21MWFFZMHZsdXZ1NEx5VVRnVy1vcnFhMFVJQmRET1ByNGJreHhrOUc4QTRCaWJubmhBWFpsRHhxaUFhLTlNYnVnN2oyR2NLQk9FRWtJNEQtb2ZOQzByUTNIVWVEQXJFSFBGZ1o4YzRtdWdOUFhnQUFydXYwdDVsUWpfRy1NZ3RRZG5vY2FxcEs5RGhPYnVJa3A3V09wR3ZTMnNFTEVIRGM3X2tDR3lQQXZOY0RiWjNRRTRLZ3ZkQnFSaG55enNUWGNQdFFIVFo5QdIBgwJBVV95cUxPMU8wU0xfcGNNU29PT2FtZW1VaWNTakpDUnJJR3ZIcmhkTnozdVc3S1ZlQXRLd09HRzg1aFp0UzVuMUw1X2lXT1ZyZUlLbXVpbkdzMk1KeVVMVmQxM0p0bEFidGt4S0VDVzlEQnNNenRZa1pMQWtWTzFzRmxlUFVvdzFiRHZQaUxSU1NCcTRYU015YXppYWg4QkhBVmdYNWJwWENlNzduYUhTT2VGaTVOdUtublhGZzc1RFJWQ3pManl5X3dkTEpGb05LZlpNRzFJX0EtT1Jrb2wwdjZhQUdTUlFIVk9nRzBUQ1U4WW02SWJzbXFwSE9LVmlMaW9QTEVlN2ZN?oc=5\" target=\"_blank\" rel=\"nofollow noopener\">Desalojan el antiguo Hotel NH de Parla okupado por m\u00e1s de medio centenar de personas<\/a>&nbsp;&nbsp;Telemadrid<\/li>\n<li><a href=\"https:\/\/news.google.com\/rss\/articles\/CBMioAFBVV95cUxOSU5YVlhqZVYzbXVRUk80d2h4cHAwYmpBNXE0aDNpWnpia21SVkRhZHo3emVKSkx0QXJvOHBIMGkzMkttQ1h3VUx2eWlyN0Q2UUJZZVV1Tzl0SWFJT1pZeGlmMTlvS3MtZ2FaU2RZSnJSRTJJVU9iOWM0QS1pSFJqR1RscXZMT21GaS1aS2FCU3JtZUVXZ01xX0lveWVicmxl?oc=5\" target=\"_blank\" rel=\"nofollow noopener\">\u201cParla no puede ser el para\u00edso de la ocupaci\u00f3n\u201d<\/a>&nbsp;&nbsp;Soy de Madrid<\/li>\n<li><a href=\"https:\/\/news.google.com\/rss\/articles\/CBMi4gFBVV95cUxQeW01bkQ5eW5QRV8wWjFJTjlOMTNjbkd1LWoyQUFFMUtURnVxMkp2a24yTllrYU4xbWhzTU1XTkE1NGpGR0ZielRhZWhlRTVkdy12Qmswc1RtTERsRWdla2k0V1NTQmUtN3NMUmxoX0F2MmZpZk1QUzNpREhfYUM0UUJZOGRzRjhVd0tHRG9FR0QxbmMxQVVUdWJ1QmJXcTFvdjRDdk9GRjdkOVgyd2hfLTkyRlpNNzZCcnBFVnFGMjNqXzRHdjE3NFBmZmhQTHhYYzUwSEFHU3pNVFo3T29SRGVn0gHnAUFVX3lxTE9wYTFVbGxEaXhtcDFQeU1YMENfaUNPTjZrMUwzV25tVFR5YmFiZXJFUUVxZXlYQ3Q3bU5aNmhOdlJmS0pMaFd6SERBZktGdTZfY3d3b1BSaC1IeFpDVE5xeEV2VXcyQlJEUHU2VGZjdHVWcHkwWXpFLUJVVnNIbW9hTjNvMm9OYXc3SFIyOXNhWnVHU0c5X01vaVl5M3Y2ZWNVT3pWaU9xamVpUUZSZF83Yl9uSlZFcUMzQnI0cnViTGVNdlVaTDctSEhLaFFCRVdOT08yWElMT3gwc0VDX05yYUlid1Fvdw?oc=5\" target=\"_blank\" rel=\"nofollow noopener\">Desalojado de madrugada el &#8216;hotel okupa&#8217; de Parla: lo hab\u00edan usurpado 60 personas \u00aben v\u00edsperas de su reapertura\u00bb<\/a>&nbsp;&nbsp;El Espa\u00f1ol<\/li>\n<li><a href=\"https:\/\/news.google.com\/rss\/articles\/CBMi3AFBVV95cUxOSUU5X1JMUE5zckJyd3VkYmVOMG9MWVNpaXUzSTlibTJ3X0Q5bEQ2N0ZzSTBTeEhfOEZDeXRJMWdiTHlwVVltRzYxZWdNUUdYNGpoOVFDb1dQenBhTWtxVFlNblJCSktZbXpzS25IWXB4NGdubXo1bGszV2FmY0s0LTlPdWM2SHhqTlhwZ0Zvdk9HNUExdFFrQ2VKLS1la1dpQml0VmxBdHhURWl3XzNfb3FTbzVPYkdfSTBKWDhaSWJhc3NFbWxTYmtlbnV1SDFJcThNbHhHcUx3Ymx50gHwAUFVX3lxTE1YdTNPS05hSm9UazZ5bzJsYkFwQm1aeFdsMXk1N1d2QS1BUWdFZ3FnU25lWHFmLWo1MkVNdUdVLVc3Vml4bmhPTVp1VWRLOFY5LW9qakhMWEMtRzAwSjBsZnQ4cUtuNjZqU0Y0OW9CTjROelJ4THIyTzQ5WGxuMVIzVTBja3E2RUYxamoxdXBqNW5td1R1dzFTMHRKRklseGNJSF9SOWtfUm02a3FJS2lVVjN2WDFNakFSdmhQY01jNFJqellnZ0FVS3NSNjVvbkhwS29KMmpwVVlGamhic2NRLWN4VTR0X1FVS25OdFZWMQ?oc=5\" target=\"_blank\" rel=\"nofollow noopener\">Desalojan a medio centenar de \u2018okupas\u2019 que hab\u00edan entrado en el antiguo hotel NH de Parla<\/a>&nbsp;&nbsp;Cadena SER<\/li>\n<\/ol>\n","protected":false},"excerpt":{"rendered":"Okupaci\u00f3n masiva expr\u00e9s en Parla: la Polic\u00eda desaloja a 80 personas que hab\u00edan entrado horas antes un hotel&hellip;\n","protected":false},"author":2,"featured_media":253518,"comment_status":"","ping_status":"","sticky":false,"template":"","format":"standard","meta":{"footnotes":""},"categories":[8],"tags":[17,18,25,24,13,14,11,19,20,205,9,10,15,16,23,12,21,22],"class_list":{"0":"post-253517","1":"post","2":"type-post","3":"status-publish","4":"format-standard","5":"has-post-thumbnail","7":"category-espana","8":"tag-breaking-news","9":"tag-breakingnews","10":"tag-es","11":"tag-espana","12":"tag-featured-news","13":"tag-featurednews","14":"tag-headlines","15":"tag-latest-news","16":"tag-latestnews","17":"tag-madrid","18":"tag-news","19":"tag-noticias","20":"tag-noticias-destacadas","21":"tag-noticiasdestacadas","22":"tag-spain","23":"tag-titulares","24":"tag-ultimas-noticias","25":"tag-ultimasnoticias"},"share_on_mastodon":{"url":"https:\/\/pubeurope.com\/@es\/115605744777165290","error":""},"_links":{"self":[{"href":"https:\/\/www.europesays.com\/es\/wp-json\/wp\/v2\/posts\/253517","targetHints":{"allow":["GET"]}}],"collection":[{"href":"https:\/\/www.europesays.com\/es\/wp-json\/wp\/v2\/posts"}],"about":[{"href":"https:\/\/www.europesays.com\/es\/wp-json\/wp\/v2\/types\/post"}],"author":[{"embeddable":true,"href":"https:\/\/www.europesays.com\/es\/wp-json\/wp\/v2\/users\/2"}],"replies":[{"embeddable":true,"href":"https:\/\/www.europesays.com\/es\/wp-json\/wp\/v2\/comments?post=253517"}],"version-history":[{"count":0,"href":"https:\/\/www.europesays.com\/es\/wp-json\/wp\/v2\/posts\/253517\/revisions"}],"wp:featuredmedia":[{"embeddable":true,"href":"https:\/\/www.europesays.com\/es\/wp-json\/wp\/v2\/media\/253518"}],"wp:attachment":[{"href":"https:\/\/www.europesays.com\/es\/wp-json\/wp\/v2\/media?parent=253517"}],"wp:term":[{"taxonomy":"category","embeddable":true,"href":"https:\/\/www.europesays.com\/es\/wp-json\/wp\/v2\/categories?post=253517"},{"taxonomy":"post_tag","embeddable":true,"href":"https:\/\/www.europesays.com\/es\/wp-json\/wp\/v2\/tags?post=253517"}],"curies":[{"name":"wp","href":"https:\/\/api.w.org\/{rel}","templated":true}]}}