{"id":253519,"date":"2025-11-24T17:00:13","date_gmt":"2025-11-24T17:00:13","guid":{"rendered":"https:\/\/www.europesays.com\/es\/253519\/"},"modified":"2025-11-24T17:00:13","modified_gmt":"2025-11-24T17:00:13","slug":"la-diputacion-de-almeria-ofrece-los-expedientes-de-todos-los-contratos-tras-la-imputacion-del-expresidente-y-su-numero-dos-noticias-de-andalucia","status":"publish","type":"post","link":"https:\/\/www.europesays.com\/es\/253519\/","title":{"rendered":"La Diputaci\u00f3n de Almer\u00eda ofrece \u201clos expedientes de todos los contratos\u201d tras la imputaci\u00f3n del expresidente y su \u2018n\u00famero dos\u2019 | Noticias de Andaluc\u00eda"},"content":{"rendered":"<p class=\"\">La Diputaci\u00f3n de Almer\u00eda ha celebrado esta ma\u00f1ana <a href=\"https:\/\/dipualmeria.seneca.tv\/watch?id=NWU3NzBlODItYTUxYS00NjkwLThlMjItYTJjNDFmZWI0YjI2&amp;start=1446\" target=\"_blank\" rel=\"noreferrer nofollow noopener\" title=\"https:\/\/dipualmeria.seneca.tv\/watch?id=NWU3NzBlODItYTUxYS00NjkwLThlMjItYTJjNDFmZWI0YjI2&amp;start=1446\">un pleno monogr\u00e1fico y extraordinario a petici\u00f3n del PSOE<\/a> para abordar<a href=\"https:\/\/elpais.com\/espana\/andalucia\/2025-11-18\/detenidos-el-presidente-y-el-vicepresidente-de-la-diputacion-de-almeria-por-contrataciones-irregulares-en-la-compra-de-mascarillas.html\" target=\"_blank\" rel=\"noreferrer nofollow noopener\" title=\"https:\/\/elpais.com\/espana\/andalucia\/2025-11-18\/detenidos-el-presidente-y-el-vicepresidente-de-la-diputacion-de-almeria-por-contrataciones-irregulares-en-la-compra-de-mascarillas.html\"> las detenciones de la semana pasada del ya expresidente y exvicepresidente de la entidad<\/a>, Javier Aureliano Garc\u00eda y Francisco Gim\u00e9nez, en el marco de la investigaci\u00f3n por supuesta contrataci\u00f3n irregular que se remontar\u00eda a 2016 y que forma parte de la instrucci\u00f3n del caso mascarillas, iniciada en 2021. Ambos exdirigentes del PP quedaron <a href=\"https:\/\/elpais.com\/espana\/andalucia\/2025-11-20\/la-uco-amplia-la-investigacion-por-la-supuesta-contratacion-irregular-a-dos-hermanos-del-presidente-de-la-diputacion.html\" target=\"_blank\" rel=\"noreferrer nofollow noopener\" title=\"https:\/\/elpais.com\/espana\/andalucia\/2025-11-20\/la-uco-amplia-la-investigacion-por-la-supuesta-contratacion-irregular-a-dos-hermanos-del-presidente-de-la-diputacion.html\">en libertad con cargos<\/a> por cohecho, malversaci\u00f3n de caudales p\u00fablicos, blanqueo de capitales, tr\u00e1fico de influencias y corrupci\u00f3n en la contrataci\u00f3n p\u00fablica y<a href=\"https:\/\/elpais.com\/espana\/andalucia\/2025-11-21\/el-presidente-de-la-diputacion-de-almeria-dimite-tras-ser-imputado-por-presuntas-contrataciones-irregulares.html\" target=\"_blank\" rel=\"noreferrer nofollow noopener\" title=\"https:\/\/elpais.com\/espana\/andalucia\/2025-11-21\/el-presidente-de-la-diputacion-de-almeria-dimite-tras-ser-imputado-por-presuntas-contrataciones-irregulares.html\"> presentaron su renuncia a sus cargos<\/a> un d\u00eda despu\u00e9s. Durante la sesi\u00f3n, el presidente en funciones, \u00c1ngel Escobar, adem\u00e1s de hacer una vehemente defensa de la presunci\u00f3n de inocencia de sus antiguos compa\u00f1eros de partido, ha ofrecido al grupo socialista y a Vox acceso a \u201ctodos y cada uno de los expedientes de la Diputaci\u00f3n de todas las \u00e1reas\u201d, adem\u00e1s de una comisi\u00f3n de investigaci\u00f3n, \u201cen aras a la transparencia\u201d.<\/p>\n<p class=\"\">El pleno se ha convertido en un intercambio de reproches sobre casos de corrupci\u00f3n que afectan al PP -se\u00f1alado directamente en la trama sobre las presuntas mordidas de entre 200.000 y 400.000 euros por un contrato de material sanitario por valor de dos millones y que ahora se ampl\u00eda a adjudicaciones de contratos menores presuntamente fraudulentos que se extienden hasta 2016, seg\u00fan explic\u00f3 a este diario el abogado de Garc\u00eda, la semana pasada- y al PSOE, tal y como ha puesto de manifiesto el portavoz de los populares almerienses en la Diputaci\u00f3n, Carlos S\u00e1nchez, en su turno de intervenci\u00f3n. \u201cHemos evitado un circo medi\u00e1tico\u201d, ha sostenido al t\u00e9rmino de la sesi\u00f3n, despu\u00e9s de poco m\u00e1s de una hora y cuarto, el presidente en funciones.<\/p>\n<p class=\"\">\u201cLa presunci\u00f3n de inocencia es una garant\u00eda, un derecho fundamental que ha sido ultrajado y vilipendiado. Cualquier posibilidad de defensa ha quedado en el suelo\u201d, ha sostenido Escobar, al t\u00e9rmino del debate, tras defender que el expresidente y vicepresidente de la Diputaci\u00f3n han ejercido sus funciones \u201ccon honestidad\u201d. Tras explicar que no es posible solicitar una auditor\u00eda externa de la instituci\u00f3n, como ha reclamado Vox, el presidente en funciones ha anunciado que, adem\u00e1s de una comisi\u00f3n de infestigaci\u00f3n, ofrec\u00eda a PSOE y a la formaci\u00f3n de extrema derecha \u201cque puedan acceder a todos y cada uno de los expedientes de todas las \u00e1reas, obras menores, licitaciones\u201d, ppata que \u201cante cualquier indicio no tengan la menor duda de ponerlo en conocimiento de las autoridades judiciales, afecte a quien afecte\u201d.<\/p>\n<p class=\"\">Antes, el pleno se ha enredado en el ya consabido y t\u00fa mas, cuando los partidos mayoritarios debaten sobre corrupci\u00f3n \u201cNo nos hagamos los tontos. Esto lo sab\u00edamos todos y lo dijimos desde 2021\u201d, ha comenzado recordando el diputado portavoz del PSOE, Juan Manuel del Real, en alusi\u00f3n a la primera detenci\u00f3n en relaci\u00f3n con el caso mascarillas, <a href=\"https:\/\/elpais.com\/espana\/2021-06-15\/la-guardia-civil-detiene-a-un-vicepresidente-de-la-diputacion-de-almeria-por-comisiones-irregulares-en-la-compra-de-mascarillas.html\" target=\"_blank\" rel=\"noreferrer nofollow noopener\" title=\"https:\/\/elpais.com\/espana\/2021-06-15\/la-guardia-civil-detiene-a-un-vicepresidente-de-la-diputacion-de-almeria-por-comisiones-irregulares-en-la-compra-de-mascarillas.html\">el 15 de junio de 2021, del entonces vicepresidente tercero de la Diputaci\u00f3n, \u00d3scar Liria<\/a>. \u201cNo se hab\u00edan depurado las responsabilidades pol\u00edticas, pero tampoco las penales\u201d, ha incidido sobre el hecho de que en este tiempo el ya n\u00famero dos de la entidad hubiera estado imputado y sobre las \u00faltimas detenciones. \u201cLa UCO est\u00e1 de acuerdo en que el ciudadanos Javier Aureliano Garc\u00eda era el jefe de un entramado criminal para utilizar las contrataciones p\u00fablicas de esta instituci\u00f3n y obtener mordidas y comisiones\u201d, ha afirmado, para hacer responsable tambi\u00e9n de <a href=\"https:\/\/elpais.com\/espana\/2025-11-23\/cuatro-anos-de-blindaje-en-el-pp-de-almeria-de-los-investigados-por-corrupcion.html\" target=\"_blank\" rel=\"noreferrer nofollow noopener\" title=\"https:\/\/elpais.com\/espana\/2025-11-23\/cuatro-anos-de-blindaje-en-el-pp-de-almeria-de-los-investigados-por-corrupcion.html\">esta inacci\u00f3n durante estos cuatro a\u00f1os al presidente de la Junta<\/a>: \u201cEl Gobierno de Juan Manuel Moreno no fue expeditivo en el 21 contra la corrupci\u00f3n en la provincia de Almer\u00eda y no lo es ahora. Moreno se ha hecho el c\u00f3mplice\u201d.<\/p>\n<p class=\"\">El portavoz socialista tambi\u00e9n ha llamado la atenci\u00f3n sobre el hecho de que el PP no haya actuado en <a href=\"https:\/\/elpais.com\/espana\/andalucia\/2025-11-20\/la-uco-amplia-la-investigacion-por-la-supuesta-contratacion-irregular-a-dos-hermanos-del-presidente-de-la-diputacion.html\" target=\"_blank\" rel=\"noreferrer nofollow noopener\" title=\"https:\/\/elpais.com\/espana\/andalucia\/2025-11-20\/la-uco-amplia-la-investigacion-por-la-supuesta-contratacion-irregular-a-dos-hermanos-del-presidente-de-la-diputacion.html\">relaci\u00f3n con el alcalde de T\u00edjola y tambi\u00e9n diputado provincia, Jos\u00e9 Juan Mart\u00ednez,<\/a> investigado la semana pasada en el marco de las contrataciones irregulares en su calidad de titular de la constructora Tagilis -a la que otras mercantiles de la presunta trama, derivaban la ejecuci\u00f3n de las obras adjudicadas-, y a quien la Fiscal\u00eda de Almer\u00eda investiga tambi\u00e9n por supuestas irregularidades urban\u00edsticas y econ\u00f3micas relacionadas con la edificaci\u00f3n de un complejo deportivo, seg\u00fan ha adelantado la agencia Efe esta misma ma\u00f1ana. \u201c\u00bfTiene que detenerlo la UCO para que tomen medidas?\u201d, se ha preguntado Del Real, quien ha advertido al PP de que \u201ctienen que limpiar mucho\u201d, en alusi\u00f3n a las sospechas por corrupci\u00f3n que se ciernen desde la \u00e9poca de Gabriel Amat, el alcalde de Roquetas y que fue presidente de la Diputaci\u00f3n entre 2011 y diciembre de 2018, parte del per\u00edodo al que se remontan las adjudicaciones investigadas en la segunda fase del caso mascarillas.<\/p>\n<p class=\"\">El portavoz del PP no ha esperado para contraatacar contraponiendo los casos de corrupci\u00f3n que afectan al PSOE en esa provincia. \u201cEn los 200 a\u00f1os de historia solo un diputado ha sido condenado y est\u00e1 en la c\u00e1rcel, es el vicepresidente de la Diputaci\u00f3n socialista condenado a c\u00e1rcel por ocho a\u00f1os\u201d, ha dicho S\u00e1nchez en referencia a Luis P\u00e9rez y <a href=\"https:\/\/elpais.com\/ccaa\/2013\/07\/19\/andalucia\/1374262596_765942.html\" target=\"_blank\" rel=\"noreferrer nofollow noopener\" title=\"https:\/\/elpais.com\/ccaa\/2013\/07\/19\/andalucia\/1374262596_765942.html\">su implicaci\u00f3n en el caso facturas.<\/a> \u201cNi Garc\u00eda ni Aureliano han sido juzgados ni procesados\u201d, ha abundado, para pasar a continuaci\u00f3n a enumerar otros casos que est\u00e1n bajo investigaci\u00f3n o denunciados de cargos socialistas en los ayuntamientos de La Garrucha, Lubr\u00edn, Carboneras, Moj\u00e1car o N\u00edjar, con cuya diputada provincial por ese municipio, Esperanza P\u00e9rez, ha sido especialmente duro. \u201cEst\u00e1n inhabilitados para hablar de corrupci\u00f3n\u201d, ha espetado al PSOE de Andaluc\u00eda, tras acusarlos de pedir el pleno para \u201cenmarranarlo todo\u201d.<\/p>\n<p class=\"\"><a href=\"https:\/\/elpais.com\/espana\/2025-11-20\/moreno-dice-estar-sorprendido-por-la-detencion-del-presidente-y-el-vicepresidente-de-la-diputacion-de-almeria.html\" target=\"_blank\" rel=\"noreferrer nofollow noopener\" title=\"https:\/\/elpais.com\/espana\/2025-11-20\/moreno-dice-estar-sorprendido-por-la-detencion-del-presidente-y-el-vicepresidente-de-la-diputacion-de-almeria.html\">Quien ha sacado tajada de este toma y daca<\/a> sobre qui\u00e9n es el campe\u00f3n de la corrupci\u00f3n en la provincia de Almer\u00eda ha sido Vox, que, como suele habitual en estos casos, se ha mostrado equidistante con ambas formaciones. \u201cLo ocurrido en la Diputaci\u00f3n no es un error, es un modelo: adjudicaciones que cumplen la ley por la m\u00ednima y a las que siempre concurren las mismas personas. Son PP y PSOE dos caras de la misma moneda\u201d, ha se\u00f1alado el diputado de la formaci\u00f3n ultra Pedro Manuel Aguera.<\/p>\n<p class=\"\">Este ha sido el primer pleno sin Garc\u00eda al frente desde que tom\u00f3 posesi\u00f3n de su cargo en 2019. Esta misma ma\u00f1ana se ha comunicado la renuncia tanto de \u00e9l como de su n\u00famero dos, por lo que empieza a correr desde este lunes el plazo de 10 d\u00edas para el nombramiento del nuevo presidente de la Diputaci\u00f3n de Almer\u00eda. Una tarea en la que, como en el caso del nuevo secretario general del PP de Almer\u00eda, la direcci\u00f3n del partido est\u00e1 haciendo una b\u00fasqueda con lupa para evitar nombrar a nadie se\u00f1alado o bajo sospecha de comportamientos irregulares y que, a la vez, sea de la confianza del nuevo presidente de la formaci\u00f3n, Ram\u00f3n Fern\u00e1ndez Pacheco -tras la suspensi\u00f3n de militancia de Garc\u00eda, que era su presidente desde junio de 2021, justo cuando estall\u00f3 el caso mascarillas. Fuentes del PP almeriense indican a este diario que no hay prisa por confirmar a su sucesor.<\/p>\n<p class=\"\">Las funciones como consejero de Agricultura de Fern\u00e1ndez Pacheco le impiden tener un control exhaustivo del d\u00eda a d\u00eda de una agrupaci\u00f3n clave para consolidar la ansiada mayor\u00eda absoluta de Moreno en la comunidad y cuya hegemon\u00eda en ese territorio ha puesto en jaque el ascenso de Vox. Esta tarde se re\u00fane la Junta Directiva Provincial del PP de Almer\u00eda en Roquetas de Mar, donde el presidente de honor de la formaci\u00f3n, Gabriel Amat, gobierna con mano firme desde 1995.<\/p>\n","protected":false},"excerpt":{"rendered":"La Diputaci\u00f3n de Almer\u00eda ha celebrado esta ma\u00f1ana un pleno monogr\u00e1fico y extraordinario a petici\u00f3n del PSOE para&hellip;\n","protected":false},"author":2,"featured_media":253520,"comment_status":"","ping_status":"","sticky":false,"template":"","format":"standard","meta":{"footnotes":""},"categories":[5],"tags":[259,17,18,767,62310,25,24,13,14,11,26166,26165,19,20,9,10,15,16,45688,63992,2581,23,12,493,21,22,624],"class_list":{"0":"post-253519","1":"post","2":"type-post","3":"status-publish","4":"format-standard","5":"has-post-thumbnail","7":"category-titulares","8":"tag-andalucia","9":"tag-breaking-news","10":"tag-breakingnews","11":"tag-corrupcion","12":"tag-diputacion-provincial-almeria","13":"tag-es","14":"tag-espana","15":"tag-featured-news","16":"tag-featurednews","17":"tag-headlines","18":"tag-juan-manuel-moreno","19":"tag-junta-andalucia","20":"tag-latest-news","21":"tag-latestnews","22":"tag-news","23":"tag-noticias","24":"tag-noticias-destacadas","25":"tag-noticiasdestacadas","26":"tag-pp-a","27":"tag-provincia-almeria","28":"tag-psoe-a","29":"tag-spain","30":"tag-titulares","31":"tag-tribunales","32":"tag-ultimas-noticias","33":"tag-ultimasnoticias","34":"tag-vox"},"share_on_mastodon":{"url":"","error":"Validation failed: Text character limit of 500 exceeded"},"_links":{"self":[{"href":"https:\/\/www.europesays.com\/es\/wp-json\/wp\/v2\/posts\/253519","targetHints":{"allow":["GET"]}}],"collection":[{"href":"https:\/\/www.europesays.com\/es\/wp-json\/wp\/v2\/posts"}],"about":[{"href":"https:\/\/www.europesays.com\/es\/wp-json\/wp\/v2\/types\/post"}],"author":[{"embeddable":true,"href":"https:\/\/www.europesays.com\/es\/wp-json\/wp\/v2\/users\/2"}],"replies":[{"embeddable":true,"href":"https:\/\/www.europesays.com\/es\/wp-json\/wp\/v2\/comments?post=253519"}],"version-history":[{"count":0,"href":"https:\/\/www.europesays.com\/es\/wp-json\/wp\/v2\/posts\/253519\/revisions"}],"wp:featuredmedia":[{"embeddable":true,"href":"https:\/\/www.europesays.com\/es\/wp-json\/wp\/v2\/media\/253520"}],"wp:attachment":[{"href":"https:\/\/www.europesays.com\/es\/wp-json\/wp\/v2\/media?parent=253519"}],"wp:term":[{"taxonomy":"category","embeddable":true,"href":"https:\/\/www.europesays.com\/es\/wp-json\/wp\/v2\/categories?post=253519"},{"taxonomy":"post_tag","embeddable":true,"href":"https:\/\/www.europesays.com\/es\/wp-json\/wp\/v2\/tags?post=253519"}],"curies":[{"name":"wp","href":"https:\/\/api.w.org\/{rel}","templated":true}]}}