{"id":253523,"date":"2025-11-24T17:06:09","date_gmt":"2025-11-24T17:06:09","guid":{"rendered":"https:\/\/www.europesays.com\/es\/253523\/"},"modified":"2025-11-24T17:06:09","modified_gmt":"2025-11-24T17:06:09","slug":"agenda-de-la-semana-pocas-competiciones-y-todo-el-foco-puesto-en-flamanville","status":"publish","type":"post","link":"https:\/\/www.europesays.com\/es\/253523\/","title":{"rendered":"Agenda de la semana: pocas competiciones y todo el foco puesto en Flamanville"},"content":{"rendered":"<p>La agenda de la semana ha quedado muy reducida hasta el l\u00edmite de que apenas hay cuatro competiciones en todo el mundo, con un peque\u00f1o campeonato nacional y dos pruebas de nivel C2, una en Rep\u00fablica Checa y otra en Grecia. \u00bfPor qu\u00e9? Muy sencillo: cada vez que el ciclocross abandona B\u00e9lgica y Pa\u00edses Bajos, la Uni\u00f3n Ciclista Internacional trata de proteger esa carrera dej\u00e1ndola como \u00fanica alternativa razonable dentro del calendario mundial.<\/p>\n<p>Y eso es precisamente lo que ocurrir\u00e1 este pr\u00f3ximo fin de semana: tenemos <strong>Copa del Mundo de ciclocross<\/strong> en Francia. En concreto, la prueba se disputar\u00e1 el domingo 30 de noviembre en <strong>Flamanville.<\/strong> Y eso ha propiciado que no haya alternativas en Pa\u00edses Bajos ni B\u00e9lgica, lo que obligar\u00e1 a todo el circo mundial del ciclocross a desplazarse a Francia y disputar la segunda de las pruebas de la challenge m\u00e1s importante del mundo.<\/p>\n<p>CALENDARIO DE CICLOCROSS<\/p>\n<p>29.11 HSF System Cup Kolin. Rep\u00fablica Checa. C2<br \/>30.11 Copa del Mundo Flamanville. Francia. CDM<br \/>30.11 Hellenic Cyclo-Cross Prestige Race Larissa. Grecia. C2<br \/>30.11 Campeonato de Eslovaquia Trnava. CN<\/p>\n","protected":false},"excerpt":{"rendered":"La agenda de la semana ha quedado muy reducida hasta el l\u00edmite de que apenas hay cuatro competiciones&hellip;\n","protected":false},"author":2,"featured_media":253524,"comment_status":"","ping_status":"","sticky":false,"template":"","format":"standard","meta":{"footnotes":""},"categories":[273],"tags":[313,312,168,25,24,23,167],"class_list":{"0":"post-253523","1":"post","2":"type-post","3":"status-publish","4":"format-standard","5":"has-post-thumbnail","7":"category-ciclismo","8":"tag-ciclismo","9":"tag-cycling","10":"tag-deportes","11":"tag-es","12":"tag-espana","13":"tag-spain","14":"tag-sports"},"share_on_mastodon":{"url":"https:\/\/pubeurope.com\/@es\/115605771600207856","error":""},"_links":{"self":[{"href":"https:\/\/www.europesays.com\/es\/wp-json\/wp\/v2\/posts\/253523","targetHints":{"allow":["GET"]}}],"collection":[{"href":"https:\/\/www.europesays.com\/es\/wp-json\/wp\/v2\/posts"}],"about":[{"href":"https:\/\/www.europesays.com\/es\/wp-json\/wp\/v2\/types\/post"}],"author":[{"embeddable":true,"href":"https:\/\/www.europesays.com\/es\/wp-json\/wp\/v2\/users\/2"}],"replies":[{"embeddable":true,"href":"https:\/\/www.europesays.com\/es\/wp-json\/wp\/v2\/comments?post=253523"}],"version-history":[{"count":0,"href":"https:\/\/www.europesays.com\/es\/wp-json\/wp\/v2\/posts\/253523\/revisions"}],"wp:featuredmedia":[{"embeddable":true,"href":"https:\/\/www.europesays.com\/es\/wp-json\/wp\/v2\/media\/253524"}],"wp:attachment":[{"href":"https:\/\/www.europesays.com\/es\/wp-json\/wp\/v2\/media?parent=253523"}],"wp:term":[{"taxonomy":"category","embeddable":true,"href":"https:\/\/www.europesays.com\/es\/wp-json\/wp\/v2\/categories?post=253523"},{"taxonomy":"post_tag","embeddable":true,"href":"https:\/\/www.europesays.com\/es\/wp-json\/wp\/v2\/tags?post=253523"}],"curies":[{"name":"wp","href":"https:\/\/api.w.org\/{rel}","templated":true}]}}