{"id":253527,"date":"2025-11-24T17:09:12","date_gmt":"2025-11-24T17:09:12","guid":{"rendered":"https:\/\/www.europesays.com\/es\/253527\/"},"modified":"2025-11-24T17:09:12","modified_gmt":"2025-11-24T17:09:12","slug":"gonzalo-petit-fuerza-un-cambio-en-su-situacion-en-el-mirandes-ante-la-presion-del-betis","status":"publish","type":"post","link":"https:\/\/www.europesays.com\/es\/253527\/","title":{"rendered":"Gonzalo Petit fuerza un cambio en su situaci\u00f3n en el Mirand\u00e9s ante la presi\u00f3n del Betis"},"content":{"rendered":"<p>El charr\u00faa respondi\u00f3 de nuevo a su continuada suplencia, tambi\u00e9n con Jes\u00fas Galv\u00e1n, con su quinto gol de la temporada como llamamiento para voltear de inmediato su rol ante la postura del Betis  <\/p>\n<p class=\"parrafo\">Antes del partido contra el M\u00e1laga, el nuevo entrenador del Mirand\u00e9s, el exsevillista <strong>Jes\u00fas Galv\u00e1n<\/strong>, <strong>cerr\u00f3 la puerta de salida en enero de Gonzalo Petit<\/strong>, delantero cedido hasta final de curso con la opci\u00f3n de romperla si el Betis lo estima conveniente por falta del protagonismo deseado. En este sentido, el preparador pidi\u00f3 paciencia y tiempo para ir introduciendo cambios a medida que conozca mejor a la plantilla.<\/p>\n<p class=\"parrafo\"><strong>\u00abDesconozco la situaci\u00f3n del Betis, pero Petit es un futbolista importante para nosotros, <\/strong>aunque ahora mismo no est\u00e9 contando como titular. Ha tenido participaci\u00f3n en estos dos \u00faltimos partidos. En el primero, ante el Sporting de Gij\u00f3n, marc\u00f3 el gol de la victoria y en el otro tuvo 15 o 20 minutos m\u00e1s el tiempo de prolongaci\u00f3n. <strong>Es un futbolista al que hay que darle paso poco a poco. <\/strong>Seguramente tendr\u00e1 m\u00e1s participaci\u00f3n con tiempo. Es un jugador que nos da mucho\u00bb, se\u00f1al\u00f3 Galv\u00e1n que, sin embargo, en el encuentro de ayer en La Rosaleda <strong>volvi\u00f3 a dejarle en el banquillo<\/strong>.<\/p>\n<p>Petit fue otra vez suplente y marc\u00f3 a los cinco minutos de entrar <\/p>\n<p class=\"parrafo\">En este sentido, el preparador sevillano apost\u00f3 por Mar\u00ed y Carlos Fern\u00e1ndez en detrimento del charr\u00faa, que <strong>enlaza seis choques sin ser titular en Segunda, y casi un mes <\/strong>tras formar en el once de la Copa contra el Astorga.<\/p>\n<p><a class=\"elementos-rel-t2\" href=\"https:\/\/www.estadiodeportivo.com\/futbol\/betis\/jesus-galvan-tiene-muy-claro-futuro-gonzalo-petit-mirandes-desconozco-situacion-del-betis-20251122-521217.html\" title=\"Jes\u00fas Galv\u00e1n tiene muy claro el futuro de Gonzalo Petit en el Mirand\u00e9s: &quot;Desconozco la situaci\u00f3n del Betis&quot; \" rel=\"nofollow noopener\" target=\"_blank\">Jes\u00fas Galv\u00e1n tiene muy claro el futuro de Gonzalo Petit en el Mirand\u00e9s: \u00abDesconozco la situaci\u00f3n del Betis\u00bb <img decoding=\"async\" src=\"https:\/\/www.europesays.com\/es\/wp-content\/uploads\/2025\/11\/9761bbd1-912a-4c90-9b57-11c3e7c77918_320x180.jpeg\" alt=\"Jes\u00fas Galv\u00e1n tiene muy claro el futuro de Gonzalo Petit en el Mirand\u00e9s: &quot;Desconozco la situaci\u00f3n del Betis&quot; \"\/><\/a><a class=\"elementos-rel-t2\" href=\"https:\/\/www.estadiodeportivo.com\/futbol\/betis\/vida-sigue-igual-con-galvan-situacion-petit-preocupa-ocupa-20251116-520567.html\" title=\"La vida sigue igual con Galv\u00e1n: la situaci\u00f3n de Petit preocupa y ya ocupa\" rel=\"nofollow noopener\" target=\"_blank\">La vida sigue igual con Galv\u00e1n: la situaci\u00f3n de Petit preocupa y ya ocupa<img decoding=\"async\" src=\"https:\/\/www.europesays.com\/es\/wp-content\/uploads\/2025\/11\/b4885de1-6b28-4526-868f-b47a527e0048_320x180.jpeg\" alt=\"La vida sigue igual con Galv\u00e1n: la situaci\u00f3n de Petit preocupa y ya ocupa\"\/><\/a><a class=\"elementos-rel-t2\" href=\"https:\/\/www.estadiodeportivo.com\/futbol\/betis\/petit-otra-vez-saliendo-desde-banquillo-allana-desembarco-galvan-con-gol-20251107-519504.html\" title=\"Petit, otra vez saliendo desde el banquillo, allana el desembarco de Galv\u00e1n con un gol en el 88\" rel=\"nofollow noopener\" target=\"_blank\">Petit, otra vez saliendo desde el banquillo, allana el desembarco de Galv\u00e1n con un gol en el 88<img decoding=\"async\" src=\"https:\/\/www.europesays.com\/es\/wp-content\/uploads\/2025\/11\/398968b6-8406-4107-a4aa-29a28ff8103e_320x180.jpeg\" alt=\"Petit, otra vez saliendo desde el banquillo, allana el desembarco de Galv\u00e1n con un gol en el 88\"\/><\/a><\/p>\n<p class=\"parrafo\">As\u00ed, el punta uruguayo de 19 a\u00f1os no entr\u00f3 en el campo en el minuto 74 y, una vez m\u00e1s, <strong>se reivindic\u00f3, al aprovechar su tiempo con el gol que supuso el 2-2 solo cinco minutos despu\u00e9s de entrar. <\/strong>Petit evidenci\u00f3 su poder\u00edo a\u00e9reo con un cabezazo muy potente llegando desde atr\u00e1s con el que el Mirand\u00e9s neutralizaba el 2-0 al descanso, si bien el M\u00e1laga terminar\u00eda por llevarse el triunfo.<\/p>\n<p>Petit promedia un gol cada 118 minutos y el Betis no descartar una medida dr\u00e1stica  <\/p>\n<p class=\"parrafo\">Ya marc\u00f3 hace tres jornadas contra el Sporting en los que 15 minutos que disfrut\u00f3, y <strong>ayer confirm\u00f3 su intenci\u00f3n de forzar el cambio de su situaci\u00f3n en Anduva a base de goles. <\/strong>De hecho, a pesar de haber sido titular \u00fanicamente en seis partidos, <strong>ya suma cinco goles, cuatro en liga y uno en la Copa, y registra un promedio nada desde\u00f1able de un gol cada 118 minutos. <\/strong>Argumento que deber\u00eda propiciar que Galv\u00e1n, al contrario que Fran Justo, modifique su plan con el charr\u00faa, pues, de lo contrario, podr\u00eda perder en enero al segundo m\u00e1ximo goleador de su equipo.<\/p>\n<p class=\"parrafo\">En este sentido, como ya apunt\u00f3 ESTADIO Deportivo, <strong>el Betis baraja romper la cesi\u00f3n para enviarlo a otro club <\/strong>en el que desempe\u00f1e un rol principal, lo que suceder\u00e1 si los goles de Petit no valen de aqu\u00ed a enero para ganarse un puesto en el once y, disfrutar, al fin, de continuidad.<\/p>\n","protected":false},"excerpt":{"rendered":"El charr\u00faa respondi\u00f3 de nuevo a su continuada suplencia, tambi\u00e9n con Jes\u00fas Galv\u00e1n, con su quinto gol de&hellip;\n","protected":false},"author":2,"featured_media":253528,"comment_status":"","ping_status":"","sticky":false,"template":"","format":"standard","meta":{"footnotes":""},"categories":[268],"tags":[168,25,24,284,280,282,6922,286,281,23,167],"class_list":{"0":"post-253527","1":"post","2":"type-post","3":"status-publish","4":"format-standard","5":"has-post-thumbnail","7":"category-futbol","8":"tag-deportes","9":"tag-es","10":"tag-espana","11":"tag-estadio-deportivo","12":"tag-football","13":"tag-futbol","14":"tag-mirandes","15":"tag-real-betis-balompie","16":"tag-soccer","17":"tag-spain","18":"tag-sports"},"share_on_mastodon":{"url":"https:\/\/pubeurope.com\/@es\/115605783817990213","error":""},"_links":{"self":[{"href":"https:\/\/www.europesays.com\/es\/wp-json\/wp\/v2\/posts\/253527","targetHints":{"allow":["GET"]}}],"collection":[{"href":"https:\/\/www.europesays.com\/es\/wp-json\/wp\/v2\/posts"}],"about":[{"href":"https:\/\/www.europesays.com\/es\/wp-json\/wp\/v2\/types\/post"}],"author":[{"embeddable":true,"href":"https:\/\/www.europesays.com\/es\/wp-json\/wp\/v2\/users\/2"}],"replies":[{"embeddable":true,"href":"https:\/\/www.europesays.com\/es\/wp-json\/wp\/v2\/comments?post=253527"}],"version-history":[{"count":0,"href":"https:\/\/www.europesays.com\/es\/wp-json\/wp\/v2\/posts\/253527\/revisions"}],"wp:featuredmedia":[{"embeddable":true,"href":"https:\/\/www.europesays.com\/es\/wp-json\/wp\/v2\/media\/253528"}],"wp:attachment":[{"href":"https:\/\/www.europesays.com\/es\/wp-json\/wp\/v2\/media?parent=253527"}],"wp:term":[{"taxonomy":"category","embeddable":true,"href":"https:\/\/www.europesays.com\/es\/wp-json\/wp\/v2\/categories?post=253527"},{"taxonomy":"post_tag","embeddable":true,"href":"https:\/\/www.europesays.com\/es\/wp-json\/wp\/v2\/tags?post=253527"}],"curies":[{"name":"wp","href":"https:\/\/api.w.org\/{rel}","templated":true}]}}