{"id":253529,"date":"2025-11-24T17:10:11","date_gmt":"2025-11-24T17:10:11","guid":{"rendered":"https:\/\/www.europesays.com\/es\/253529\/"},"modified":"2025-11-24T17:10:11","modified_gmt":"2025-11-24T17:10:11","slug":"la-jubilacion-dorada-de-jordi-gonzalez-tras-salir-del-coma-y-una-carrera-de-exito-cobraba-120-000-euros-por-programa","status":"publish","type":"post","link":"https:\/\/www.europesays.com\/es\/253529\/","title":{"rendered":"La jubilaci\u00f3n dorada de Jordi Gonz\u00e1lez tras salir del coma y una carrera de \u00e9xito: \u00abCobraba 120.000 euros por programa\u00bb"},"content":{"rendered":"<p>El a\u00f1o 2025 no ha sido f\u00e1cil para <strong><a href=\"https:\/\/www.libertaddigital.com\/personajes\/jordi-gonzalez\/\" rel=\"noreferrer noopener nofollow\" target=\"_blank\">Jordi Gonz\u00e1lez<\/a><\/strong>. Tras cinco meses desaparecido de la televisi\u00f3n, el presentador catal\u00e1n confes\u00f3 el pasado mes de mayo que estuvo <a href=\"https:\/\/www.libertaddigital.com\/chic\/corazon\/2025-05-14\/jordi-gonzalez-a-punto-de-morir-he-estado-tres-semanas-en-coma-7254260\/\" rel=\"noreferrer noopener nofollow\" target=\"_blank\">a punto de perder la vida<\/a> tras infectarse con una bacteria en Colombia, lo que le llev\u00f3 a pasar tres semanas en coma e ingresado en la UCI. Ahora, tras una larga carrera profesional de 30 a\u00f1os, <strong>ha decidido jubilarse<\/strong> y Col\u00b7lapse, el programa que presenta en TV3, ser\u00e1 el \u00faltimo en el que participe.<\/p>\n<p>As\u00ed lo ha confirmado en una entrevista en el diario ARA: \u00abLleg\u00f3 la propuesta de TVE con un programa con reputaci\u00f3n, audiencia, solvente. No solo lo presento, sino que tambi\u00e9n soy director. <strong>Es una manera muy satisfactoria de acabar una carrera<\/strong>\u00ab, confes\u00f3, completamente decidido a retirarse y disfrutar del tiempo libre que tiene por delante.<\/p>\n<p>Echando la vista atr\u00e1s, Jordi Gonz\u00e1lez recuerda con orgullo los mejores a\u00f1os de su carrera, marcados por sus 25 a\u00f1os como presentador de Telecinco, cuando la cadena, con Paolo Vasile al mando, arrasaba en audiencias y viv\u00eda su \u00e9poca dorada: \u00abFicharon a Ana Rosa, Jes\u00fas V\u00e1zquez y Pedro Piqueras. Vasile nos dec\u00eda que \u00e9ramos la aristocracia de la tele. Mi mejor sueldo lo llegu\u00e9 a ganar en el a\u00f1o 1999. <strong>Cobraba 20 millones de pesetas, 120.000 euros por programa<\/strong>, no por temporada\u00bb.<\/p>\n<p>Tras una larga etapa en Mediaset, ha estado varios a\u00f1os vinculado a La 1 de TVE con programas como Lazos de Sangre y D Coraz\u00f3n y considera que es hora de descansar, ya que ha amasado una buena cantidad de dinero y no tiene hijos a los que mantener. Adem\u00e1s, tiene muy claros sus planes m\u00e1s inmediatos cuando se jubile: \u00abAl d\u00eda siguiente ir\u00e9 a Jap\u00f3n, que todav\u00eda no he ido. Quiero aprender ingl\u00e9s y aprender a cocinar. Son las cosas que me propuse cuando ten\u00eda 40 a\u00f1os y que todav\u00eda no he podido hacer\u00bb, revel\u00f3.<\/p>\n<p>Problemas de salud<\/p>\n<p>Gonz\u00e1lez protagoniz\u00f3 la portada de la revista Semana en mayo, cuando confes\u00f3 abiertamente que estuvo \u00aba punto de morir\u00bb. \u00abHe tenido una neumon\u00eda bilateral, esa enfermedad de la que se mueren los papas\u00bb. Estuvo ingresado en dos hospitales en Medell\u00edn y no pudo regresar a Espa\u00f1a hasta marzo, donde se trat\u00f3 en un hospital madrile\u00f1o: \u00abPas\u00e9 momentos muy cr\u00edticos, creyeron que no lo contaba, pero los m\u00e9dicos me dijeron que hab\u00eda salido adelante porque estaba delgado y porque mi edad biol\u00f3gica es la mitad de los a\u00f1os que tengo, \u00a1yo tambi\u00e9n soy una especie de eterno adolescente!\u00bb.<\/p>\n<p>Despu\u00e9s de pasar una situaci\u00f3n tan cr\u00edtica, ahora encara la vida \u00abde otra forma\u00bb: \u00abDurante un tiempo ten\u00eda pesadillas todas las noches con lo que me ha ocurrido. Ahora veo mi vida de otra manera. Me han cambiado las prioridades. <strong>Me voy a dar prioridad a m\u00ed mismo<\/strong>. Voy a ser menos Gonz\u00e1lez y m\u00e1s Jordi. Me ha encantado notar el cari\u00f1o de la gente\u00bb.<\/p>\n","protected":false},"excerpt":{"rendered":"El a\u00f1o 2025 no ha sido f\u00e1cil para Jordi Gonz\u00e1lez. Tras cinco meses desaparecido de la televisi\u00f3n, el&hellip;\n","protected":false},"author":2,"featured_media":253530,"comment_status":"","ping_status":"","sticky":false,"template":"","format":"standard","meta":{"footnotes":""},"categories":[174],"tags":[255,146,147,25,24,256,44752,23],"class_list":{"0":"post-253529","1":"post","2":"type-post","3":"status-publish","4":"format-standard","5":"has-post-thumbnail","7":"category-famosos","8":"tag-celebrities","9":"tag-entertainment","10":"tag-entretenimiento","11":"tag-es","12":"tag-espana","13":"tag-famosos","14":"tag-jordi-gonzalez","15":"tag-spain"},"share_on_mastodon":{"url":"https:\/\/pubeurope.com\/@es\/115605787718023877","error":""},"_links":{"self":[{"href":"https:\/\/www.europesays.com\/es\/wp-json\/wp\/v2\/posts\/253529","targetHints":{"allow":["GET"]}}],"collection":[{"href":"https:\/\/www.europesays.com\/es\/wp-json\/wp\/v2\/posts"}],"about":[{"href":"https:\/\/www.europesays.com\/es\/wp-json\/wp\/v2\/types\/post"}],"author":[{"embeddable":true,"href":"https:\/\/www.europesays.com\/es\/wp-json\/wp\/v2\/users\/2"}],"replies":[{"embeddable":true,"href":"https:\/\/www.europesays.com\/es\/wp-json\/wp\/v2\/comments?post=253529"}],"version-history":[{"count":0,"href":"https:\/\/www.europesays.com\/es\/wp-json\/wp\/v2\/posts\/253529\/revisions"}],"wp:featuredmedia":[{"embeddable":true,"href":"https:\/\/www.europesays.com\/es\/wp-json\/wp\/v2\/media\/253530"}],"wp:attachment":[{"href":"https:\/\/www.europesays.com\/es\/wp-json\/wp\/v2\/media?parent=253529"}],"wp:term":[{"taxonomy":"category","embeddable":true,"href":"https:\/\/www.europesays.com\/es\/wp-json\/wp\/v2\/categories?post=253529"},{"taxonomy":"post_tag","embeddable":true,"href":"https:\/\/www.europesays.com\/es\/wp-json\/wp\/v2\/tags?post=253529"}],"curies":[{"name":"wp","href":"https:\/\/api.w.org\/{rel}","templated":true}]}}