{"id":253551,"date":"2025-11-24T17:23:12","date_gmt":"2025-11-24T17:23:12","guid":{"rendered":"https:\/\/www.europesays.com\/es\/253551\/"},"modified":"2025-11-24T17:23:12","modified_gmt":"2025-11-24T17:23:12","slug":"tono-sanchis-condenado-a-dos-anos-de-carcel-por-apropiarse-de-mas-de-400-000-euros-de-belen-esteban-gente","status":"publish","type":"post","link":"https:\/\/www.europesays.com\/es\/253551\/","title":{"rendered":"To\u00f1o Sanch\u00eds, condenado a dos a\u00f1os de c\u00e1rcel por apropiarse de m\u00e1s de 400.000 euros de Bel\u00e9n Esteban | Gente"},"content":{"rendered":"<p class=\"\">La Audiencia de Madrid ha condenado a dos a\u00f1os de c\u00e1rcel <a href=\"https:\/\/elpais.com\/gente\/2025-10-10\/la-fiscalia-pide-tres-anos-y-medio-de-carcel-para-tono-sanchis-por-apropiarse-de-dinero-de-belen-esteban.html\" target=\"_blank\" rel=\"noreferrer nofollow noopener\" title=\"https:\/\/elpais.com\/gente\/2025-10-10\/la-fiscalia-pide-tres-anos-y-medio-de-carcel-para-tono-sanchis-por-apropiarse-de-dinero-de-belen-esteban.html\">al expresentante de Bel\u00e9n Esteban, To\u00f1o Sanch\u00eds<\/a> (Madrid, 52 a\u00f1os), al considerar acreditado que se vali\u00f3 de la \u201cconfianza plena\u201d de la colaboradora televisiva para cobrarle durante a\u00f1os una comisi\u00f3n mayor a la estipulada, <a href=\"https:\/\/elpais.com\/gente\/2025-10-20\/tono-sanchis-exrepresentante-de-belen-esteban-niega-que-manejase-la-comision-de-la-colaboradora-en-su-juicio-por-apropiacion-indebida.html\" target=\"_blank\" rel=\"noreferrer nofollow noopener\" title=\"https:\/\/elpais.com\/gente\/2025-10-20\/tono-sanchis-exrepresentante-de-belen-esteban-niega-que-manejase-la-comision-de-la-colaboradora-en-su-juicio-por-apropiacion-indebida.html\">apropi\u00e1ndose indebidamente de m\u00e1s de 400.000 euros<\/a>. En la resoluci\u00f3n de este lunes 24 de noviembre, a la que ha tenido acceso la agencia Efe, los magistrados tambi\u00e9n condenan a Sanch\u00eds a una multa de 2.100 euros y a que indemnice a Bel\u00e9n Esteban con una cantidad que se determinar\u00e1 m\u00e1s adelante, en la ejecuci\u00f3n de la sentencia.<\/p>\n<p class=\"\">Esta cantidad se calcular\u00e1 restando a los 475.571 euros apropiados indebidamente (que es la cantidad que considera probada la sentencia finalmente) los 49.000 euros que Esteban ya cobr\u00f3 en un proceso civil anterior y el dinero realmente percibido por la <a href=\"https:\/\/elpais.com\/elpais\/2019\/04\/15\/gente\/1555347359_063137.html\" target=\"_blank\" rel=\"noreferrer nofollow noopener\" title=\"https:\/\/elpais.com\/elpais\/2019\/04\/15\/gente\/1555347359_063137.html\">adjudicaci\u00f3n de una vivienda<\/a> en ese mismo proceso previo. En esa ocasi\u00f3n, se conden\u00f3 a la agencia de Sanch\u00eds \u2014Agencia de Servicios Lorant S.L.\u2014 a pagar un total de 388.868 euros a Esteban, pero esta solo cobr\u00f3 una parte en efectivo y 375.000 euros por la adjudicaci\u00f3n de una vivienda en la localidad madrile\u00f1a de Villanueva del Pardillo que estaba gravada con una hipoteca de m\u00e1s de 200.000 eros y que luego ella vendi\u00f3. <a href=\"https:\/\/elpais.com\/gente\/2025-10-13\/arranca-el-juicio-contra-tono-sanchis-acusado-de-apropiarse-de-dinero-de-belen-esteban.html\" target=\"_blank\" rel=\"noreferrer nofollow noopener\" title=\"https:\/\/elpais.com\/gente\/2025-10-13\/arranca-el-juicio-contra-tono-sanchis-acusado-de-apropiarse-de-dinero-de-belen-esteban.html\">La colaboradora televisiva<\/a> decidi\u00f3 entonces comenzar el proceso que lleg\u00f3 a juicio en octubre y cuya sentencia se ha dictado ahora.<\/p>\n<p>M\u00e1s informaci\u00f3n<\/p>\n<p class=\"\">La sentencia de la secci\u00f3n cuarta de la audiencia madrile\u00f1a considera probado que, entre el 13 de mayo de 2009 y diciembre de 2015 \u2014a\u00f1o en que Esteban rompi\u00f3 la relaci\u00f3n laboral con Sanch\u00eds tras encontrar supuestas irregularidades en sus cuentas\u2014, el acusado percibi\u00f3 cerca de 400.000 euros \u201ccomo consecuencia de aplicar una comisi\u00f3n superior a la del 20% que estaba estipulada en el contrato\u201d firmado entre su agencia de representaci\u00f3n y la empresa de Bel\u00e9n Esteban. \u201cLa confianza que ten\u00eda depositada do\u00f1a Bel\u00e9n Esteban en el acusado se\u00f1or Sanch\u00eds Garc\u00eda era plena, de tal forma que la se\u00f1ora Esteban no supervisaba la correcci\u00f3n de los c\u00e1lculos del porcentaje pactado, limit\u00e1ndose a percibir las cantidades que le eran abonadas, hasta que en el a\u00f1o 2015 detecta irregularidades\u201d, se lee en la sentencia. La resoluci\u00f3n incide en que la relaci\u00f3n que manten\u00eda Esteban con Sanch\u00eds era de \u201cestrecha amistad\u201d, motivo por el que ella \u201cse desentend\u00eda de sus asuntos, poni\u00e9ndolos completamente en manos del acusado\u201d. <\/p>\n<p><img alt=\"Bel\u00e9n Esteban y Miguel Marco\" decoding=\"auto\" class=\"_re lazyload a_m-h\" height=\"311\"  width=\"414\"  src=\"https:\/\/www.europesays.com\/es\/wp-content\/uploads\/2025\/11\/IXOTM7XTDRHA3NGPC7SEFK2UIA.jpg\" loading=\"lazy\"\/>Bel\u00e9n Esteban, acompa\u00f1ada de su marido, Miguel Marcos, en las inmediaciones de la Audiencia Provincial de Madrid el 13 de octubre de 2025.Paqui Gallego (EFE)<\/p>\n<p class=\"\">En el juicio, la Fiscal\u00eda acus\u00f3 a Sanch\u00eds de apropiaci\u00f3n indebida continuada, cometida entre 2009 y 2015, delito por el que pidi\u00f3 tres a\u00f1os y medio de c\u00e1rcel y que indemnizara a Esteban con el dinero que a\u00fan no le ha devuelto (que calcul\u00f3 en 339.549 euros). Por su parte, el letrado de la denunciante, Carlos Aguirre de C\u00e1rcer, de Santiago Mediano Abogados, solicit\u00f3 cuatro a\u00f1os y medio de c\u00e1rcel para el acusado y que la indemnizara con 475.571 euros, ya que esta es la cantidad que determinan los informes elaborados.<\/p>\n<p class=\"\">Por su parte, el abogado de la defensa solicit\u00f3 la libre absoluci\u00f3n alegando que Sanch\u00eds no cometi\u00f3 el delito que se le imputa, como defendi\u00f3 el acusado al declarar en el juicio, en el que dijo que Bel\u00e9n Esteban sab\u00eda que la comisi\u00f3n hab\u00eda aumentado y sab\u00eda lo que firmaba y cobraba. Durante su escueta declaraci\u00f3n el pasado 20 de octubre, solo contest\u00f3 a preguntas de su letrado, y cont\u00f3 que su mujer cre\u00f3 Agencia de Servicios Lorant S.L. en el a\u00f1o 2000 y \u00e9l era socio al 50%. Tambi\u00e9n explic\u00f3 que \u00e9l se ce\u00f1\u00eda a la representaci\u00f3n art\u00edstica, y \u201cno decid\u00eda absolutamente nada\u201d m\u00e1s. <\/p>\n<p class=\"\">Sin embargo, la Sala tambi\u00e9n ha considerado probado este lunes que Sanch\u00eds era la persona que llevaba la gesti\u00f3n y administraci\u00f3n de la Agencia de Servicios Lorant S.L, siendo la persona que \u201ccapt\u00f3 a Bel\u00e9n Esteban como cliente, quien entabl\u00f3 una relaci\u00f3n de confianza, negoci\u00f3 el contrato de representaci\u00f3n y quien decid\u00eda el porcentaje del dinero entregado por las productoras que deb\u00eda facturar a favor de las mercantiles de Bel\u00e9n Esteban, as\u00ed como el destino de la diferencia que no se abonaba, quien decidi\u00f3 aumentar el porcentaje y disponer de la diferencia\u201d. De momento, se desconoce si el abogado de Sanch\u00eds va a recurrir la sentencia.<\/p>\n<p class=\"\">La separaci\u00f3n entre representante \u2014en cuya carteta de clientes hab\u00eda otros famosos, como Terelu Campos, \u00c1lvaro Mu\u00f1oz Escassi o Ylenia Padilla\u2014 y representada fue muy sonada y ocup\u00f3 varias horas de televisi\u00f3n, sobre todo en S\u00e1lvame, donde Esteban era tertuliana. Anteriormente, Esteban ya hab\u00eda hablado sobre este tema en televisi\u00f3n, donde cont\u00f3 que al recopilar facturas y documentaci\u00f3n se encontr\u00f3 con que en ciertos trabajos no hab\u00eda cobrado nada o hab\u00eda recibido mucho menos de lo pactado: \u201cLlevo a\u00f1os intentando recuperar lo que es m\u00edo y ha sido imposible porque dice que es insolvente, pero esto ya est\u00e1 en manos de mis abogados y voy a por \u00e9l (\u2026) Este no se va de este mundo sin devolverme lo que es m\u00edo\u201d, asegur\u00f3 entonces.<\/p>\n","protected":false},"excerpt":{"rendered":"La Audiencia de Madrid ha condenado a dos a\u00f1os de c\u00e1rcel al expresentante de Bel\u00e9n Esteban, To\u00f1o Sanch\u00eds&hellip;\n","protected":false},"author":2,"featured_media":253552,"comment_status":"","ping_status":"","sticky":false,"template":"","format":"standard","meta":{"footnotes":""},"categories":[5],"tags":[7904,17,18,25,24,256,13,14,260,11,2128,19,20,8671,9,10,15,16,23,807,12,21,22],"class_list":{"0":"post-253551","1":"post","2":"type-post","3":"status-publish","4":"format-standard","5":"has-post-thumbnail","7":"category-titulares","8":"tag-belen-esteban","9":"tag-breaking-news","10":"tag-breakingnews","11":"tag-es","12":"tag-espana","13":"tag-famosos","14":"tag-featured-news","15":"tag-featurednews","16":"tag-gente","17":"tag-headlines","18":"tag-juicios","19":"tag-latest-news","20":"tag-latestnews","21":"tag-multas","22":"tag-news","23":"tag-noticias","24":"tag-noticias-destacadas","25":"tag-noticiasdestacadas","26":"tag-spain","27":"tag-television","28":"tag-titulares","29":"tag-ultimas-noticias","30":"tag-ultimasnoticias"},"share_on_mastodon":{"url":"https:\/\/pubeurope.com\/@es\/115605838772711332","error":""},"_links":{"self":[{"href":"https:\/\/www.europesays.com\/es\/wp-json\/wp\/v2\/posts\/253551","targetHints":{"allow":["GET"]}}],"collection":[{"href":"https:\/\/www.europesays.com\/es\/wp-json\/wp\/v2\/posts"}],"about":[{"href":"https:\/\/www.europesays.com\/es\/wp-json\/wp\/v2\/types\/post"}],"author":[{"embeddable":true,"href":"https:\/\/www.europesays.com\/es\/wp-json\/wp\/v2\/users\/2"}],"replies":[{"embeddable":true,"href":"https:\/\/www.europesays.com\/es\/wp-json\/wp\/v2\/comments?post=253551"}],"version-history":[{"count":0,"href":"https:\/\/www.europesays.com\/es\/wp-json\/wp\/v2\/posts\/253551\/revisions"}],"wp:featuredmedia":[{"embeddable":true,"href":"https:\/\/www.europesays.com\/es\/wp-json\/wp\/v2\/media\/253552"}],"wp:attachment":[{"href":"https:\/\/www.europesays.com\/es\/wp-json\/wp\/v2\/media?parent=253551"}],"wp:term":[{"taxonomy":"category","embeddable":true,"href":"https:\/\/www.europesays.com\/es\/wp-json\/wp\/v2\/categories?post=253551"},{"taxonomy":"post_tag","embeddable":true,"href":"https:\/\/www.europesays.com\/es\/wp-json\/wp\/v2\/tags?post=253551"}],"curies":[{"name":"wp","href":"https:\/\/api.w.org\/{rel}","templated":true}]}}