{"id":253557,"date":"2025-11-24T17:31:14","date_gmt":"2025-11-24T17:31:14","guid":{"rendered":"https:\/\/www.europesays.com\/es\/253557\/"},"modified":"2025-11-24T17:31:14","modified_gmt":"2025-11-24T17:31:14","slug":"hugo-gonzalez-vuelve-a-anotar-en-el-triunfo-de-los-celtics-ante-los-magic","status":"publish","type":"post","link":"https:\/\/www.europesays.com\/es\/253557\/","title":{"rendered":"Hugo Gonz\u00e1lez vuelve a anotar en el triunfo de los Celtics ante los Magic"},"content":{"rendered":"<p data-mrf-recirculation=\"Links P\u00e1rrafos\" class=\"ue-c-article__paragraph paragraph ue-c-article--first-letter-highlighted\">Tras dos partidos a cero (un triunfo, <strong>Memphis <\/strong>y una derrota, <strong>Brooklyn<\/strong>), <strong>Hugo<\/strong><strong>Gonz\u00e1lez <\/strong>volvi\u00f3 a sumar en la anotaci\u00f3n de los<strong> Boston Celtics<\/strong>. Fue lo m\u00ednimo, un punto, pero al menos goz\u00f3 de<strong> 9 minutos de acci\u00f3n<\/strong>, su partido con m\u00e1s tiempo de juego desde los 13 minutos tambi\u00e9n ante <strong>Orlando<\/strong> del pasado 10 de noviembre.<\/p>\n<p data-mrf-recirculation=\"Links P\u00e1rrafos\" class=\"ue-c-article__paragraph paragraph\">Tras un gran comienzo e incluso alg\u00fan partido como titular, <strong>Hugo <\/strong>ha ca\u00f1ido al fondo del banquillo de los &#8216;verdes&#8217; por lo que casi 10 minutos de juego, el que menos en la rotaci\u00f3n, salvo los 6 minutos del lesionado (tras ser titular) <strong>Neemias Queta<\/strong>, son noticia. Es su cuarto partido con m\u00e1s minutos de la temporada.<\/p>\n<p data-mrf-recirculation=\"Links P\u00e1rrafos\" class=\"ue-c-article__paragraph paragraph\">A <strong>Hugo <\/strong>le dio tiempo a aportar un punto, en una serie de 1\/2 tiros libres, a capturar un rebote y a dar dos asistencias. Sin tiros a canasta. Con \u00e9l en pista los <strong>Celtics <\/strong>ganaron por 9, que fue justo la diferencia al final del partido, 138-129.<\/p>\n<p data-mrf-recirculation=\"Links P\u00e1rrafos\" class=\"ue-c-article__paragraph paragraph\">Los <strong>Celtics <\/strong>recuperaron la senda de la victoria, tras la dura derrota en el Garden ante los <strong>Nets<\/strong>, gracias al liderazgo de <strong>Jalen Brown<\/strong>, 35 puntos, y a los 12 puntos de los 16 que logr\u00f3 <strong>Josh Minott<\/strong> en el segundo cuarto, cuando un parcial de 30-48 lanz\u00f3 a <strong>Boston<\/strong> ante unos <strong>Magic<\/strong> muy lastrados por las bajas. <strong>Anfernee Simmons <\/strong>hizo 23 puntos y<strong> Payton Pritchard <\/strong>aport\u00f3 19.<\/p>\n<p data-mrf-recirculation=\"Links P\u00e1rrafos\" class=\"ue-c-article__paragraph paragraph\">A\u00fan as\u00ed, los <strong>Celtics<\/strong> casi dilapidan 26 puntos de ventaja en el tercer cuarto, que fue cuando <strong>Brown <\/strong>sali\u00f3 al rescate de su equipo con 12 puntos consecutivos. Es el cuarto triunfo en cinco partidos de los <strong>Celtics<\/strong> que, ante los <strong>Nets<\/strong> cortaron una racha de tres victorias seguidas, su mejor de la temporada.<\/p>\n<p data-mrf-recirculation=\"Links P\u00e1rrafos\" class=\"ue-c-article__paragraph paragraph\">En los <strong>Magic<\/strong>, sin tres de sus cinco mejores anotadores, <strong>Jett Howard<\/strong> firm\u00f3 su tope de la temporada con 30 puntos, <strong>Desmond Bane<\/strong> hizo 18 y <strong>Franz Wagner,<\/strong> 15. Orlan<strong>d<\/strong>o vio c\u00f3mo se acababa su racha de tres victorias seguidas.<\/p>\n","protected":false},"excerpt":{"rendered":"Tras dos partidos a cero (un triunfo, Memphis y una derrota, Brooklyn), HugoGonz\u00e1lez volvi\u00f3 a sumar en la&hellip;\n","protected":false},"author":2,"featured_media":253558,"comment_status":"","ping_status":"","sticky":false,"template":"","format":"standard","meta":{"footnotes":""},"categories":[269],"tags":[299,298,168,25,24,23,167],"class_list":{"0":"post-253557","1":"post","2":"type-post","3":"status-publish","4":"format-standard","5":"has-post-thumbnail","7":"category-baloncesto","8":"tag-baloncesto","9":"tag-basketball","10":"tag-deportes","11":"tag-es","12":"tag-espana","13":"tag-spain","14":"tag-sports"},"share_on_mastodon":{"url":"https:\/\/pubeurope.com\/@es\/115605870015406479","error":""},"_links":{"self":[{"href":"https:\/\/www.europesays.com\/es\/wp-json\/wp\/v2\/posts\/253557","targetHints":{"allow":["GET"]}}],"collection":[{"href":"https:\/\/www.europesays.com\/es\/wp-json\/wp\/v2\/posts"}],"about":[{"href":"https:\/\/www.europesays.com\/es\/wp-json\/wp\/v2\/types\/post"}],"author":[{"embeddable":true,"href":"https:\/\/www.europesays.com\/es\/wp-json\/wp\/v2\/users\/2"}],"replies":[{"embeddable":true,"href":"https:\/\/www.europesays.com\/es\/wp-json\/wp\/v2\/comments?post=253557"}],"version-history":[{"count":0,"href":"https:\/\/www.europesays.com\/es\/wp-json\/wp\/v2\/posts\/253557\/revisions"}],"wp:featuredmedia":[{"embeddable":true,"href":"https:\/\/www.europesays.com\/es\/wp-json\/wp\/v2\/media\/253558"}],"wp:attachment":[{"href":"https:\/\/www.europesays.com\/es\/wp-json\/wp\/v2\/media?parent=253557"}],"wp:term":[{"taxonomy":"category","embeddable":true,"href":"https:\/\/www.europesays.com\/es\/wp-json\/wp\/v2\/categories?post=253557"},{"taxonomy":"post_tag","embeddable":true,"href":"https:\/\/www.europesays.com\/es\/wp-json\/wp\/v2\/tags?post=253557"}],"curies":[{"name":"wp","href":"https:\/\/api.w.org\/{rel}","templated":true}]}}