{"id":253559,"date":"2025-11-24T17:32:09","date_gmt":"2025-11-24T17:32:09","guid":{"rendered":"https:\/\/www.europesays.com\/es\/253559\/"},"modified":"2025-11-24T17:32:09","modified_gmt":"2025-11-24T17:32:09","slug":"el-problema-es-xabi-alonso-y-es-un-problema-grave-los-jugadores-no-le-hacen-caso","status":"publish","type":"post","link":"https:\/\/www.europesays.com\/es\/253559\/","title":{"rendered":"El problema es Xabi Alonso y es un problema grave. Los jugadores no le hacen caso"},"content":{"rendered":"<p data-mrf-recirculation=\"Links P\u00e1rrafos\" class=\"ue-c-article__paragraph paragraph ue-c-article--first-letter-highlighted\">El arranque de la ma\u00f1ana en La Tribu qued\u00f3 marcado por la opini\u00f3n contundente de <strong>Roberto G\u00f3mez<\/strong>, que analiz\u00f3 por su cuenta el delicado momento del Real Madrid y, especialmente, el papel de Xabi Alonso al frente del equipo. En su intervenci\u00f3n, el periodista fue directo al enumerar los \u00faltimos tropiezos blancos lejos del Bernab\u00e9u y lanz\u00f3 un mensaje rotundo: \u201c<strong>Tres salidas consecutivas, tres pinchazos, tres malas sensaciones\u2026 Xabi Alonso no se come el turr\u00f3n<\/strong>\u201d.<\/p>\n<p data-mrf-recirculation=\"Links P\u00e1rrafos\" class=\"ue-c-article__paragraph paragraph\">\u201cLo de ayer no es grave, es grav\u00edsimo\u201d, afirm\u00f3, ampliando una cr\u00edtica que se centr\u00f3 principalmente en las decisiones del entrenador. Para \u00e9l, existe un \u201cdivorcio total entre la plantilla y el t\u00e9cnico\u201d, pero dej\u00f3 claro que no cree en teor\u00edas de conspiraci\u00f3n internas: \u201c<strong>Ojo a los que vais diciendo por ah\u00ed que los jugadores no le hacen caso o le est\u00e1n haciendo la cama\u2026 No, no<\/strong>. El problema es Xabi Alonso y es un problema grave\u201d.<\/p>\n<p data-mrf-recirculation=\"Links P\u00e1rrafos\" class=\"ue-c-article__paragraph paragraph\">El analista insisti\u00f3 en que el t\u00e9cnico fall\u00f3 en lo m\u00e1s b\u00e1sico: \u201c<strong>Ayer s\u00f3lo ten\u00eda que hacer dos cosas: la alineaci\u00f3n y los cambios. Y se equivoc\u00f3 gravemente<\/strong>\u201d. Su valoraci\u00f3n fue demoledora: \u201cEs una mancha m\u00e1s en su curr\u00edculum madridista\u201d, recordando adem\u00e1s dos precedentes claves: la derrota en el Metropolitano y la mala imagen ante el Liverpool.<\/p>\n<p>Alineaciones incomprensibles y un equipo \u201cplano y previsible\u201d<\/p>\n<p data-mrf-recirculation=\"Links P\u00e1rrafos\" class=\"ue-c-article__paragraph paragraph\">La suplencia repetida de Vinicius fue uno de los puntos m\u00e1s se\u00f1alados. \u201c<strong>Ver nuevamente a Vinicius en el banquillo es incomprensible\u201d<\/strong>, lament\u00f3, extendiendo las cr\u00edticas a nombres como Hausen o Carreras, que \u201chan perdido el nivel habitual\u201d, y a la colocaci\u00f3n de Fran Garc\u00eda. Tambi\u00e9n carg\u00f3 contra la titularidad de Rodrygo: \u201cLa alineaci\u00f3n fue un aut\u00e9ntico desastre\u201d.<\/p>\n<blockquote class=\"ue-c-article__blockquote\">\n<p>Ver nuevamente a Vinicius en el banquillo es incomprensible<\/p>\n<p>Roberto G\u00f3mez, en &#8216;La Tribu&#8217;<\/p><\/blockquote>\n<p data-mrf-recirculation=\"Links P\u00e1rrafos\" class=\"ue-c-article__paragraph paragraph\">G\u00f3mez mantuvo el tono durante todo su an\u00e1lisis: \u201c<strong>El Madrid jug\u00f3 mal. Equipo plano, previsible, lento<\/strong>\u2026\u201d. Incluso a\u00f1adi\u00f3 que aunque el Madrid hubiera ganado, las sensaciones habr\u00edan sido igual de negativas: \u201cLa sensaci\u00f3n de todo el mundo ser\u00eda la misma. Lo hab\u00edamos comentado ya: el equipo tiene que mejorar much\u00edsimo\u201d.<\/p>\n<p>Gol de Bellingham (2-2) en el Elche 2-2 Real MadridSportian<\/p>\n<p data-mrf-recirculation=\"Links P\u00e1rrafos\" class=\"ue-c-article__paragraph paragraph\">La conclusi\u00f3n fue rotunda y repetida varias veces a lo largo de su intervenci\u00f3n: \u201c<strong>El culpable es, \u00fanica y exclusivamente, Xabi Alonso<\/strong>\u201d. Para \u00e9l, el relato previo sobre el t\u00e9cnico, basado en su etapa en Alemania, \u201cno se ajusta a la realidad\u201d. Compar\u00f3 la situaci\u00f3n con \u00e9pocas oscuras del pasado: \u201cMe recuerda a Ben\u00edtez, a Luxemburgo\u2026 incluso a la pasada temporada de Ancelotti\u201d.<\/p>\n<p>Un madridismo que pasa del elogio a la preocupaci\u00f3n<\/p>\n<p data-mrf-recirculation=\"Links P\u00e1rrafos\" class=\"ue-c-article__paragraph paragraph\">Roberto G\u00f3mez se\u00f1al\u00f3 que el baj\u00f3n an\u00edmico del madridismo hacia el entrenador \u201c<strong>ya se ven\u00eda detectando desde hace tiempo\u201d. Rechaz\u00f3 de nuevo la idea de la cama<\/strong>: \u201c\u00bfQui\u00e9n le va a hacer la cama? \u00bfMbapp\u00e9? \u00bfVinicius? No, no\u201d. Seg\u00fan \u00e9l, todo pasa por la pizarra y por la gesti\u00f3n, y ambas est\u00e1n fallando.<\/p>\n<blockquote class=\"ue-c-article__blockquote\">\n<p>\u00bfQui\u00e9n le va a hacer la cama a Xabi Alonso en este Madrid?<\/p>\n<p>Roberto G\u00f3mez, en &#8216;La Tribu&#8217;<\/p><\/blockquote>\n<p data-mrf-recirculation=\"Links P\u00e1rrafos\" class=\"ue-c-article__paragraph paragraph\">Incluso apunt\u00f3 un titular que dej\u00f3 resonando en el estudio: \u201c<strong>No se come el turr\u00f3n<\/strong>\u201d, insistiendo en que la situaci\u00f3n es cr\u00edtica y que los pr\u00f3ximos partidos marcar\u00e1n el destino inmediato del t\u00e9cnico. \u201cSituaci\u00f3n grav\u00edsima en la que est\u00e1 viviendo el Real Madrid en estos momentos\u201d, recalc\u00f3.<\/p>\n<p data-mrf-recirculation=\"Links P\u00e1rrafos\" class=\"ue-c-article__paragraph paragraph\">En la parte final de su intervenci\u00f3n, G\u00f3mez conect\u00f3 con el otro gran tema del d\u00eda: la Asamblea del Real Madrid. A su juicio, <strong>\u201cel equipo de Xabi Alonso se carg\u00f3 la asamblea\u201d porque desvi\u00f3 el foco de las palabras de un Florentino P\u00e9rez \u201csensacional, espectacular\u201d<\/strong> hacia el debate deportivo. \u201cHoy el tema no ser\u00e1 el estadio, ni Tebas, ni Negreira\u2026 ser\u00e1 \u00fanica y exclusivamente Xabi Alonso\u201d.<\/p>\n","protected":false},"excerpt":{"rendered":"El arranque de la ma\u00f1ana en La Tribu qued\u00f3 marcado por la opini\u00f3n contundente de Roberto G\u00f3mez, que&hellip;\n","protected":false},"author":2,"featured_media":253560,"comment_status":"","ping_status":"","sticky":false,"template":"","format":"standard","meta":{"footnotes":""},"categories":[268],"tags":[168,25,24,280,282,281,23,167],"class_list":{"0":"post-253559","1":"post","2":"type-post","3":"status-publish","4":"format-standard","5":"has-post-thumbnail","7":"category-futbol","8":"tag-deportes","9":"tag-es","10":"tag-espana","11":"tag-football","12":"tag-futbol","13":"tag-soccer","14":"tag-spain","15":"tag-sports"},"share_on_mastodon":{"url":"https:\/\/pubeurope.com\/@es\/115605874035241390","error":""},"_links":{"self":[{"href":"https:\/\/www.europesays.com\/es\/wp-json\/wp\/v2\/posts\/253559","targetHints":{"allow":["GET"]}}],"collection":[{"href":"https:\/\/www.europesays.com\/es\/wp-json\/wp\/v2\/posts"}],"about":[{"href":"https:\/\/www.europesays.com\/es\/wp-json\/wp\/v2\/types\/post"}],"author":[{"embeddable":true,"href":"https:\/\/www.europesays.com\/es\/wp-json\/wp\/v2\/users\/2"}],"replies":[{"embeddable":true,"href":"https:\/\/www.europesays.com\/es\/wp-json\/wp\/v2\/comments?post=253559"}],"version-history":[{"count":0,"href":"https:\/\/www.europesays.com\/es\/wp-json\/wp\/v2\/posts\/253559\/revisions"}],"wp:featuredmedia":[{"embeddable":true,"href":"https:\/\/www.europesays.com\/es\/wp-json\/wp\/v2\/media\/253560"}],"wp:attachment":[{"href":"https:\/\/www.europesays.com\/es\/wp-json\/wp\/v2\/media?parent=253559"}],"wp:term":[{"taxonomy":"category","embeddable":true,"href":"https:\/\/www.europesays.com\/es\/wp-json\/wp\/v2\/categories?post=253559"},{"taxonomy":"post_tag","embeddable":true,"href":"https:\/\/www.europesays.com\/es\/wp-json\/wp\/v2\/tags?post=253559"}],"curies":[{"name":"wp","href":"https:\/\/api.w.org\/{rel}","templated":true}]}}