{"id":253563,"date":"2025-11-24T17:34:15","date_gmt":"2025-11-24T17:34:15","guid":{"rendered":"https:\/\/www.europesays.com\/es\/253563\/"},"modified":"2025-11-24T17:34:15","modified_gmt":"2025-11-24T17:34:15","slug":"pepe-baena-y-juan-manuel-marques-conversan-en-el-cafe-de-levante-de-cadiz","status":"publish","type":"post","link":"https:\/\/www.europesays.com\/es\/253563\/","title":{"rendered":"Pepe Baena y Juan Manuel Marqu\u00e9s conversan en el Caf\u00e9 de Levante de C\u00e1diz"},"content":{"rendered":"<p class=\"paragraph-atom&#10;        &#10;        B-510-400-550-N B-525-400-700-N--md&#10;        &#10;        \">\n    La Clientela Selecta del<strong> Caf\u00e9 de Levante de C\u00e1diz<\/strong>, que hace<a href=\"https:\/\/www.diariodecadiz.es\/cadiz\/vera-luque-chipi-canalla-ruibal-clientela-selecta-cafe-levante-cadiz_0_2002558178.html\" rel=\"nofollow noopener\" target=\"_blank\"> algo m\u00e1s de un a\u00f1o<\/a> se puso a conversar en el reconocido establecimiento de la calle Rosario, tiene este 25 de noviembre nueva cita. Esta vez, con el arte del <a href=\"https:\/\/www.diariodesevilla.es\/entrevistas\/pepe-baena-instagram-genial-difundir_0_2002315868.html\" rel=\"nofollow noopener\" target=\"_blank\">pintor Pepe Baena <\/a>y del periodista Juan Manuel Marqu\u00e9s como protagonista de un encuentro que se producir\u00e1 a partir de las 20.00 horas.\n    <\/p>\n<p class=\"paragraph-atom&#10;        &#10;        B-510-400-550-N B-525-400-700-N--md&#10;        &#10;        \">\n    <strong>Pepe Baena (C\u00e1diz, 1979)<\/strong>, reci\u00e9n llegado de Madrid de inaugurar exposici\u00f3n en la galer\u00eda David Bard\u00eda, es un pintor gaditano destacado por su arte costumbrista contempor\u00e1neo y figurativo. Aunque empez\u00f3 a pintar relativamente tarde, a los 31 a\u00f1os, ha conseguido una notable proyecci\u00f3n art\u00edstica. Su obra se centra en lo que le rodea, pintando escenas cotidianas de su familia, amigos y lugares como C\u00e1diz e Italia. Lo que lo distingue es su habilidad para capturar la belleza en lo com\u00fan y lo \u00edntimo, desde bodegones con pescado frito, hasta retratos de momentos familiares o figuras.\n    <\/p>\n<p class=\"paragraph-atom&#10;        &#10;        B-510-400-550-N B-525-400-700-N--md&#10;        &#10;        \">\n    Por su parte, <strong>Juan Manuel Marqu\u00e9s Perales (C\u00e1diz, 1966)<\/strong> est\u00e1 licenciado en Ciencias Qu\u00edmicas y estudi\u00f3 periodismo en la Escuela de El Pa\u00eds y la Universidad Aut\u00f3noma de Madrid. Ejerce el periodismo desde 1990, y ha hecho de todo, ha sido redactor, jefe de secci\u00f3n, redactor jefe y director adjunto en Diario de C\u00e1diz. Fue director de El D\u00eda de C\u00f3rdoba y, en la actualidad, es subdirector de Publicaciones del Grupo Joly. Adem\u00e1s, colabora de modo habitual en Canal Sur TV y en el programa Hora 25 de la Cadena Ser. Adem\u00e1s es autor de libros como El cambio andaluz. C\u00f3mo perdi\u00f3 el poder el PSOE de Susana D\u00edaz y coautor de una biograf\u00eda del cantaor gaditano Chano Lobato.\n    <\/p>\n<p class=\"paragraph-atom&#10;        &#10;        B-510-400-550-N B-525-400-700-N--md&#10;        &#10;        \">\n    Baena y Marqu\u00e9s tomar\u00e1n as\u00ed el relevo de las flamencas<a href=\"https:\/\/www.diariodecadiz.es\/cadiz\/rosario-toledo-anabel-rivera-clientela-selecta-cafe-de-levante-cadiz_0_2005048699.html\" rel=\"nofollow noopener\" target=\"_blank\"> Rosario Toledo y Anabel Rivera<\/a> cuyos nombres rotularon el cartel de la anterior cita, cuando se cumpl\u00eda un a\u00f1o de la puesta en marcha de este ciclo que tiene como objetivo reunir <strong>a dos personas emblem\u00e1ticas de la ciudad y la provincia <\/strong>para dialogar sobre arte, cultura, identidad, y lo que les plazca, en un ambiente cercano e \u00edntimo.\n    <\/p>\n<p class=\"paragraph-atom&#10;        &#10;        B-510-400-550-N B-525-400-700-N--md&#10;        &#10;        \">\n    Por Clientela Selecta ya han pasado pares de personalidades como<strong> Chipi de la Canalla y Juan Jos\u00e9 T\u00e9llez<\/strong>; <strong>Jos\u00e9 Antonio Vera Luque y Miguel \u00c1ngel Garc\u00eda Arg\u00fcez &#8216;Chapa&#8217;; Felipe Ben\u00edtez Reyes y Javier Ruibal<\/strong>; <strong>Koki S\u00e1nchez y Susana Ginesta<\/strong> y los tambi\u00e9n artistas pl\u00e1sticos <strong>Cecilio Chaves y Candi Garbarino<\/strong>.\n    <\/p>\n","protected":false},"excerpt":{"rendered":"La Clientela Selecta del Caf\u00e9 de Levante de C\u00e1diz, que hace algo m\u00e1s de un a\u00f1o se puso&hellip;\n","protected":false},"author":2,"featured_media":253564,"comment_status":"","ping_status":"","sticky":false,"template":"","format":"standard","meta":{"footnotes":""},"categories":[173],"tags":[229,233,231,230,32759,2193,6185,232,234,146,147,25,24,409,3151,841,9087,13311,5398,475,23],"class_list":{"0":"post-253563","1":"post","2":"type-post","3":"status-publish","4":"format-standard","5":"has-post-thumbnail","7":"category-arte-y-diseno","8":"tag-arte","9":"tag-arte-y-diseno","10":"tag-arts","11":"tag-arts-and-design","12":"tag-baena","13":"tag-cadiz","14":"tag-cafe","15":"tag-design","16":"tag-diseno","17":"tag-entertainment","18":"tag-entretenimiento","19":"tag-es","20":"tag-espana","21":"tag-juan","22":"tag-levante","23":"tag-manuel","24":"tag-marques","25":"tag-pepe","26":"tag-periodista","27":"tag-pintor","28":"tag-spain"},"share_on_mastodon":{"url":"https:\/\/pubeurope.com\/@es\/115605881724126450","error":""},"_links":{"self":[{"href":"https:\/\/www.europesays.com\/es\/wp-json\/wp\/v2\/posts\/253563","targetHints":{"allow":["GET"]}}],"collection":[{"href":"https:\/\/www.europesays.com\/es\/wp-json\/wp\/v2\/posts"}],"about":[{"href":"https:\/\/www.europesays.com\/es\/wp-json\/wp\/v2\/types\/post"}],"author":[{"embeddable":true,"href":"https:\/\/www.europesays.com\/es\/wp-json\/wp\/v2\/users\/2"}],"replies":[{"embeddable":true,"href":"https:\/\/www.europesays.com\/es\/wp-json\/wp\/v2\/comments?post=253563"}],"version-history":[{"count":0,"href":"https:\/\/www.europesays.com\/es\/wp-json\/wp\/v2\/posts\/253563\/revisions"}],"wp:featuredmedia":[{"embeddable":true,"href":"https:\/\/www.europesays.com\/es\/wp-json\/wp\/v2\/media\/253564"}],"wp:attachment":[{"href":"https:\/\/www.europesays.com\/es\/wp-json\/wp\/v2\/media?parent=253563"}],"wp:term":[{"taxonomy":"category","embeddable":true,"href":"https:\/\/www.europesays.com\/es\/wp-json\/wp\/v2\/categories?post=253563"},{"taxonomy":"post_tag","embeddable":true,"href":"https:\/\/www.europesays.com\/es\/wp-json\/wp\/v2\/tags?post=253563"}],"curies":[{"name":"wp","href":"https:\/\/api.w.org\/{rel}","templated":true}]}}