{"id":253579,"date":"2025-11-24T17:44:07","date_gmt":"2025-11-24T17:44:07","guid":{"rendered":"https:\/\/www.europesays.com\/es\/253579\/"},"modified":"2025-11-24T17:44:07","modified_gmt":"2025-11-24T17:44:07","slug":"xi-y-trump-hablan-por-telefono-sobre-taiwan","status":"publish","type":"post","link":"https:\/\/www.europesays.com\/es\/253579\/","title":{"rendered":"Xi y Trump hablan por tel\u00e9fono sobre Taiw\u00e1n"},"content":{"rendered":"<p>El presidente de China, <strong>Xi Jinping<\/strong>, ha hablado este lunes por tel\u00e9fono con su hom\u00f3logo de EE.UU., <strong>Donald Trump<\/strong>, y le ha asegurado que <strong>el \u00abretorno\u00bb de Taiw\u00e1n a China es una parte clave del orden mundial.<\/strong><\/p>\n<p>Tanto la agencia estatal china, Xinhua, como la Casa Blanca han confirmado la conversaci\u00f3n, pero solo la agencia china ha informado de su contenido.<\/p>\n<p>Seg\u00fan Xinhua, Xi le ha recordado a Trump que \u00abChina y Estados Unidos una vez lucharon codo con codo contra el fascismo y el militarismo, y ahora <strong>deber\u00edan trabajar juntos para salvaguardar las ganancias de la Segunda Guerra Mundial<\/strong>\u00ab. <\/p>\n<p><strong>China considera a Taiw\u00e1n parte integrante de su territorio<\/strong>, y no ha descartado el uso de la fuerza para controlarla. El Gobierno de la isla, pese a no ser reconocido como pa\u00eds independiente por todos los miembros de la comunidad internacional, asegura que ser\u00e1n los taiwaneses quienes decidan su futuro. <\/p>\n<p>La disputa sobre Taiw\u00e1n ha provocado un reciente enfrentamiento diplom\u00e1tico con Jap\u00f3n. La primera ministra japonesa, <strong>Sanae Takaichi<\/strong>, ha advertido de que un ataque chino contra Taiw\u00e1n <strong>podr\u00eda desencadenar una respuesta militar de Tokio<\/strong>. <\/p>\n<p>Tregua comercial<\/p>\n<p><strong>Xi y Trump se vieron por \u00faltima vez en Corea del Sur el 30 de octubre<\/strong>, despu\u00e9s de meses de tensiones econ\u00f3micas por la guerra comercial iniciada por Trump con la imposici\u00f3n de tarifas. China ha vuelto a comprar soja estadounidenses y ha paralizado sus limitaciones a la exportaci\u00f3n de tierras raras, mientras <strong>EE.UU. ha rebajado las tarifas a China al 10%<\/strong>. <\/p>\n<p>Xi ha asegurado que las <strong>relaciones entre ambas potencias se han estabilizado<\/strong> y han mejorado desde aquel encuentro. \u00abDe nuevo, los hechos muestran que la cooperaci\u00f3n beneficia a ambas partes, mientras que la confrontaci\u00f3n da\u00f1a a ambos\u00bb, le ha dicho a su interlocutor, a la vez que ha urgido a mantener el momento positivo y expandir la cooperaci\u00f3n mutua. <\/p>\n<p>Trump y Xi han hablado tambi\u00e9n de la guerra en <strong>Ucrania<\/strong>. Xi ha reiterado que China apoya todos los esfuerzos que conduzcan a la paz, y ha pedido a todas las partes que reduzcan sus diferencias. <\/p>\n","protected":false},"excerpt":{"rendered":"El presidente de China, Xi Jinping, ha hablado este lunes por tel\u00e9fono con su hom\u00f3logo de EE.UU., Donald&hellip;\n","protected":false},"author":2,"featured_media":253580,"comment_status":"","ping_status":"","sticky":false,"template":"","format":"standard","meta":{"footnotes":""},"categories":[42],"tags":[17,18,13,14,11,61,62,63,64,19,20,9,10,15,16,12,21,22,65,66,67],"class_list":{"0":"post-253579","1":"post","2":"type-post","3":"status-publish","4":"format-standard","5":"has-post-thumbnail","7":"category-internacional","8":"tag-breaking-news","9":"tag-breakingnews","10":"tag-featured-news","11":"tag-featurednews","12":"tag-headlines","13":"tag-internacional","14":"tag-international","15":"tag-international-news","16":"tag-internationalnews","17":"tag-latest-news","18":"tag-latestnews","19":"tag-news","20":"tag-noticias","21":"tag-noticias-destacadas","22":"tag-noticiasdestacadas","23":"tag-titulares","24":"tag-ultimas-noticias","25":"tag-ultimasnoticias","26":"tag-world","27":"tag-world-news","28":"tag-worldnews"},"share_on_mastodon":{"url":"https:\/\/pubeurope.com\/@es\/115605921101672429","error":""},"_links":{"self":[{"href":"https:\/\/www.europesays.com\/es\/wp-json\/wp\/v2\/posts\/253579","targetHints":{"allow":["GET"]}}],"collection":[{"href":"https:\/\/www.europesays.com\/es\/wp-json\/wp\/v2\/posts"}],"about":[{"href":"https:\/\/www.europesays.com\/es\/wp-json\/wp\/v2\/types\/post"}],"author":[{"embeddable":true,"href":"https:\/\/www.europesays.com\/es\/wp-json\/wp\/v2\/users\/2"}],"replies":[{"embeddable":true,"href":"https:\/\/www.europesays.com\/es\/wp-json\/wp\/v2\/comments?post=253579"}],"version-history":[{"count":0,"href":"https:\/\/www.europesays.com\/es\/wp-json\/wp\/v2\/posts\/253579\/revisions"}],"wp:featuredmedia":[{"embeddable":true,"href":"https:\/\/www.europesays.com\/es\/wp-json\/wp\/v2\/media\/253580"}],"wp:attachment":[{"href":"https:\/\/www.europesays.com\/es\/wp-json\/wp\/v2\/media?parent=253579"}],"wp:term":[{"taxonomy":"category","embeddable":true,"href":"https:\/\/www.europesays.com\/es\/wp-json\/wp\/v2\/categories?post=253579"},{"taxonomy":"post_tag","embeddable":true,"href":"https:\/\/www.europesays.com\/es\/wp-json\/wp\/v2\/tags?post=253579"}],"curies":[{"name":"wp","href":"https:\/\/api.w.org\/{rel}","templated":true}]}}