{"id":253588,"date":"2025-11-24T17:54:09","date_gmt":"2025-11-24T17:54:09","guid":{"rendered":"https:\/\/www.europesays.com\/es\/253588\/"},"modified":"2025-11-24T17:54:09","modified_gmt":"2025-11-24T17:54:09","slug":"jorge-garbajosa-que-madrid-y-barca-piensen-en-jugarla-es-un-espaldarazo-a-la-nba-europa","status":"publish","type":"post","link":"https:\/\/www.europesays.com\/es\/253588\/","title":{"rendered":"Jorge Garbajosa: \u201cQue Madrid y Bar\u00e7a piensen en jugarla, es un espaldarazo a la NBA Europa\u201d"},"content":{"rendered":"<p class=\"\">El baloncesto europeo vive otra vez una \u00e9poca convulsa. El proyecto de la <b>NBA<\/b> de desembarcar en el <b>Viejo Continente<\/b> con una nueva competici\u00f3n ha llevado a un nuevo escenario de conflicto, con la <b>FIBA<\/b> y la <b>Liga norteamericana<\/b>, a un lado, y la <b>Euroliga<\/b>, al otro. <\/p>\n<p class=\"\">\u201cLa <b>NBA<\/b> entiende mejor los valores del modelo europeo de deporte que otros. Hay una relaci\u00f3n construida con mucha confianza y mucho tiempo. Si unes eso con la pasi\u00f3n por el baloncesto, los n\u00fameros salen. La <b>NBA<\/b> son los mejores en generar volumen de negocio, y encima van a respetar los valores del baloncesto en <b>Europa<\/b>, a m\u00ed me suena muy bien\u201d, coment\u00f3 <b>Jorge Garbajosa<\/b>.<\/p>\n<p class=\"\">El presidente de <b>FIBA Europa<\/b> particip\u00f3 este lunes en los <b>Desayunos Informativos<\/b> de <b>Europa Press<\/b> y asegur\u00f3 que la federaci\u00f3n internacional y el campeonato norteamericano tienen una \u201csinton\u00eda perfecta\u201d, y por eso van de la mano en este novedoso proyecto que, seg\u00fan <b>Mark Tatum<\/b>, vicecomisionado de la <b>NBA<\/b>, partir\u00e1 en 2027 con 16 equipos, 12 con licencia fija y cuatro provenientes de la <b>Champions FIBA<\/b> y de las ligas nacionales.<\/p>\n<p class=\"\">\u201cEsto va de la sostenibilidad de la competici\u00f3n y de sus clubes, un equipo, al margen de las franquicias, de la <b>ACB<\/b>, de <b>Turqu\u00eda<\/b>, de <b>Italia<\/b>, tiene derecho a participar en esa competici\u00f3n. En el futuro, habr\u00e1 un 20-30% que clasifique por meritocracia, con un reparto econ\u00f3mico justo, ser\u00e1 una competici\u00f3n abierta\u201d, coment\u00f3 <b>Garbajosa<\/b>, que apuntill\u00f3 que a\u00fan \u201cno hay nada firmado\u201d. <\/p>\n<p class=\"\">\u201cNada es perfecto, pero las mayores beneficiadas de esta competici\u00f3n ser\u00e1n las ligas nacionales. Porque, por fin, sus aspiraciones, si se las merecen, pueden ser cumplidas\u201d, a\u00f1adi\u00f3 el mandatario, que otorga un 85% de \u00e9xito a la <b>NBA Europa<\/b>.<\/p>\n<p class=\"\">Dos de los posibles participantes ser\u00edan el <b>Real Madrid y el Barcelona<\/b>. \u201cQue piensen en jugar esta competici\u00f3n es un espaldarazo importante\u201d, coment\u00f3 el madrile\u00f1o. Ambos clubes disputan en estos momentos la <b>Euroliga<\/b>, que con sus diferencias y sus matices cuenta con un modelo bastante similar al proyectado por la <b>NBA<\/b>: 13 due\u00f1os y varios participantes con licencias anuales o multianuales. El campe\u00f3n deportivo de la <b>Eurocup <\/b>tambi\u00e9n tiene un hueco en ella.<\/p>\n<p class=\"\">Una m\u00e1xima competici\u00f3n continental que recibi\u00f3 varios recados por parte del presidente de <b>FIBA Europa<\/b>: \u201cEs curioso que mientras unos acaparan y aumentan su n\u00famero de partidos desde la <b>FIBA<\/b> hacemos lo contrario para cuidar al jugador\u201d, prosigui\u00f3 el madrile\u00f1o: \u201cTendremos una competici\u00f3n m\u00e1s abierta que en los \u00faltimos 20 a\u00f1os\u201d.<\/p>\n<p class=\"\">\u201cCuando yo jugaba, en la <b>Euroliga<\/b>, con 24 equipos, nada m\u00e1s y nada menos, hac\u00edan falta apenas 24 partidos para ser campe\u00f3n y ahora solamente la primera fase son 38 partidos con escala en <b>Dub\u00e1i<\/b>\u201d, concluy\u00f3.<\/p>\n<p>Noticias relacionadas<\/p>\n<p class=\"\"><b>\u00a1Tus opiniones importan!<\/b> <\/p>\n<p class=\"\">Comenta en los art\u00edculos y suscr\u00edbete gratis a nuestra <a href=\"https:\/\/asfan.as.com\/newsletters\/\" target=\"_blank\" rel=\"nofollow noopener\" title=\"https:\/\/asfan.as.com\/newsletters\/\">newsletter<\/a> y a las alertas informativas en la <a href=\"https:\/\/as.com\/aplicacion-de-as-n\/\" target=\"_blank\" rel=\"nofollow noopener\" title=\"https:\/\/as.com\/aplicacion-de-as-n\/\">App<\/a> o el canal de <a href=\"https:\/\/www.whatsapp.com\/channel\/0029VaAasdA7j6g745nz9M10\" target=\"_blank\" rel=\"nofollow noopener\" title=\"https:\/\/www.whatsapp.com\/channel\/0029VaAasdA7j6g745nz9M10\">WhatsApp<\/a>. \u00bfBuscas licenciar contenido? Haz clic <a href=\"https:\/\/profesional.elpais.com\/soluciones-sindicacion?utm_medium=interno&amp;utm_source=crosslinking&amp;utm_campaign=sindicacion_as_pie_articulos\" target=\"_blank\" rel=\"nofollow noopener\" title=\"https:\/\/profesional.elpais.com\/soluciones-sindicacion?utm_medium=interno&amp;utm_source=crosslinking&amp;utm_campaign=sindicacion_as_pie_articulos\">aqu\u00ed<\/a><\/p>\n","protected":false},"excerpt":{"rendered":"El baloncesto europeo vive otra vez una \u00e9poca convulsa. El proyecto de la NBA de desembarcar en el&hellip;\n","protected":false},"author":2,"featured_media":253589,"comment_status":"","ping_status":"","sticky":false,"template":"","format":"standard","meta":{"footnotes":""},"categories":[269],"tags":[299,298,168,25,24,23,167],"class_list":{"0":"post-253588","1":"post","2":"type-post","3":"status-publish","4":"format-standard","5":"has-post-thumbnail","7":"category-baloncesto","8":"tag-baloncesto","9":"tag-basketball","10":"tag-deportes","11":"tag-es","12":"tag-espana","13":"tag-spain","14":"tag-sports"},"share_on_mastodon":{"url":"https:\/\/pubeurope.com\/@es\/115605960479067308","error":""},"_links":{"self":[{"href":"https:\/\/www.europesays.com\/es\/wp-json\/wp\/v2\/posts\/253588","targetHints":{"allow":["GET"]}}],"collection":[{"href":"https:\/\/www.europesays.com\/es\/wp-json\/wp\/v2\/posts"}],"about":[{"href":"https:\/\/www.europesays.com\/es\/wp-json\/wp\/v2\/types\/post"}],"author":[{"embeddable":true,"href":"https:\/\/www.europesays.com\/es\/wp-json\/wp\/v2\/users\/2"}],"replies":[{"embeddable":true,"href":"https:\/\/www.europesays.com\/es\/wp-json\/wp\/v2\/comments?post=253588"}],"version-history":[{"count":0,"href":"https:\/\/www.europesays.com\/es\/wp-json\/wp\/v2\/posts\/253588\/revisions"}],"wp:featuredmedia":[{"embeddable":true,"href":"https:\/\/www.europesays.com\/es\/wp-json\/wp\/v2\/media\/253589"}],"wp:attachment":[{"href":"https:\/\/www.europesays.com\/es\/wp-json\/wp\/v2\/media?parent=253588"}],"wp:term":[{"taxonomy":"category","embeddable":true,"href":"https:\/\/www.europesays.com\/es\/wp-json\/wp\/v2\/categories?post=253588"},{"taxonomy":"post_tag","embeddable":true,"href":"https:\/\/www.europesays.com\/es\/wp-json\/wp\/v2\/tags?post=253588"}],"curies":[{"name":"wp","href":"https:\/\/api.w.org\/{rel}","templated":true}]}}