{"id":253594,"date":"2025-11-24T17:57:10","date_gmt":"2025-11-24T17:57:10","guid":{"rendered":"https:\/\/www.europesays.com\/es\/253594\/"},"modified":"2025-11-24T17:57:10","modified_gmt":"2025-11-24T17:57:10","slug":"la-fundacion-cesar-manrique-acoge-una-conferencia-sobre-la-arquitectura-popular","status":"publish","type":"post","link":"https:\/\/www.europesays.com\/es\/253594\/","title":{"rendered":"La Fundaci\u00f3n C\u00e9sar Manrique acoge una conferencia sobre la arquitectura popular"},"content":{"rendered":"<p>La <strong>Fundaci\u00f3n C\u00e9sar Manrique<\/strong> (FCM) acoger\u00e1 el pr\u00f3ximo jueves 27 de noviembre, a las 19.30 horas, la conferencia titulada El futuro del pasado. C\u00e9sar Manrique y la\u00a0arquitectura popular, que ser\u00e1 <strong>impartida por\u00a0Eduardo Prieto<\/strong>, doctor arquitecto internacional.<\/p>\n<p>El acto tendr\u00e1 lugar en la <strong>sala Jos\u00e9 Saramago<\/strong> (La Plazuela, Arrecife) y ser\u00e1 transmitido en directo a trav\u00e9s de la web y el canal de Youtube de la FCM.<\/p>\n<p>Durante su ponencia, Prieto hablar\u00e1 sobre el libro\u00a0Lanzarote. Arquitectura in\u00e9dita\u00a0(1974)\u00a0como un <strong>empe\u00f1o documental<\/strong> de su autor, C\u00e9sar Manrique, para registrar, por medio de un extraordinario repertorio de fotograf\u00edas, la riqueza de la arquitectura vern\u00e1cula de la isla, en trance de desaparici\u00f3n.<\/p>\n<p>Una publicaci\u00f3n que, seg\u00fan el conferenciante, fue asimismo un <strong>empe\u00f1o art\u00edstico<\/strong>, por cuanto sirvi\u00f3 para dar forma expl\u00edcita al compromiso de Manrique con las Islas, en especial con Lanzarote, que se convirti\u00f3 \u2014desde el detalle al territorio\u2014 en una suerte de obra continua y abierta que rayaba la utop\u00eda.<\/p>\n<p>En paralelo, Prieto considera\u00a0Lanzarote. Arquitectura in\u00e9dita\u00a0un empe\u00f1o social, pues logr\u00f3 acercar la arquitectura humilde \u2014la belleza de la escasez\u2014 a la poblaci\u00f3n insular, que, a partir de su publicaci\u00f3n, comienza a concienciarse de su valor y a exigir su protecci\u00f3n.<\/p>\n<p>Finalmente, constituy\u00f3, a juicio del conferenciante, un empe\u00f1o cr\u00edtico, en el sentido de su contribuci\u00f3n a la elaboraci\u00f3n de una idea distinta de \u201clo moderno\u201d en la que conflu\u00edan el rechazo a los <strong>excesos del desarrollismo tecnocr\u00e1tico<\/strong> y la <strong>b\u00fasqueda de una eficacia distinta<\/strong>, ligada al lugar y al trabajo con las manos, expresada en un lenguaje que, no por estar ligado a la tradici\u00f3n, dejaba por ello de apuntar al futuro: un futuro en el que \u201clo moderno\u201d podr\u00eda llegar a ser \u201cotra cosa\u201d. El futuro del pasado.<\/p>\n<p>La intervenci\u00f3n de Eduardo Prieto se incluye dentro del espacio de reflexi\u00f3n Fronteras y direcciones del progreso\u00a0de la FCM. Un foro destinado a revisar la idea de progreso contemplada desde perspectivas multidisciplinares, y\u00a0en el que ya se ha contado con la presencia, entre otros, de Ram\u00f3n Margalef, Jos\u00e9 Manuel Naredo, Federico Aguilera Klink, Fernando Savater, Jorge Riechmann, Rafael Argullol, Ulrich Beck, Marc Aug\u00e9, Susan George, Daniel Innerarity, Joaqu\u00edn Estefan\u00eda, Gloria Poyatos, Marta del Amo, \u00cd\u00f1igo Losada, Remedios Zafra, \u00d3scar Carpintero, Mar\u00eda Teresa Vicente, Antonio Valero, o, recientemente,\u00a0Josep Mar\u00eda Esquirol.<\/p>\n<p>Eduardo Prieto es doctor arquitecto internacional y Premio Extraordinario de Doctorado por la Universidad Polit\u00e9cnica de Madrid. Es tambi\u00e9n licenciado en Filosof\u00eda y diploma de estudios avanzados en Est\u00e9tica y Teor\u00eda de las Artes, y en Filosof\u00eda Moral y Pol\u00edtica.<\/p>\n<p>Actualmente, es profesor titular en la Escuela T\u00e9cnica Superior de Arquitectura de Madrid, donde imparte la asignatura Historia de la Arquitectura y el curso internacional Arquitectura y medioambiente, y ha sido asimismo profesor visitante en la Universidad de Harvard. Es director del m\u00e1ster Arquitectura y Cultura Contempor\u00e1nea.<\/p>\n<p>Es autor de varios libros, entre los que destacan t\u00edtulos como:\u00a0Historia medioambiental de la arquitectura,\u00a0La vida de la materia,\u00a0Historia de la Historia de la arquitectura,\u00a0Los laberintos del aire\u00a0o\u00a0La ley del reloj. Ha escrito art\u00edculos como cr\u00edtico de arquitectura para las publicaciones:\u00a0Arquitectura Viva,\u00a0El mundo\u00a0y\u00a0Revista de Libros.\u00a0<\/p>\n<p>Ha impartido conferencias en instituciones como el Museo del Prado, la Fundaci\u00f3n Juan March o la Fundaci\u00f3n C\u00e9sar Manrique, y ha recibido premios nacionales e internacionales por su obra construida.<\/p>\n","protected":false},"excerpt":{"rendered":"La Fundaci\u00f3n C\u00e9sar Manrique (FCM) acoger\u00e1 el pr\u00f3ximo jueves 27 de noviembre, a las 19.30 horas, la conferencia&hellip;\n","protected":false},"author":2,"featured_media":253595,"comment_status":"","ping_status":"","sticky":false,"template":"","format":"standard","meta":{"footnotes":""},"categories":[173],"tags":[229,233,231,230,232,234,146,147,25,24,23],"class_list":{"0":"post-253594","1":"post","2":"type-post","3":"status-publish","4":"format-standard","5":"has-post-thumbnail","7":"category-arte-y-diseno","8":"tag-arte","9":"tag-arte-y-diseno","10":"tag-arts","11":"tag-arts-and-design","12":"tag-design","13":"tag-diseno","14":"tag-entertainment","15":"tag-entretenimiento","16":"tag-es","17":"tag-espana","18":"tag-spain"},"share_on_mastodon":{"url":"https:\/\/pubeurope.com\/@es\/115605972150343833","error":""},"_links":{"self":[{"href":"https:\/\/www.europesays.com\/es\/wp-json\/wp\/v2\/posts\/253594","targetHints":{"allow":["GET"]}}],"collection":[{"href":"https:\/\/www.europesays.com\/es\/wp-json\/wp\/v2\/posts"}],"about":[{"href":"https:\/\/www.europesays.com\/es\/wp-json\/wp\/v2\/types\/post"}],"author":[{"embeddable":true,"href":"https:\/\/www.europesays.com\/es\/wp-json\/wp\/v2\/users\/2"}],"replies":[{"embeddable":true,"href":"https:\/\/www.europesays.com\/es\/wp-json\/wp\/v2\/comments?post=253594"}],"version-history":[{"count":0,"href":"https:\/\/www.europesays.com\/es\/wp-json\/wp\/v2\/posts\/253594\/revisions"}],"wp:featuredmedia":[{"embeddable":true,"href":"https:\/\/www.europesays.com\/es\/wp-json\/wp\/v2\/media\/253595"}],"wp:attachment":[{"href":"https:\/\/www.europesays.com\/es\/wp-json\/wp\/v2\/media?parent=253594"}],"wp:term":[{"taxonomy":"category","embeddable":true,"href":"https:\/\/www.europesays.com\/es\/wp-json\/wp\/v2\/categories?post=253594"},{"taxonomy":"post_tag","embeddable":true,"href":"https:\/\/www.europesays.com\/es\/wp-json\/wp\/v2\/tags?post=253594"}],"curies":[{"name":"wp","href":"https:\/\/api.w.org\/{rel}","templated":true}]}}