{"id":253600,"date":"2025-11-24T18:01:18","date_gmt":"2025-11-24T18:01:18","guid":{"rendered":"https:\/\/www.europesays.com\/es\/253600\/"},"modified":"2025-11-24T18:01:18","modified_gmt":"2025-11-24T18:01:18","slug":"robert-pattinson-ryan-gosling-y-el-mejor-terror","status":"publish","type":"post","link":"https:\/\/www.europesays.com\/es\/253600\/","title":{"rendered":"Robert Pattinson, Ryan Gosling y el mejor terror"},"content":{"rendered":"<p>La recta final de noviembre nos prepara para todas esas novedades que llegar\u00e1n a los cines en diciembre, antes del final de un 2025 que nuevamente, nos ha regalado cientos de nuevas historias en <strong>series y pel\u00edculas fundamentales<\/strong>. Este a\u00f1o, el streaming nos ha regalado series como <a href=\"https:\/\/okdiario.com\/trailer\/protagonista-adolescencia-confiesa-como-fue-rodar-escena-mas-dura-serie-no-pude-hacerla-15288335\" rel=\"nofollow noopener\" target=\"_blank\">Adolescencia<\/a> o The Studio y t\u00edtulos sorprendentes de la talla de Los pecadores o Weapons. Sin embargo, la recomendaci\u00f3n de hoy llega de la mano de los tres estrenos que esta semana aterrizan en el cat\u00e1logo de <strong>Movistar Plus<\/strong>: un Robert Pattinson por partida doble, <a href=\"https:\/\/okdiario.com\/trailer\/disney-muestra-primera-imagen-star-wars-starfighter-ryan-gosling-navega-mediterraneo-15430454\" rel=\"nofollow noopener\" target=\"_blank\">Ryan Gosling<\/a> en grandes dosis de acci\u00f3n y el guion original de terror fant\u00e1stico de los directores de la \u00faltima cinta de Scream, <strong>Matt Betinelli-Olpin<\/strong> y <strong>Tyler Gillett<\/strong>.<\/p>\n<p>Los 3 estrenos\u00a0 de Movistar Plus: Pattinson por partida doble1-\u2018Mickey 17\u2019<\/p>\n<p><img loading=\"lazy\" decoding=\"async\" class=\"wp-image-13831574 size-medium\" alt=\"\" width=\"620\" height=\"349\"  src=\"https:\/\/www.europesays.com\/es\/wp-content\/uploads\/2025\/11\/fegerth-620x349.jpg\" \/> \u2018Mickey 17\u2019 (Warner Bros).<\/p>\n<p><a href=\"https:\/\/okdiario.com\/trailer\/mejores-peliculas-bong-joon-ho-director-parasitos-regresa-gran-pantalla-mickey-17-14385886\" rel=\"nofollow noopener\" target=\"_blank\">Bong Joon-ho<\/a>, responsable de t\u00edtulos como <strong>Par\u00e1sitos<\/strong> o <strong>Memories of Murder<\/strong>, nos regal\u00f3 este a\u00f1o la adaptaci\u00f3n al cine del libro Mickey7\u00a0de Edward Ashton. Sin duda, uno de los estrenos m\u00e1s estimulantes de este mes de noviembre en el que adem\u00e1s, podemos disfrutar del <strong>indiscutible talento de Robert Pattinson<\/strong> para interpretar a dos versiones de s\u00ed mismo. Eso s\u00ed, el cineasta surcoreano a\u00f1adi\u00f3 todav\u00eda m\u00e1s copias a la vida del protagonista para aumentar la idea de<strong> la s\u00e1tira laboral<\/strong> de nuestros tiempos.<\/p>\n<p><img loading=\"lazy\" decoding=\"async\" class=\"wp-image-13831578 size-medium\" alt=\"estrenos Movistar Plus Pattinson\" width=\"620\" height=\"349\"  src=\"https:\/\/www.europesays.com\/es\/wp-content\/uploads\/2025\/11\/frgrwgrwgrgrg-620x349.jpg\" \/> \u2018Mickey 17\u2019 (Warner Bros).<\/p>\n<p><strong>Mickey 17<\/strong> es un miembro de la tripulaci\u00f3n prescindible enviado a un planeta helado para la colonizaci\u00f3n del mismo. No obstante, por una desafortunada equivocaci\u00f3n, Mickey 18 toma su lugar. \u00bfEl problema? La ley no permite <strong>la clonaci\u00f3n de alguien<\/strong> que todav\u00eda sigue vivo.<\/p>\n<ul>\n<li>Fecha de estreno: <strong>27 de noviembre<\/strong> (tambi\u00e9n est\u00e1 disponible en <a href=\"https:\/\/www.hbomax.com\/es\/es\/movies\/mickey-17\/fbe17356-9db7-4ab3-928e-32978e0cfbc7\" rel=\"nofollow noopener\" target=\"_blank\">HBO Max<\/a>)<\/li>\n<li>Reparto: Robert Pattinson, Naomi Ackie, Mark Ruffalo, Toni Collette, Anamaria Vartolomei, Steven Yeun, Patsy Ferran, Steve Park, Tim Key y Holliday Grainger.<\/li>\n<\/ul>\n<p>2-\u2018El especialista\u2019<\/p>\n<p><img loading=\"lazy\" decoding=\"async\" class=\"wp-image-12580881 size-medium\" alt=\"\" width=\"620\" height=\"349\"  src=\"https:\/\/www.europesays.com\/es\/wp-content\/uploads\/2025\/11\/el-especialista-universal-pictures-620x349.jpg\" \/> \u2018El especialista\u2019 (Universal Pictures).<\/p>\n<p>Entre los estrenos de Movistar Plus, Pattinson no es la \u00fanica estrella que llega en los pr\u00f3ximos d\u00edas a la plataforma propiedad de Telef\u00f3nica. Ryan Gosling protagoniza El especialista, la revisi\u00f3n f\u00edlmica de<strong> la serie hom\u00f3nima de los 80<\/strong> que protagoniz\u00f3 Lee Majors. Dirigida por David Leitch, director de Bullet Train, esta cinta de Universal Pictures fue <strong>un tremendo fracaso comercial<\/strong> en 2014. Pero contribuy\u00f3 a algo significativamente relevante en la alfombra roja: la creaci\u00f3n del Oscar al mejor doble de riesgo.<\/p>\n<p><img loading=\"lazy\" decoding=\"async\" class=\"size-medium wp-image-12743769\" alt=\"especialista\" width=\"620\" height=\"349\"  src=\"https:\/\/www.europesays.com\/es\/wp-content\/uploads\/2025\/11\/el-especialista-universal-pictures.-620x349.jpg\" \/> \u2018El especialista\u2019 (Universal Pictures).<\/p>\n<p>La trama se centra en un doble de acci\u00f3n que acaba de <strong>superar un grav\u00edsimo accidente<\/strong> que casi termina con su carrera. Pero sin tiempo para recuperarse del todo, deber\u00e1 comenzar una investigaci\u00f3n que le lleve a localizar a la estrella de cine desaparecida, d\u00e1ndose de bruces con una conspiraci\u00f3n.<\/p>\n<ul>\n<li>Fecha de estreno:<strong> 28 de noviembre<\/strong> (tambi\u00e9n est\u00e1 disponible en SkyShowtime<\/li>\n<li>Reparto: Ryan Gosling, Emily Blunt, Aaron Taylor-Johnson, Winston Duke, Hannah Waddingham y Stephanie Hsu, entre otros.<\/li>\n<\/ul>\n<p>3-\u2018Abigail\u2019<\/p>\n<p><img loading=\"lazy\" decoding=\"async\" class=\"wp-image-12685741 size-medium\" alt=\"estrenos Movistar Plus Pattinson\" width=\"620\" height=\"349\"  src=\"https:\/\/www.europesays.com\/es\/wp-content\/uploads\/2025\/11\/abigail-universal-pictures-620x349.jpg\" \/> \u2018Abigail\u2019 (Universal Pictures).<\/p>\n<p>Los responsables del genial reboot de la franquicia Scream, plantean este slasher de <strong>secuestros y vampiros<\/strong> donde el villano m\u00e1s peligroso es una peque\u00f1a y aparentemente tierna ni\u00f1a. Los secuestradores deber\u00e1n intentar sobrevivir a una matanza de esencia sobrenatural.<\/p>\n<ul>\n<li>Fecha de estreno: <strong>30 de noviembre<\/strong><\/li>\n<li>Reparto: Melissa Barrera, Dan Stevens, Alisha Weir, Kathryn Newton, William Catlett,Giancarlo Esposito, Kevin durand, Angus Cloud y Matthew Goode<\/li>\n<\/ul>\n","protected":false},"excerpt":{"rendered":"La recta final de noviembre nos prepara para todas esas novedades que llegar\u00e1n a los cines en diciembre,&hellip;\n","protected":false},"author":2,"featured_media":253601,"comment_status":"","ping_status":"","sticky":false,"template":"","format":"standard","meta":{"footnotes":""},"categories":[169],"tags":[177,146,147,25,24,176,175,23],"class_list":{"0":"post-253600","1":"post","2":"type-post","3":"status-publish","4":"format-standard","5":"has-post-thumbnail","7":"category-cine","8":"tag-cine","9":"tag-entertainment","10":"tag-entretenimiento","11":"tag-es","12":"tag-espana","13":"tag-film","14":"tag-movies","15":"tag-spain"},"share_on_mastodon":{"url":"https:\/\/pubeurope.com\/@es\/115605988310026913","error":""},"_links":{"self":[{"href":"https:\/\/www.europesays.com\/es\/wp-json\/wp\/v2\/posts\/253600","targetHints":{"allow":["GET"]}}],"collection":[{"href":"https:\/\/www.europesays.com\/es\/wp-json\/wp\/v2\/posts"}],"about":[{"href":"https:\/\/www.europesays.com\/es\/wp-json\/wp\/v2\/types\/post"}],"author":[{"embeddable":true,"href":"https:\/\/www.europesays.com\/es\/wp-json\/wp\/v2\/users\/2"}],"replies":[{"embeddable":true,"href":"https:\/\/www.europesays.com\/es\/wp-json\/wp\/v2\/comments?post=253600"}],"version-history":[{"count":0,"href":"https:\/\/www.europesays.com\/es\/wp-json\/wp\/v2\/posts\/253600\/revisions"}],"wp:featuredmedia":[{"embeddable":true,"href":"https:\/\/www.europesays.com\/es\/wp-json\/wp\/v2\/media\/253601"}],"wp:attachment":[{"href":"https:\/\/www.europesays.com\/es\/wp-json\/wp\/v2\/media?parent=253600"}],"wp:term":[{"taxonomy":"category","embeddable":true,"href":"https:\/\/www.europesays.com\/es\/wp-json\/wp\/v2\/categories?post=253600"},{"taxonomy":"post_tag","embeddable":true,"href":"https:\/\/www.europesays.com\/es\/wp-json\/wp\/v2\/tags?post=253600"}],"curies":[{"name":"wp","href":"https:\/\/api.w.org\/{rel}","templated":true}]}}