{"id":253612,"date":"2025-11-24T18:07:12","date_gmt":"2025-11-24T18:07:12","guid":{"rendered":"https:\/\/www.europesays.com\/es\/253612\/"},"modified":"2025-11-24T18:07:12","modified_gmt":"2025-11-24T18:07:12","slug":"italia-se-divide-ante-la-pareja-que-cria-a-sus-tres-hijos-en-pleno-bosque","status":"publish","type":"post","link":"https:\/\/www.europesays.com\/es\/253612\/","title":{"rendered":"Italia se divide ante la pareja que cr\u00eda a sus tres hijos en pleno bosque"},"content":{"rendered":"<p style=\"\">En Italia casi todo se politiza. No es extra\u00f1o que un terremoto social, legal y pol\u00edtico sacuda al pa\u00eds transalpino ante la decisi\u00f3n del Tribunal de Menores de L&#8217;Aquila de <strong>suspender la patria potestad a un matrimonio<\/strong> -el brit\u00e1nico Nathan Trevallion y la  &#8230; australiana Catherine Birmingham- y de alejar a sus tres hijos menores (de ocho y seis a\u00f1os, estos \u00faltimos gemelos) para trasladarlos a una comunidad protegida. <\/p>\n<p class=\"voc-p\" style=\"\">Viv\u00edan en un viejo caser\u00f3n de piedra en medio de los bosques de Palmoli, en la provincia de Chieti, en la regi\u00f3n central de Abruzos. <strong>Sin agua corriente, sin gas, con una estufa de le\u00f1a<\/strong> para calentar la \u00fanica habitaci\u00f3n en la que duermen juntos los cinco miembros de la familia. El ba\u00f1o es una letrina, situada a la intemperie, en el exterior de la casa. Los ni\u00f1os se divierten con un caballo, un burro y otros animales dom\u00e9sticos. El escenario podr\u00eda pertenecer a un programa de televisi\u00f3n sobre vidas autosuficientes, desconectadas de la red el\u00e9ctrica y los servicios p\u00fablicos. Pero en Abruzos la historia id\u00edlica de la familia Trevallion-Birmingham ha terminado con la llegada de cuatro coches de polic\u00eda, asistentes sociales y una orden del Tribunal de Menores de L&#8217;Aquila.<\/p>\n<p class=\"voc-p\" style=\"\">Nathan Trevallion, brit\u00e1nico, exchef de 51 a\u00f1os, y su esposa australiana, Catherine Birmingham, entrenadora de caballos, de 45, hab\u00edan hecho de ese caser\u00f3n su manifiesto vital. Lo compraron en 2021 por 20.000 euros, instalaron unos paneles solares, se valieron de un pozo para el agua y decidieron educar ellos mismos a sus hijos, lejos de m\u00f3viles, redes sociales y &#8216;contaminaci\u00f3n&#8217; urbana. \u00abEste es el mejor modo de criar ni\u00f1os. Queremos una generaci\u00f3n m\u00e1s abierta, capaz de cambiar el mundo\u00bb, explicaba \u00e9l hace unos d\u00edas a la prensa brit\u00e1nica.<\/p>\n<p class=\"voc-p\" style=\"\">El sue\u00f1o se empez\u00f3 a torcer con un episodio que en Italia ha pesado como una se\u00f1al de alarma: una <strong>intoxicaci\u00f3n por setas recolectadas en el bosque<\/strong> llev\u00f3 a la familia al hospital. Los servicios sociales abrieron un expediente. En sus informes, hechos p\u00fablicos ahora por varios medios, hablan de condiciones de vivienda inadecuadas, aislamiento, ausencia de escolarizaci\u00f3n, falta de controles m\u00e9dicos y precariedad higi\u00e9nica.<\/p>\n<p class=\"voc-p\" style=\"\">Sobre esa base, el tribunal decidi\u00f3 el jueves el <strong>internamiento temporal de los ni\u00f1os en un centro<\/strong> de Vasto, municipio de unos 40.500 habitantes, junto a la madre, y la suspensi\u00f3n de la patria potestad. No es una medida definitiva, pero el golpe ha sido devastador para el padre. \u00abHa sido la noche m\u00e1s triste de mi vida. Me he quedado solo en la casa, sin mi familia\u00bb, ha dicho al borde de las l\u00e1grimas. Aun as\u00ed, conf\u00eda en el recurso que preparan sus abogados: \u00abLa ley est\u00e1 de nuestra parte. Si lo perdemos, nos iremos de Italia con nuestros pasaportes\u00bb.<\/p>\n<p>\nTormenta pol\u00edtica\n<\/p>\n<p class=\"voc-p\" style=\"\"><a href=\"https:\/\/www.abc.es\/internacional\/meloni-refuerza-liderazgo-popularidad-tras-mil-dias-20250727205933-nt.html\" target=\"_self\" data-voc-vtm-id=\"in-text-traffic\" title=\"Giorgia Meloni\" data-mrf-link=\"www.abc.es\" rel=\"nofollow noopener\">Giorgia Meloni<\/a>, de viaje en Sud\u00e1frica para la cumbre del G20, ha hecho saber que est\u00e1 \u00abimpresionada y alarmada\u00bb por lo ocurrido. Ha hablado con su ministro de Justicia, Carlo Nordio, para pedirle aclaraciones y estudiar el env\u00edo de inspectores al Tribunal de Menores de L&#8217;Aquila, una medida siempre delicada porque se percibe como una intromisi\u00f3n del Ejecutivo en la autonom\u00eda de la magistratura.<\/p>\n<p class=\"voc-p\" style=\"\">Mucho m\u00e1s lejos ha ido el vicepresidente del Gobierno y l\u00edder de la Liga, <strong>Matteo Salvini<\/strong>. Desde el primer momento ha hablado abiertamente de \u00absecuestro\u00bb de los ni\u00f1os, de un \u00abacto indigno, preocupante, peligroso y vergonzoso\u00bb. Ha anunciado que la pr\u00f3xima semana viajar\u00e1 a Abruzos \u00abno como ministro, sino como padre y como italiano\u00bb, para visitar a la familia y, si hace falta, \u00abhablar con el juez\u00bb.<\/p>\n<p class=\"voc-p\" style=\"\">En sus declaraciones, Salvini ha comparado el caso con los campamentos de poblaci\u00f3n roman\u00ed que ha visitado recientemente, denunciando que hay cientos de ni\u00f1os sin escolarizar ni servicios b\u00e1sicos. \u00abAll\u00ed, \u00bfd\u00f3nde est\u00e1 el Estado?\u00bb, se pregunt\u00f3, insinuando un doble rasero por parte de la magistratura: mano dura con la pareja anglo-australiana, permisividad con los gitanos. Para \u00e9l, es \u00abvergonzoso que el Estado se ocupe de entrar en el m\u00e9rito de la educaci\u00f3n privada\u00bb de una pareja que busc\u00f3 vivir en Italia.<\/p>\n<p class=\"voc-p\" style=\"\">Meloni, m\u00e1s prudente en el tono, se mueve, sin embargo, en la misma direcci\u00f3n pol\u00edtica. El caso encaja en la narrativa del Gobierno sobre unas \u00abtogas ideologizadas\u00bb y un poder judicial que supuestamente invade la esfera de la vida privada.<\/p>\n<p>\nLos jueces se defienden\n<\/p>\n<p class=\"voc-p\" style=\"\">La reacci\u00f3n de la magistratura ha sido inmediata. La junta de la Asociaci\u00f3n Nacional de Magistrados (ANM) de L&#8217;Aquila ha publicado una nota inusualmente dura, en la que pide \u00abrespetar el rol de la jurisdicci\u00f3n en un asunto delicad\u00edsimo\u00bb y denuncia como \u00abinoportunos\u00bb los intentos de instrumentalizaci\u00f3n pol\u00edtica. Recuerda que el decreto se basa \u00aben valoraciones t\u00e9cnicas y en elementos objetivos: seguridad, condiciones sanitarias, acceso a la vida de relaci\u00f3n y cumplimiento del deber escolar\u00bb, y subraya que ha sido adoptado \u00abcon finalidad exclusivamente protectora\u00bb de los menores.<\/p>\n<p class=\"voc-p\" style=\"\">El propio Nordio, un ministro de Justicia garantista por formaci\u00f3n, ha tratado de rebajar la tensi\u00f3n: \u00abArrancar a un ni\u00f1o de su familia es un acto doloros\u00edsimo. Por eso hacen falta verificaciones profundas. Cualquier juicio ahora ser\u00eda prematuro\u00bb, ha se\u00f1alado, prometiendo controles pero sin avalar las palabras de Salvini.<\/p>\n<p>\nDebate social\n<\/p>\n<p class=\"voc-p\" style=\"\">M\u00e1s all\u00e1 de la contienda pol\u00edtica, el caso ha desatado un profundo debate en la sociedad civil italiana sobre el significado de una crianza sana y <strong>el l\u00edmite de la libertad parental<\/strong>. Muchos han abrazado la causa de Nathan y Catherine, viendo en su elecci\u00f3n un acto de amor y una defensa contra el consumismo, la tecnolog\u00eda y las \u00abmaldades del mundo\u00bb. El padre se ha defendido argumentando que su vida al aire libre es \u00abla mejor manera de criar ni\u00f1os\u00bb para una \u00abgeneraci\u00f3n m\u00e1s abierta\u00bb. El alcalde de Palmoli, Giuseppe Masciulli, ha mostrado su solidaridad, mientras que una petici\u00f3n en internet en apoyo a la familia ha superado r\u00e1pidamente las 45.000 firmas.<\/p>\n<p class=\"voc-p\" style=\"\">Sin embargo, otras voces, como la de la escritora y columnista Viola Ardone, han planteado una perspectiva m\u00e1s cr\u00edtica. La autora sostiene que, aunque la pareja act\u00faa por amor y con la intenci\u00f3n de proteger a sus hijos de las \u00abmaldades del mundo\u00bb, su m\u00e9todo de crianza tiene un efecto perjudicial. Al negarles la escuela p\u00fablica y el contacto social amplio,<strong> los ni\u00f1os quedan encerrados en una \u00abburbuja\u00bb<\/strong> donde solo se reflejan los valores, creencias y costumbres de sus propios padres. La escuela y la socializaci\u00f3n son necesarias porque exponen al ni\u00f1o a la \u00abcomplejidad, la diferencia y el confronto\u00bb con los dem\u00e1s, un proceso esencial para que puedan desarrollar su propia identidad, no solo ser una extensi\u00f3n de sus padres.<\/p>\n<p class=\"voc-p\" style=\"\">El garante para la infancia de Lombard\u00eda, Riccardo Bettiga, tambi\u00e9n se\u00f1al\u00f3 el elemento m\u00e1s s\u00f3lido desde el punto de vista jur\u00eddico: la <strong>lesi\u00f3n del derecho a la relaci\u00f3n social y a la escuela<\/strong>, un aspecto clave de la formaci\u00f3n de la personalidad y la emancipaci\u00f3n del menor. Si bien la falta de electricidad o agua corriente no tiene est\u00e1ndares normativos espec\u00edficos, la ausencia de una vida de relaci\u00f3n puede tener consecuencias ps\u00edquicas y educativas serias.<\/p>\n<p class=\"voc-p\" style=\"\">En definitiva, los defensores de la pareja insisten en que la vida en el bosque los proteg\u00eda de pantallas, consumismo y malas influencias, y recuerdan que la educaci\u00f3n en casa, o incluso una forma de aprendizaje m\u00e1s libre, es legal en Italia, siempre que se garantice un nivel m\u00ednimo de instrucci\u00f3n. Los jueces, sin embargo, ponen el acento en lo que llaman \u00abvida de relaci\u00f3n\u00bb: unos ni\u00f1os que pr\u00e1cticamente no tienen amigos, no van a la escuela del pueblo, no participan en actividades deportivas ni culturales y crecen encerrados en un microcosmos familiar, es una din\u00e1mica que puede tener consecuencias psicol\u00f3gicas de largo alcance.<\/p>\n<p class=\"voc-p\" style=\"\">En medio de la tormenta, los tres ni\u00f1os -Utopia Rose, Bluebell y Galorian- pasan estos d\u00edas sometidos a controles m\u00e9dicos y entrevistas con psic\u00f3logos que nunca antes hab\u00edan tenido. Su historia, que empez\u00f3 como una especie de cuento rom\u00e1ntico sobre una familia que desaf\u00eda la civilizaci\u00f3n desde un caser\u00f3n perdido en el bosque, corre el riesgo de convertirse en otro cap\u00edtulo del interminable pulso entre la pol\u00edtica italiana y sus jueces. Los peque\u00f1os son los \u00fanicos que no han elegido ni el bosque ni la batalla institucional que ahora se libra en su nombre. El drama de <strong>Nathan y Catherine Trevallion<\/strong> y sus hijos depende ahora de un recurso de apelaci\u00f3n, y sus vidas se han convertido en el s\u00edmbolo de una batalla sobre los modelos de vida y la autoridad.<\/p>\n","protected":false},"excerpt":{"rendered":"En Italia casi todo se politiza. No es extra\u00f1o que un terremoto social, legal y pol\u00edtico sacuda al&hellip;\n","protected":false},"author":2,"featured_media":253613,"comment_status":"","ping_status":"","sticky":false,"template":"","format":"standard","meta":{"footnotes":""},"categories":[42],"tags":[1575,30972,17,18,64003,42209,13,14,11,563,61,62,63,64,628,19,20,9,10,15,16,2477,2464,12,603,21,22,65,66,67],"class_list":{"0":"post-253612","1":"post","2":"type-post","3":"status-publish","4":"format-standard","5":"has-post-thumbnail","7":"category-internacional","8":"tag-ante","9":"tag-bosque","10":"tag-breaking-news","11":"tag-breakingnews","12":"tag-cria","13":"tag-divide","14":"tag-featured-news","15":"tag-featurednews","16":"tag-headlines","17":"tag-hijos","18":"tag-internacional","19":"tag-international","20":"tag-international-news","21":"tag-internationalnews","22":"tag-italia","23":"tag-latest-news","24":"tag-latestnews","25":"tag-news","26":"tag-noticias","27":"tag-noticias-destacadas","28":"tag-noticiasdestacadas","29":"tag-pareja","30":"tag-pleno","31":"tag-titulares","32":"tag-tres","33":"tag-ultimas-noticias","34":"tag-ultimasnoticias","35":"tag-world","36":"tag-world-news","37":"tag-worldnews"},"share_on_mastodon":{"url":"https:\/\/pubeurope.com\/@es\/115606011617402543","error":""},"_links":{"self":[{"href":"https:\/\/www.europesays.com\/es\/wp-json\/wp\/v2\/posts\/253612","targetHints":{"allow":["GET"]}}],"collection":[{"href":"https:\/\/www.europesays.com\/es\/wp-json\/wp\/v2\/posts"}],"about":[{"href":"https:\/\/www.europesays.com\/es\/wp-json\/wp\/v2\/types\/post"}],"author":[{"embeddable":true,"href":"https:\/\/www.europesays.com\/es\/wp-json\/wp\/v2\/users\/2"}],"replies":[{"embeddable":true,"href":"https:\/\/www.europesays.com\/es\/wp-json\/wp\/v2\/comments?post=253612"}],"version-history":[{"count":0,"href":"https:\/\/www.europesays.com\/es\/wp-json\/wp\/v2\/posts\/253612\/revisions"}],"wp:featuredmedia":[{"embeddable":true,"href":"https:\/\/www.europesays.com\/es\/wp-json\/wp\/v2\/media\/253613"}],"wp:attachment":[{"href":"https:\/\/www.europesays.com\/es\/wp-json\/wp\/v2\/media?parent=253612"}],"wp:term":[{"taxonomy":"category","embeddable":true,"href":"https:\/\/www.europesays.com\/es\/wp-json\/wp\/v2\/categories?post=253612"},{"taxonomy":"post_tag","embeddable":true,"href":"https:\/\/www.europesays.com\/es\/wp-json\/wp\/v2\/tags?post=253612"}],"curies":[{"name":"wp","href":"https:\/\/api.w.org\/{rel}","templated":true}]}}