{"id":253614,"date":"2025-11-24T18:08:07","date_gmt":"2025-11-24T18:08:07","guid":{"rendered":"https:\/\/www.europesays.com\/es\/253614\/"},"modified":"2025-11-24T18:08:07","modified_gmt":"2025-11-24T18:08:07","slug":"el-ayuntamiento-de-madrid-ilumina-por-sorpresa-el-cauce-del-manzanares-a-pesar-de-la-oposicion-de-vecinos-y-ecologistas-el-pais","status":"publish","type":"post","link":"https:\/\/www.europesays.com\/es\/253614\/","title":{"rendered":"El Ayuntamiento de Madrid ilumina por sorpresa el cauce del Manzanares a pesar de la oposici\u00f3n de vecinos y ecologistas &#8211; EL PA\u00cdS"},"content":{"rendered":"<ol>\n<li><a href=\"https:\/\/news.google.com\/rss\/articles\/CBMi_AFBVV95cUxQWHg2UW9HTS1NLVlRZFNmcjZfdU1ELTJBLV9RVnBUakVkdXZmbkZ5TkEtbkc4b2xjcTBxdG1PYklXbVhNMEFLVzloSU1DVHU0X1lHei1HTVd6OVhBNWp0TlE5VE5rNWU1b2tWUDZKSGU1MlFtazh2UUhVUEZ5dV9rOGFBRjZoeXgwLWUwcC1JcHFtczk0SjJWRWFOdXMyU2pLR1R4Smw0Tk5mOGl6LUUyVEp5Ulo1bnRud3RMTnZqeG5KUDNJcW5VWHJmTE96MFdBazF3Vy1CcVZKVUZiV1ZNeUJNWDNKU0pXYTk2azdJaUloVUlVVThiZEVDYkc?oc=5\" target=\"_blank\" rel=\"nofollow noopener\">El Ayuntamiento de Madrid ilumina por sorpresa el cauce del Manzanares a pesar de la oposici\u00f3n de vecinos y ecologistas<\/a>&nbsp;&nbsp;EL PA\u00cdS<\/li>\n<li><a href=\"https:\/\/news.google.com\/rss\/articles\/CBMiwAFBVV95cUxNWmhKNGtCUmptRDRCYVpNTUloXzB1WHRheGQtdUFDWnEwbXhPdmtkcnNHZmFIRTNhdXU5NzZ5bzJBRjBvT2xIY1ZMRVBlVVo1V0s0MWRES1E4ZTlLdEVyV181SmhSa0lLVHV6UmY0MTdhbzR0MmtFVGlqblpKM0NPSHJSWFE4VkdkOU1Hd09KR0lFNXVBWWdXR3ZnQ29Sbi05VTFzNUgtVWlaMlJieDdneVh6Ti10UzNnamcwdFQ0dF8?oc=5\" target=\"_blank\" rel=\"nofollow noopener\">El Gobierno de Almeida enciende las pol\u00e9micas luces junto a la fauna de Madrid R\u00edo a la vez que las de Navidad<\/a>&nbsp;&nbsp;elDiario.es<\/li>\n<li><a href=\"https:\/\/news.google.com\/rss\/articles\/CBMixgFBVV95cUxPY01zb1lVaWFEeWtKZElsUl9Wb0JFUE92MUNtX2lZRWhzOXd6eDgyLWQycUpCbnFzMGFYeVBITXhCZU94ZjNhNkE4MzBPZnhhZkQ2Q1hZdG5hcFYtNWhRSGppWVE3OVVCTXh6cDBGLVhXOThMVXJDMFRxcTRTQVRhM09GUTkxSV8yYTR3aDAtUHdJMGFuOEItVzc3NXFRT0FIbWlPMnRnSFdCRFpadzkyVlRvOUh5SXlJM0hPMndET1pDdmdqSWc?oc=5\" target=\"_blank\" rel=\"nofollow noopener\">Madrid estrena espect\u00e1culo lum\u00ednico en el Manzanares: 61 focos LED que transforman el r\u00edo cada fin de semana<\/a>&nbsp;&nbsp;Madrid Secreto<\/li>\n<li><a href=\"https:\/\/news.google.com\/rss\/articles\/CBMi4wFBVV95cUxNVS0xT3AtQTVlWF8tcDliWTNxWk93eWpwRVo4UEl0TjR5bWJzaG5Ldm1IYzdhbTUzdkRLTzMyOGd2bEQyblVJUWhrQnlNZHVDVXRMUGQtY0N2NXVmWVltV3dLTkJ3OEc5TXRhaHF2WkdVZDNCMEhWekZyQVRDeWFOZFE2YlhCeVA0MVotMG4xOHZsYXdnNEQ0Y1VDdWN3cWVQZ1FMN1B2RU9RYzZBTDFzdlhTaWc4OUZTc0FHanhvaG5WOXRVdkZ6bHlLWlM2NXI3SzJiSVRzLUFtb1IxU1kxV1A5MA?oc=5\" target=\"_blank\" rel=\"nofollow noopener\">El entorno del r\u00edo Manzanares estrena nueva iluminaci\u00f3n durante los fines de semana con 61 nuevos proyectores led<\/a>&nbsp;&nbsp;Europa Press<\/li>\n<li><a href=\"https:\/\/news.google.com\/rss\/articles\/CBMi2gFBVV95cUxOT2p3QUx5Tk1MYlYtV29TdG9VakdEbDlIWGloVWhvMFplM21NYVFTWno0dElOSFBrQVpJNF83RUsxSlRrbndrcl93UThZQU1zU1NLU3VZSlRIckNGdHZHSlBsSlppelpIRTR0bDBqdGxxdXppSjlQSERXU3NodV9JcVFGa3Nsc2hTNG9hSUtwTDlDWmpPODUwSEJyZnJBUWxoMDZhUHh2S2kwa1pueFZFRVo1MFEwMElkYkZYYjBua3BCaWFyc3lHNG55TC1KRnFNNDBMLXRGaUxyQdIB3wFBVV95cUxPaWNLZEZMa2V6VXFKR3l6ajNuM3Z3cl9nUWRiLVRpbUMzbHhObVgxczB2eHFxYnRGUkx2d2NZT3pWSjhaVTZHdU1OT3o1RGtKX3ZkNC1hcjZtOF81d25nbDZGUkZIYURlS0k1R3NFME8ta1h5Yy1OMVlYbEFIQWJlUXJFTGVmWFpKUzVKZmdYa0lqaVB1RUQ1bm1vX184Y2xKSWduSkdjQWpMMFJ1MXpFdU9TYkxKclVRWERpWm1NYzVBNFJmb1pYUVlHck1hS2dWbnZOQVB1ZEZCdHc1cDhn?oc=5\" target=\"_blank\" rel=\"nofollow noopener\">El r\u00edo Manzanares se ti\u00f1e de azul por Navidad<\/a>&nbsp;&nbsp;Telemadrid<\/li>\n<\/ol>\n","protected":false},"excerpt":{"rendered":"El Ayuntamiento de Madrid ilumina por sorpresa el cauce del Manzanares a pesar de la oposici\u00f3n de vecinos&hellip;\n","protected":false},"author":2,"featured_media":248356,"comment_status":"","ping_status":"","sticky":false,"template":"","format":"standard","meta":{"footnotes":""},"categories":[8],"tags":[17,18,25,24,13,14,11,19,20,9,10,15,16,23,12,21,22],"class_list":{"0":"post-253614","1":"post","2":"type-post","3":"status-publish","4":"format-standard","5":"has-post-thumbnail","7":"category-espana","8":"tag-breaking-news","9":"tag-breakingnews","10":"tag-es","11":"tag-espana","12":"tag-featured-news","13":"tag-featurednews","14":"tag-headlines","15":"tag-latest-news","16":"tag-latestnews","17":"tag-news","18":"tag-noticias","19":"tag-noticias-destacadas","20":"tag-noticiasdestacadas","21":"tag-spain","22":"tag-titulares","23":"tag-ultimas-noticias","24":"tag-ultimasnoticias"},"share_on_mastodon":{"url":"https:\/\/pubeurope.com\/@es\/115606015532542228","error":""},"_links":{"self":[{"href":"https:\/\/www.europesays.com\/es\/wp-json\/wp\/v2\/posts\/253614","targetHints":{"allow":["GET"]}}],"collection":[{"href":"https:\/\/www.europesays.com\/es\/wp-json\/wp\/v2\/posts"}],"about":[{"href":"https:\/\/www.europesays.com\/es\/wp-json\/wp\/v2\/types\/post"}],"author":[{"embeddable":true,"href":"https:\/\/www.europesays.com\/es\/wp-json\/wp\/v2\/users\/2"}],"replies":[{"embeddable":true,"href":"https:\/\/www.europesays.com\/es\/wp-json\/wp\/v2\/comments?post=253614"}],"version-history":[{"count":0,"href":"https:\/\/www.europesays.com\/es\/wp-json\/wp\/v2\/posts\/253614\/revisions"}],"wp:featuredmedia":[{"embeddable":true,"href":"https:\/\/www.europesays.com\/es\/wp-json\/wp\/v2\/media\/248356"}],"wp:attachment":[{"href":"https:\/\/www.europesays.com\/es\/wp-json\/wp\/v2\/media?parent=253614"}],"wp:term":[{"taxonomy":"category","embeddable":true,"href":"https:\/\/www.europesays.com\/es\/wp-json\/wp\/v2\/categories?post=253614"},{"taxonomy":"post_tag","embeddable":true,"href":"https:\/\/www.europesays.com\/es\/wp-json\/wp\/v2\/tags?post=253614"}],"curies":[{"name":"wp","href":"https:\/\/api.w.org\/{rel}","templated":true}]}}