{"id":253615,"date":"2025-11-24T18:09:30","date_gmt":"2025-11-24T18:09:30","guid":{"rendered":"https:\/\/www.europesays.com\/es\/253615\/"},"modified":"2025-11-24T18:09:30","modified_gmt":"2025-11-24T18:09:30","slug":"el-gobierno-de-jerez-hace-un-balance-positivo-del-plan-de-seguridad-y-servicios-publicos-tras-el-primer-fin-de-semana-de-zambombas","status":"publish","type":"post","link":"https:\/\/www.europesays.com\/es\/253615\/","title":{"rendered":"El Gobierno de Jerez hace un balance positivo del plan de Seguridad y Servicios P\u00fablicos tras el primer fin de semana de Zambombas"},"content":{"rendered":"<p class=\"western\">El Gobierno de Jerez ha realizado un<strong> primer balance positivo<\/strong> respecto del Plan Especial de Seguridad y Servicios P\u00fablicos que se activ\u00f3 el pasado viernes 21 a las 00:00 horas con motivo del inicio de la Navidad jerezana, que tuvo como acto oficial <strong>el encendido del alumbrado presidido por la alcaldesa,<\/strong> Mar\u00eda Jos\u00e9 Garc\u00eda-Pelayo, y su equipo de gobierno, y posteriormente, <strong>el concierto de acceso libre de Luis de Perik\u00edn<\/strong> en el mismo emplazamiento de calle Larga junto a los Claustros de Santo Domingo.<\/p>\n<p class=\"western\">Los dispositivos que integran el plan, que tambi\u00e9n ha supuesto la activaci\u00f3n desde el pasado viernes del <strong>Plan Territorial Local de Emergencias en fase de pre-emergencia y &#8216;Situaci\u00f3n Operativa 0&#8217;,<\/strong> con CECOP virtual desde el momento y vigente hasta Reyes Magos, han desarrollado sin incidencias rese\u00f1ables su cometido, tanto a efectos de Seguridad a trav\u00e9s de Polic\u00eda Local y Protecci\u00f3n Civil, como de las \u00e1reas municipales implicadas, con especial hincapi\u00e9 en Medio Ambiente en <strong>la labor prioritaria de limpieza y recogida de residuos<\/strong> justo a partir de las 02:00 horas para que as\u00ed a primera hora de cada d\u00eda posterior a las zambombas las calles est\u00e9n en estado adecuado.<\/p>\n<p class=\"western\">En cuanto a Seguridad durante este primer fin de semana &#8216;oficial&#8217; de zambombas autorizadas, la Polic\u00eda Local precisamente en el acto de alumbrado oficial atendi\u00f3 en primera instancia a una mujer que se encontr\u00f3 indispuesta entre la multitud que en Alameda Cristina presenciaba el espect\u00e1culo flamenco de Luis de Perik\u00edn. <strong>Los<\/strong> <strong>agentes abrieron paso para la llegada de los servicios de emergencias<\/strong>, que trasladaron del lugar a la mujer en ambulancia, en la que fue atendida y que abandon\u00f3 al encontrarse restablecida. A este respecto fue la \u00fanica incidencia rese\u00f1able en tal acto multitudinario.<\/p>\n<p class=\"western\">Por otra parte, la Polic\u00eda Local ha establecido<strong> durante el fin de semana controles de alcoholemia, con 18 pruebas<\/strong> y una denuncia administrativa tramitada. Igualmente ha atendido requerimientos para prevenir el &#8216;botell\u00f3n&#8217; y ha interpuesto distintas denuncias en plazas c\u00e9ntricas, s\u00ed como por micciones observadas &#8216;in situ&#8217; en la v\u00eda p\u00fablica.<\/p>\n<p class=\"western\">Asimismo, los agentes del citado cuerpo han realizado <strong>actas de inspecci\u00f3n a distintos establecimientos p\u00fablicos<\/strong> para verificar si contaban con la documentaci\u00f3n pertinente para la realizaci\u00f3n de actividad comercial y de ocio, as\u00ed como de venta autorizada de alcohol y sus horarios. De igual manera, han realizado actas de inspecci\u00f3n por veladores instalados fuera de horario en determinados emplazamientos c\u00e9ntricos.<\/p>\n<p class=\"western\"><strong>Limpieza viaria y recogida de residuos<\/strong><\/p>\n<p class=\"western\">El Ayuntamiento est\u00e1 intensificando la limpieza y recogida de residuos con motivo de la celebraci\u00f3n de las zambombas de Navidad y el notable incremento de afluencia de p\u00fablico. Para ello, ha puesto en marcha hasta el d\u00eda 24 de diciembre <strong>un dispositivo especial de m\u00e1s de 870 jornadas de trabajo y que implica la participaci\u00f3n de cerca de 60 operarios<\/strong>, lo que supone un refuerzo significativo de limpieza y recogida de residuos,<\/p>\n<p class=\"western\">Este dispositivo <strong>continuar\u00e1 funcionando los pr\u00f3ximos fines de semana<\/strong> fundamentalmente en las calles y plazas donde se celebran las zambombas autorizadas, en las zonas tur\u00edsticas de mayor concentraci\u00f3n de personas, puntos de tr\u00e1nsito del p\u00fablico asistente y \u00e1reas destinadas a contenedores y otros servicios extraordinarios.<\/p>\n","protected":false},"excerpt":{"rendered":"El Gobierno de Jerez ha realizado un primer balance positivo respecto del Plan Especial de Seguridad y Servicios&hellip;\n","protected":false},"author":2,"featured_media":253616,"comment_status":"","ping_status":"","sticky":false,"template":"","format":"standard","meta":{"footnotes":""},"categories":[5],"tags":[17,18,25,24,13,14,11,19,20,9,10,15,16,23,12,21,22],"class_list":{"0":"post-253615","1":"post","2":"type-post","3":"status-publish","4":"format-standard","5":"has-post-thumbnail","7":"category-titulares","8":"tag-breaking-news","9":"tag-breakingnews","10":"tag-es","11":"tag-espana","12":"tag-featured-news","13":"tag-featurednews","14":"tag-headlines","15":"tag-latest-news","16":"tag-latestnews","17":"tag-news","18":"tag-noticias","19":"tag-noticias-destacadas","20":"tag-noticiasdestacadas","21":"tag-spain","22":"tag-titulares","23":"tag-ultimas-noticias","24":"tag-ultimasnoticias"},"share_on_mastodon":{"url":"https:\/\/pubeurope.com\/@es\/115606019290858675","error":""},"_links":{"self":[{"href":"https:\/\/www.europesays.com\/es\/wp-json\/wp\/v2\/posts\/253615","targetHints":{"allow":["GET"]}}],"collection":[{"href":"https:\/\/www.europesays.com\/es\/wp-json\/wp\/v2\/posts"}],"about":[{"href":"https:\/\/www.europesays.com\/es\/wp-json\/wp\/v2\/types\/post"}],"author":[{"embeddable":true,"href":"https:\/\/www.europesays.com\/es\/wp-json\/wp\/v2\/users\/2"}],"replies":[{"embeddable":true,"href":"https:\/\/www.europesays.com\/es\/wp-json\/wp\/v2\/comments?post=253615"}],"version-history":[{"count":0,"href":"https:\/\/www.europesays.com\/es\/wp-json\/wp\/v2\/posts\/253615\/revisions"}],"wp:featuredmedia":[{"embeddable":true,"href":"https:\/\/www.europesays.com\/es\/wp-json\/wp\/v2\/media\/253616"}],"wp:attachment":[{"href":"https:\/\/www.europesays.com\/es\/wp-json\/wp\/v2\/media?parent=253615"}],"wp:term":[{"taxonomy":"category","embeddable":true,"href":"https:\/\/www.europesays.com\/es\/wp-json\/wp\/v2\/categories?post=253615"},{"taxonomy":"post_tag","embeddable":true,"href":"https:\/\/www.europesays.com\/es\/wp-json\/wp\/v2\/tags?post=253615"}],"curies":[{"name":"wp","href":"https:\/\/api.w.org\/{rel}","templated":true}]}}