{"id":253617,"date":"2025-11-24T18:14:09","date_gmt":"2025-11-24T18:14:09","guid":{"rendered":"https:\/\/www.europesays.com\/es\/253617\/"},"modified":"2025-11-24T18:14:09","modified_gmt":"2025-11-24T18:14:09","slug":"raducanu-no-jugara-otra-vez-con-alcaraz","status":"publish","type":"post","link":"https:\/\/www.europesays.com\/es\/253617\/","title":{"rendered":"Raducanu no jugar\u00e1 otra vez con Alcaraz"},"content":{"rendered":"<p data-mrf-recirculation=\"Links P\u00e1rrafos\" class=\"ue-c-article__paragraph paragraph ue-c-article--first-letter-highlighted\">La brit\u00e1nica<strong> Emma Raducanu,<\/strong> ganadora del US Open en 2021, se ausentar\u00e1 de las exhibiciones del pr\u00f3ximo 7 y 8 de diciembre en <strong>Estados Unidos<\/strong> en la que iba a participar junto a <strong>Carlos Alcaraz, Joao Fonseca, Frances Tiafoe y Amanda Anisimova.<\/strong><\/p>\n<p data-mrf-recirculation=\"Links P\u00e1rrafos\" class=\"ue-c-article__paragraph paragraph\">Raducanu, que se estima que dejar\u00e1 de ganar <strong>500 000 libras (570 000 euros)<\/strong> por no participar en este torneo, ser\u00e1 reemplazada por la estadounidense Jessica <strong>Pegula<\/strong>, sexta jugadora del r\u00e1nking.<\/p>\n<p data-mrf-recirculation=\"Links P\u00e1rrafos\" class=\"ue-c-article__paragraph paragraph\">Un problema en el pie ha impedido que Raducanu se una a Alcaraz, Fonseca y Anisimova en esta exhibici\u00f3n de dos d\u00edas que tendr\u00e1 lugar en <strong>Nueva Jersey el 7 de diciembre y en Miami el 8 de diciembre.<\/strong><\/p>\n<p data-mrf-recirculation=\"Links P\u00e1rrafos\" class=\"ue-c-article__paragraph paragraph\">La pupila de Francis <strong>Roig<\/strong> continuar\u00e1 sus entrenamientos en Barcelona junto al t\u00e9cnico espa\u00f1ol antes de viajar a <strong>Australia<\/strong> para preparar el primer Grand Slam del a\u00f1o, que comenzar\u00e1 el 12 de enero.\u00a0<\/p>\n<p data-mrf-recirculation=\"Links P\u00e1rrafos\" class=\"ue-c-article__paragraph paragraph\">La pareja formada por <strong>Raducanu y Alcaraz<\/strong> fue una de las m\u00e1s destacadas del <a href=\"https:\/\/www.marca.com\/tenis\/us-open\/2025\/08\/19\/alcaraz-raducanu-duran-50-minutos.html\" target=\"_blank\" rel=\"nofollow noopener\">evento de dobles mixtos que abri\u00f3 el pasado<\/a><strong><a href=\"https:\/\/www.marca.com\/tenis\/2025\/11\/24\/\" rel=\"nofollow noopener\" target=\"_blank\"> US Open<\/a>,<\/strong> aunque fueron eliminados en primera ronda.<\/p>\n","protected":false},"excerpt":{"rendered":"La brit\u00e1nica Emma Raducanu, ganadora del US Open en 2021, se ausentar\u00e1 de las exhibiciones del pr\u00f3ximo 7&hellip;\n","protected":false},"author":2,"featured_media":253618,"comment_status":"","ping_status":"","sticky":false,"template":"","format":"standard","meta":{"footnotes":""},"categories":[274],"tags":[168,25,24,23,167,327,326],"class_list":{"0":"post-253617","1":"post","2":"type-post","3":"status-publish","4":"format-standard","5":"has-post-thumbnail","7":"category-tenis","8":"tag-deportes","9":"tag-es","10":"tag-espana","11":"tag-spain","12":"tag-sports","13":"tag-tenis","14":"tag-tennis"},"share_on_mastodon":{"url":"https:\/\/pubeurope.com\/@es\/115606039385719709","error":""},"_links":{"self":[{"href":"https:\/\/www.europesays.com\/es\/wp-json\/wp\/v2\/posts\/253617","targetHints":{"allow":["GET"]}}],"collection":[{"href":"https:\/\/www.europesays.com\/es\/wp-json\/wp\/v2\/posts"}],"about":[{"href":"https:\/\/www.europesays.com\/es\/wp-json\/wp\/v2\/types\/post"}],"author":[{"embeddable":true,"href":"https:\/\/www.europesays.com\/es\/wp-json\/wp\/v2\/users\/2"}],"replies":[{"embeddable":true,"href":"https:\/\/www.europesays.com\/es\/wp-json\/wp\/v2\/comments?post=253617"}],"version-history":[{"count":0,"href":"https:\/\/www.europesays.com\/es\/wp-json\/wp\/v2\/posts\/253617\/revisions"}],"wp:featuredmedia":[{"embeddable":true,"href":"https:\/\/www.europesays.com\/es\/wp-json\/wp\/v2\/media\/253618"}],"wp:attachment":[{"href":"https:\/\/www.europesays.com\/es\/wp-json\/wp\/v2\/media?parent=253617"}],"wp:term":[{"taxonomy":"category","embeddable":true,"href":"https:\/\/www.europesays.com\/es\/wp-json\/wp\/v2\/categories?post=253617"},{"taxonomy":"post_tag","embeddable":true,"href":"https:\/\/www.europesays.com\/es\/wp-json\/wp\/v2\/tags?post=253617"}],"curies":[{"name":"wp","href":"https:\/\/api.w.org\/{rel}","templated":true}]}}