{"id":253619,"date":"2025-11-24T18:15:20","date_gmt":"2025-11-24T18:15:20","guid":{"rendered":"https:\/\/www.europesays.com\/es\/253619\/"},"modified":"2025-11-24T18:15:20","modified_gmt":"2025-11-24T18:15:20","slug":"mercado-ciclista-los-5-fichajes-que-van-a-reventar-la-temporada-2026-con-movistar-en-medio","status":"publish","type":"post","link":"https:\/\/www.europesays.com\/es\/253619\/","title":{"rendered":"Mercado Ciclista | Los 5 fichajes que van a reventar la temporada 2026 con Movistar en medio"},"content":{"rendered":"<p>La temporada 2026 empieza a estar cerca ya. Aunque el <a href=\"https:\/\/ciclismoaldia.es\/mercado-ciclista\" title=\"Mercado Ciclista\" rel=\"nofollow noopener\" target=\"_blank\">mercado ciclista<\/a> sigue activo, los principales movimientos se han cerrado. Ha habido fichajes muy medi\u00e1ticos, otros pensando a largo plazo, y algunas renovaciones clave. Todo pensando en el nuevo trienio que se abre hasta 2028.La mayor\u00eda de equipos no ha parado de moverse, como ha sido el caso de <a href=\"https:\/\/ciclismoaldia.es\/movistar-team\" title=\"Movistar Team\" rel=\"nofollow noopener\" target=\"_blank\">Movistar Team<\/a>. La escuadra telef\u00f3nica ha logrado incorporaciones muy importantes, pero ninguna tan estelar como la de <a href=\"https:\/\/ciclismoaldia.es\/cian-uijtdebroeks\" title=\"Cian Uijtdebroeks\" rel=\"nofollow noopener\" target=\"_blank\">Cian Uijtdebroeks<\/a>. Tambi\u00e9n <a href=\"https:\/\/ciclismoaldia.es\/ciclismo\/bombazo-movistar-team-anuncia-la-creacion-de-un-filial-que-puede-cambiar-su-historia\" target=\"_self\" rel=\"nofollow noopener\">ha creado por fin su equipo de desarrollo sub 23<\/a>, crucial para seguir creciendo en el World Tour actual.Y como el ejemplo del Movistar de <a href=\"https:\/\/es.wikipedia.org\/wiki\/Eusebio_Unzu%C3%A9\" target=\"_blank\" rel=\"nofollow noopener\">Eusebio Unzu\u00e9<\/a> hay muchos. Por ese motivo, en este art\u00edculo hemos decidido elegir el Top 5 de los fichajes que creemos que han sido los m\u00e1s importantes, tanto por su impacto medi\u00e1tico como por las expectativas puestas pensando ya en la siguiente temporada.5. Matthew Riccitello &#8211; Decathlon<\/p>\n<p>El equipo Decathlon CMA CGM (as\u00ed se llamar\u00e1 a partir de 2026) tiene un plan muy claro: convertirse en el mejor del mundo. Para ello se ha invertido una enorme cantidad de dinero desde el patrocinio principal, aprovechado a la perfecci\u00f3n. Se han incorporado nombres como los de Olav Kooij, Tiesj Bennot o Gregor M\u00fchlberger, pero ninguno tan importante como el de Matthew Riccitello.<\/p>\n<p>El estadounidense sali\u00f3 de Israel &#8211; Premier Tech este oto\u00f1o, y lo hizo despu\u00e9s de saltar al estrellato tras su incre\u00edble Vuelta a Espa\u00f1a 2025. Riccitello se consagr\u00f3 como una de las grandes perlas del futuro de las grandes vueltas al finalizar 5\u00ba en la clasificaci\u00f3n general y ganar la clasificaci\u00f3n de los j\u00f3venes. Junto a Paul Seixas, lo tiene todo para ser la gran referencia de Decathlon.<\/p>\n<p>4. K\u00e9vin Vauquelin &#8211; INEOS Grenadiers<\/p>\n<p>Otro fichaje muy ilusionante, esta vez para el ciclismo franc\u00e9s, ha sido el de K\u00e9vin Vauquelin por INEOS Grenadiers. El corredor galo de 24 a\u00f1os dej\u00f3 el Ark\u00e9a &#8211; B&amp;B Hotels (equipo que desaparece este 2025) terminando en una destacada 7\u00aa posici\u00f3n en la clasificaci\u00f3n general del Tour de Francia. Adem\u00e1s, fue 3\u00ba en la de los j\u00f3venes.<\/p>\n<p>\u00bfPor qu\u00e9 es tan importante su fichaje? Porque INEOS, uno de los gigantes del World Tour, no pasa por su mejor momento. De hecho, esta temporada ha tenido solamente a Carlos Rodr\u00edguez y Egan Bernal como l\u00edderes para las grandes vueltas. Y, pese a que el colombiano ha vuelto a saborear victorias muy notables (como una etapa de la Vuelta a Espa\u00f1a), ninguno ha dado la talla que se exige.<\/p>\n<p><img decoding=\"async\" width=\"500\" height=\"280\" loading=\"lazy\" src=\"https:\/\/www.europesays.com\/es\/wp-content\/uploads\/2025\/11\/vauquelin-68ef835fbf9f5.jpg@webp.webp\" class=\"w-auto h-auto\" alt=\"K\u00e9vin Vauquelin se marcha a INEOS en el mercado ciclista\"\/><\/p>\n<p>K\u00e9vin Vauquelin ha sido el fichaje m\u00e1s destacado de INEOS Grenadiers para 2026<\/p>\n<p>3. Cian Uijtdebroeks &#8211; Movistar Team<\/p>\n<p>Ya se hab\u00eda mencionado, y merece estar en el Top 3 de esta lista. Su fichaje por Movistar Team fue uno de los m\u00e1s inesperados del mercado ciclista, por no decir la mayor sorpresa de todas. Cian Uijtdebroeks sab\u00eda que en Visma &#8211; Lease a Bike, con Jonas Vingegaard, iba a tener imposible correr con la libertad que desea una gran vuelta, en especial el Tour de Francia.<\/p>\n<p>Por eso, en un Movistar que buscaba al relevo generacional de Enric Mas, el belga ha ca\u00eddo de pie. A sus 22 a\u00f1os, Uijtdebroeks lo tiene todo para que el equipo espa\u00f1ol avance al siguiente nivel. Ya lleg\u00f3 a Visma como la pr\u00f3xima gran estrella del ciclismo. Tuvo problemas f\u00edsicos, pero los super\u00f3 en la recta final de la temporada 2025.<\/p>\n<p>Ahora, en Movistar Team, puede so\u00f1ar con ser la referencia del equipo en la lucha por la clasificaci\u00f3n general de una o varias grandes vueltas por temporada (en el caso de hacer doblete). En principio, todav\u00eda Enric Mas sigue por delante en la jerarqu\u00eda, pero su momento llegar\u00e1 m\u00e1s pronto que tarde.<\/p>\n<p>2. Juan Ayuso &#8211; Lidl-TrekEl segundo mejor fichaje del mercado ciclista tiene acento espa\u00f1ol. <a href=\"https:\/\/ciclismoaldia.es\/juan-ayuso\" title=\"Juan Ayuso\" rel=\"nofollow noopener\" target=\"_blank\">Juan Ayuso<\/a>, tras m\u00e1s de un a\u00f1o de tensiones con el UAE Team Emirates &#8211; XRG, consigui\u00f3 encontrar un destino a la altura de su potencial en Lidl-Trek. El equipo estadounidense se convirti\u00f3 en la nueva casa del corredor de J\u00e1vea, que debutar\u00e1 en 2026 ya con todos los galones que deseaba en la escuadra emirat\u00ed.<\/p>\n<p>Este movimiento es crucial por el siguiente motivo: hasta ahora, en Lidl no se aspiraba a clasificaciones generales de las carreras m\u00e1s importantes del calendario. S\u00ed que ha arrasado en otros objetivos. Por ejemplo, se hizo historia este 2025 al ganar las clasificaciones de los puntos de las 3 grandes vueltas (Mads Pedersen en Giro de Italia y Vuelta a Espa\u00f1a, y Jonathan Milan en Tour de Francia).<\/p>\n<p>Rodeando a Juan Ayuso de gregarios de mucho nivel (tendr\u00e1 a su lado, entre otros, a Carlos Verona y el otro fichaje, Matteo Sobrero), en Lidl-Trek ya se pueden permitir so\u00f1ar con ganar alguna gran vuelta donde Tadej Pogacar y Jonas Vingegaard no compitan.<\/p>\n<p><img decoding=\"async\" width=\"500\" height=\"280\" loading=\"lazy\" src=\"https:\/\/www.europesays.com\/es\/wp-content\/uploads\/2025\/11\/ayuso-europeo-1242009375-68e362355df8d.jpg@webp.webp\" class=\"w-auto h-auto\" alt=\"Juan Ayuso, nuevo l\u00edder de Lidl-Trek\"\/><\/p>\n<p>Juan Ayuso ha sido uno de los fichajes m\u00e1s destacados del mercado ciclista 2026<\/p>\n<p>1. Remco Evenepoel &#8211; Red Bull BORA<\/p>\n<p>El mejor fichaje estaba m\u00e1s que claro. No fue una sorpresa, ya que se adelant\u00f3 incluso desde el pasado Tour de Francia. Pero no deja de ser uno de los movimientos m\u00e1s importantes, no solo del actual mercado ciclista, sino de la historia reciente de este deporte. Uno de los 2, 3 mejores corredores del mundo se march\u00f3 de su Soudal Quick-Stepo para convertirse en la nueva estrella de Red Bull.<\/p>\n<p>El Red Bull &#8211; BORA &#8211; hansgrohe tiene claro que quiere ser mejor que UAE y Visma. Con <a href=\"https:\/\/ciclismoaldia.es\/remco-evenepoel\" title=\"Remco Evenepoel\" rel=\"nofollow noopener\" target=\"_blank\">Remco Evenepoel<\/a> uni\u00e9ndose a una plantilla que ya posee a Primoz Roglic, Florian Lipowitz, Giulio Pellizzari, Jai Hindley, Aleksandr Vlasov, Daniel Mart\u00ednez y muchos m\u00e1s, llevar un equipazo de fantas\u00eda al Tour de Francia es ahora viable, y con las piernas del belga ganar a Pogacar y Vingegaard se hace posible.<\/p>\n","protected":false},"excerpt":{"rendered":"La temporada 2026 empieza a estar cerca ya. Aunque el mercado ciclista sigue activo, los principales movimientos se&hellip;\n","protected":false},"author":2,"featured_media":253620,"comment_status":"","ping_status":"","sticky":false,"template":"","format":"standard","meta":{"footnotes":""},"categories":[273],"tags":[17697,313,312,168,25,24,4657,61328,8660,7618,23,167],"class_list":{"0":"post-253619","1":"post","2":"type-post","3":"status-publish","4":"format-standard","5":"has-post-thumbnail","7":"category-ciclismo","8":"tag-cian-uijtdebroeks","9":"tag-ciclismo","10":"tag-cycling","11":"tag-deportes","12":"tag-es","13":"tag-espana","14":"tag-juan-ayuso","15":"tag-mercado-ciclista","16":"tag-movistar-team","17":"tag-remco-evenepoel","18":"tag-spain","19":"tag-sports"},"share_on_mastodon":{"url":"https:\/\/pubeurope.com\/@es\/115606043234467944","error":""},"_links":{"self":[{"href":"https:\/\/www.europesays.com\/es\/wp-json\/wp\/v2\/posts\/253619","targetHints":{"allow":["GET"]}}],"collection":[{"href":"https:\/\/www.europesays.com\/es\/wp-json\/wp\/v2\/posts"}],"about":[{"href":"https:\/\/www.europesays.com\/es\/wp-json\/wp\/v2\/types\/post"}],"author":[{"embeddable":true,"href":"https:\/\/www.europesays.com\/es\/wp-json\/wp\/v2\/users\/2"}],"replies":[{"embeddable":true,"href":"https:\/\/www.europesays.com\/es\/wp-json\/wp\/v2\/comments?post=253619"}],"version-history":[{"count":0,"href":"https:\/\/www.europesays.com\/es\/wp-json\/wp\/v2\/posts\/253619\/revisions"}],"wp:featuredmedia":[{"embeddable":true,"href":"https:\/\/www.europesays.com\/es\/wp-json\/wp\/v2\/media\/253620"}],"wp:attachment":[{"href":"https:\/\/www.europesays.com\/es\/wp-json\/wp\/v2\/media?parent=253619"}],"wp:term":[{"taxonomy":"category","embeddable":true,"href":"https:\/\/www.europesays.com\/es\/wp-json\/wp\/v2\/categories?post=253619"},{"taxonomy":"post_tag","embeddable":true,"href":"https:\/\/www.europesays.com\/es\/wp-json\/wp\/v2\/tags?post=253619"}],"curies":[{"name":"wp","href":"https:\/\/api.w.org\/{rel}","templated":true}]}}