{"id":253621,"date":"2025-11-24T18:17:09","date_gmt":"2025-11-24T18:17:09","guid":{"rendered":"https:\/\/www.europesays.com\/es\/253621\/"},"modified":"2025-11-24T18:17:09","modified_gmt":"2025-11-24T18:17:09","slug":"augustine-rubit-al-unicaja-acb-com","status":"publish","type":"post","link":"https:\/\/www.europesays.com\/es\/253621\/","title":{"rendered":"Augustine Rubit, al Unicaja | ACB.COM"},"content":{"rendered":"<p>El Unicaja ha alcanzado principio de acuerdo para incorporar al p\u00edvot <strong>Augustine Rubit<\/strong>, de 36 a\u00f1os, 2,03 metros y nacionalidad estadounidense. El v\u00ednculo con el jugador ser\u00e1 hasta el final de la presente temporada, a expensas de superar el reconocimiento m\u00e9dico.<\/p>\n<p>El jugador llega procedente del Lietkabelis lituano, donde adem\u00e1s de la liga del pa\u00eds b\u00e1ltico disputaba la Eurocup, ofreciendo un rendimiento notable y convirti\u00e9ndose en una de las referencias interiores del equipo. Todo ello sin perderse ninguno de los encuentros oficiales del conjunto lituano. En la LKL Rubit ha disputado 10 encuentros, promediando 14 puntos, 6.2 rebotes y 21.9 de eficiencia. En cuanto a sus actuaciones en la Eurocup, en los 8 partidos que ha jugado sus medias son de 15.1 puntos, 4.8 rebotes y 18.6 de valoraci\u00f3n.<\/p>\n<p>Formado en South Alabama, Rubit inici\u00f3 su carrera profesional en 2014 en Alemania con los Walter Tigers T\u00fcbingen, antes de consolidarse en ratiopharm Ulm gracias a su capacidad f\u00edsica y recursos ofensivos. Su progresi\u00f3n le llev\u00f3 a competir en clubes de Euroliga como el Brose Bamberg (2017-19), Olympiacos (2019-20), Zalgiris Kaunas (2020-21) y Bayern M\u00fanich (2021-23), donde firm\u00f3 algunas de las mejores campa\u00f1as de su trayectoria y lleg\u00f3 a ser reconocido como uno de los interiores m\u00e1s fiables del continente.<\/p>\n<p>Tras una etapa en la liga de Kuwait, Rubit ha regresado este curso a Europa  de la mano de Lietkabelis, con el que estaba cuajando una temporada muy s\u00f3lida antes de su incorporaci\u00f3n al conjunto malague\u00f1o. Est\u00e1 previsto que el jugador aterrice esta tarde en M\u00e1laga y ma\u00f1ana martes pasar\u00e1 reconocimiento m\u00e9dico en el Hospital Quir\u00f3nsalud M\u00e1laga.<\/p>\n<p>Hay que recordar que esta incorporaci\u00f3n de Augustine Rubit se produce para cubrir la baja de <strong>David Kravish<\/strong>, una ausencia significativa en la rotaci\u00f3n interior. Rubit cuenta con una trayectoria s\u00f3lida en Europa, con capacidad para jugar en las dos posiciones interiores por calidad y condiciones f\u00edsicas.<\/p>\n<p>\u00a1Bienvenido, Augustine!<\/p>\n","protected":false},"excerpt":{"rendered":"El Unicaja ha alcanzado principio de acuerdo para incorporar al p\u00edvot Augustine Rubit, de 36 a\u00f1os, 2,03 metros&hellip;\n","protected":false},"author":2,"featured_media":253622,"comment_status":"","ping_status":"","sticky":false,"template":"","format":"standard","meta":{"footnotes":""},"categories":[269],"tags":[299,298,168,25,24,23,167],"class_list":{"0":"post-253621","1":"post","2":"type-post","3":"status-publish","4":"format-standard","5":"has-post-thumbnail","7":"category-baloncesto","8":"tag-baloncesto","9":"tag-basketball","10":"tag-deportes","11":"tag-es","12":"tag-espana","13":"tag-spain","14":"tag-sports"},"share_on_mastodon":{"url":"https:\/\/pubeurope.com\/@es\/115606050823036565","error":""},"_links":{"self":[{"href":"https:\/\/www.europesays.com\/es\/wp-json\/wp\/v2\/posts\/253621","targetHints":{"allow":["GET"]}}],"collection":[{"href":"https:\/\/www.europesays.com\/es\/wp-json\/wp\/v2\/posts"}],"about":[{"href":"https:\/\/www.europesays.com\/es\/wp-json\/wp\/v2\/types\/post"}],"author":[{"embeddable":true,"href":"https:\/\/www.europesays.com\/es\/wp-json\/wp\/v2\/users\/2"}],"replies":[{"embeddable":true,"href":"https:\/\/www.europesays.com\/es\/wp-json\/wp\/v2\/comments?post=253621"}],"version-history":[{"count":0,"href":"https:\/\/www.europesays.com\/es\/wp-json\/wp\/v2\/posts\/253621\/revisions"}],"wp:featuredmedia":[{"embeddable":true,"href":"https:\/\/www.europesays.com\/es\/wp-json\/wp\/v2\/media\/253622"}],"wp:attachment":[{"href":"https:\/\/www.europesays.com\/es\/wp-json\/wp\/v2\/media?parent=253621"}],"wp:term":[{"taxonomy":"category","embeddable":true,"href":"https:\/\/www.europesays.com\/es\/wp-json\/wp\/v2\/categories?post=253621"},{"taxonomy":"post_tag","embeddable":true,"href":"https:\/\/www.europesays.com\/es\/wp-json\/wp\/v2\/tags?post=253621"}],"curies":[{"name":"wp","href":"https:\/\/api.w.org\/{rel}","templated":true}]}}