{"id":253623,"date":"2025-11-24T18:18:12","date_gmt":"2025-11-24T18:18:12","guid":{"rendered":"https:\/\/www.europesays.com\/es\/253623\/"},"modified":"2025-11-24T18:18:12","modified_gmt":"2025-11-24T18:18:12","slug":"funes-arranca-su-primera-semana-completa-como-entrenador-del-malaga-cf","status":"publish","type":"post","link":"https:\/\/www.europesays.com\/es\/253623\/","title":{"rendered":"Funes arranca su primera semana completa como entrenador del M\u00e1laga CF"},"content":{"rendered":"<p>\t\tCompartir esta publicaci\u00f3n\t\t\t\t\t<\/p>\n<p>No hay mejor manera de arrancar la semana de trabajo cuando has hecho los deberes durante el fin de semana. Es el caso de Juanfran Funes y de su nuevo <a href=\"http:\/\/malagacf.com\" target=\"_blank\" rel=\"noopener nofollow\">M\u00e1laga CF<\/a>. El loje\u00f1o se estren\u00f3 en la noche de ayer como t\u00e9cnico del primer equipo malacitano y <a href=\"https:\/\/www.merchanendirecto.es\/malaga-cf\/cronica-funes-malaga-cf-jornada-15\/\" target=\"_blank\" rel=\"noopener nofollow\">lo hizo con victoria ag\u00f3nica ante un rival directo en la lucha por el descenso como es el CD Mirand\u00e9s (3-2)<\/a>. Doce horas m\u00e1s tarde de la finalizaci\u00f3n del envite, sus pupilos se han citado en La Rosaleda para el <strong>primer entrenamiento de la semana<\/strong>.<\/p>\n<p>Como es habitual, la sesi\u00f3n de lunes ha estado marcada por la <strong>recuperaci\u00f3n f\u00edsica<\/strong> y la gesti\u00f3n de cargas. Los jugadores que tuvieron m\u00e1s minutos ante los jabatos realizaron ejercicios de menor intesidad, mientras que los que jugaron menos se emplearon con mayor profundidad. En cuanto a la enfermer\u00eda, <strong>sin novedades rese\u00f1ables<\/strong>. El partido relativo a la jornada 15 de LaLiga Hypermotion no engord\u00f3 la lista de bajas.<\/p>\n<p><strong>La enfermer\u00eda de Funes<\/strong><\/p>\n<p><strong>Juanpe, Aar\u00f3n Ochoa y Darko Brasanac<\/strong> contin\u00faan recuper\u00e1ndose de sus lesiones respectivamente. A ellos se les sum\u00f3 <strong>Dorrio<\/strong>, que tras someterse a pruebas m\u00e9dicas complementarias, sufre una lesi\u00f3n muscular en el cu\u00e1driceps derecho y queda <strong>pendiente de evoluci\u00f3n<\/strong>. Junto a ellos en el gimnasio, los lesionados de larga duraci\u00f3n <strong>Moussa Diarra, Ram\u00f3n, \u00c1lex Pastor y Luismi S\u00e1nchez<\/strong>. Ma\u00f1ana martes queda previsto el descanso semanal, volver\u00e1n a ejercitarse el mi\u00e9rcoles por la ma\u00f1ana.<\/p>\n<p class=\"auto-featured-caption\">Foto: Jos\u00e9 Manuel Campos (Radio MARCA M\u00e1laga)<\/p>\n","protected":false},"excerpt":{"rendered":"Compartir esta publicaci\u00f3n No hay mejor manera de arrancar la semana de trabajo cuando has hecho los deberes&hellip;\n","protected":false},"author":2,"featured_media":253624,"comment_status":"","ping_status":"","sticky":false,"template":"","format":"standard","meta":{"footnotes":""},"categories":[268],"tags":[168,25,24,280,282,281,23,167],"class_list":{"0":"post-253623","1":"post","2":"type-post","3":"status-publish","4":"format-standard","5":"has-post-thumbnail","7":"category-futbol","8":"tag-deportes","9":"tag-es","10":"tag-espana","11":"tag-football","12":"tag-futbol","13":"tag-soccer","14":"tag-spain","15":"tag-sports"},"share_on_mastodon":{"url":"https:\/\/pubeurope.com\/@es\/115606054846949263","error":""},"_links":{"self":[{"href":"https:\/\/www.europesays.com\/es\/wp-json\/wp\/v2\/posts\/253623","targetHints":{"allow":["GET"]}}],"collection":[{"href":"https:\/\/www.europesays.com\/es\/wp-json\/wp\/v2\/posts"}],"about":[{"href":"https:\/\/www.europesays.com\/es\/wp-json\/wp\/v2\/types\/post"}],"author":[{"embeddable":true,"href":"https:\/\/www.europesays.com\/es\/wp-json\/wp\/v2\/users\/2"}],"replies":[{"embeddable":true,"href":"https:\/\/www.europesays.com\/es\/wp-json\/wp\/v2\/comments?post=253623"}],"version-history":[{"count":0,"href":"https:\/\/www.europesays.com\/es\/wp-json\/wp\/v2\/posts\/253623\/revisions"}],"wp:featuredmedia":[{"embeddable":true,"href":"https:\/\/www.europesays.com\/es\/wp-json\/wp\/v2\/media\/253624"}],"wp:attachment":[{"href":"https:\/\/www.europesays.com\/es\/wp-json\/wp\/v2\/media?parent=253623"}],"wp:term":[{"taxonomy":"category","embeddable":true,"href":"https:\/\/www.europesays.com\/es\/wp-json\/wp\/v2\/categories?post=253623"},{"taxonomy":"post_tag","embeddable":true,"href":"https:\/\/www.europesays.com\/es\/wp-json\/wp\/v2\/tags?post=253623"}],"curies":[{"name":"wp","href":"https:\/\/api.w.org\/{rel}","templated":true}]}}