{"id":253626,"date":"2025-11-24T18:20:18","date_gmt":"2025-11-24T18:20:18","guid":{"rendered":"https:\/\/www.europesays.com\/es\/253626\/"},"modified":"2025-11-24T18:20:18","modified_gmt":"2025-11-24T18:20:18","slug":"el-arquitecto-kengo-kuma-se-inspira-en-murakami-para-la-reforma-de-la-biblioteca-universitaria-donde-estudio-el-escritor","status":"publish","type":"post","link":"https:\/\/www.europesays.com\/es\/253626\/","title":{"rendered":"El arquitecto Kengo Kuma se inspira en Murakami para la reforma de la biblioteca universitaria donde estudi\u00f3 el escritor"},"content":{"rendered":"<p>Haruki Murakami vivi\u00f3 en Europa brevemente a finales de los a\u00f1os 70: tras terminar su trabajo en Jap\u00f3n y dirigir un peque\u00f1o club de jazz, se traslad\u00f3 a <a href=\"https:\/\/www.arquitecturaydiseno.es\/estilo-de-vida\/historia-amor-entre-disenador-isamu-noguchi-grecia_9166\" rel=\"nofollow noopener\" target=\"_blank\">Grecia<\/a> e Italia alrededor de 1978\u20131979, donde escribi\u00f3 parte de sus primeras novelas y se inspir\u00f3 en la cultura europea, que luego contrastar\u00eda con la vida en Jap\u00f3n.<\/p>\n<p><strong>Para el c\u00e9lebre escritor, sin embargo, la belleza del viejo continente y la coherencia de su arquitectura le resultaba, a menudo, sofocante<\/strong>: \u00abCuando volv\u00ed a Jap\u00f3n, era feo, pero pod\u00eda relajarme\u00bb, comentaba a The Washington Post en 1989. \u00abPuedes hacer cualquier cosa, construir cualquier tipo de hogar junto a cualquier otro, comer desde chino hasta japon\u00e9s o italiano. Es el pa\u00eds m\u00e1s extra\u00f1o.\u00bb<\/p>\n<p>&#13;<img loading=\"lazy\" decoding=\"async\"   src=\"https:\/\/www.europesays.com\/es\/wp-content\/uploads\/2025\/11\/exterior-biblioteca-haruki-murakami-de-kengo-kuma_e9b11805_251124152550_1280x854.webp.webp\" alt=\"Exterior biblioteca Haruki Murakami de Kengo Kuma\" class=\"lazyload\" width=\"1280\" height=\"854\" data-aspectratio=\"1280\/854\"\/> La biblioteca Haruki Murakami, un espejo arquitect\u00f3nico de sus historias<\/p>\n<p>Esa sensaci\u00f3n de contraste entre lo for\u00e1neo y lo propio, lo extraordinario y lo cotidiano, es precisamente la que inspira la <strong>Biblioteca Haruki Murakami de la Universidad de Waseda, <\/strong>situada en el coraz\u00f3n de <a href=\"https:\/\/www.arquitecturaydiseno.es\/estilo-de-vida\/plan-tokio-para-conseguir-que-vivienda-sea-asequible_12347\" rel=\"nofollow noopener\" target=\"_blank\">Tokio<\/a>,<strong> inaugurada en 2021 y dise\u00f1ada por <a href=\"https:\/\/www.arquitecturaydiseno.es\/arquitectura\/entrevista-kengo-kuma_12558\" rel=\"nofollow noopener\" target=\"_blank\">Kengo Kuma<\/a>, quien, adem\u00e1s, fue profesor de la instituci\u00f3n<\/strong>. En este proyecto, el equipo de Kuma conjur\u00f3 el mundo de Murakami (tambi\u00e9n exalumno de Waseda) en el espacio, y se sirvi\u00f3 de t\u00faneles que act\u00faan como met\u00e1foras del <a href=\"https:\/\/www.arquitecturaydiseno.es\/arquitectura\/realismo-magico-jean-jaques-balzac-mirada-que-desafia-nuestra-concepcion-realidad_9989\" rel=\"nofollow noopener\" target=\"_blank\">realismo m\u00e1gico<\/a> tan presente en la literatura del autor japon\u00e9s.<\/p>\n<p><a href=\"https:\/\/www.arquitecturaydiseno.es\/arquitectura\/entrevista-kengo-kuma_12558\" data-ga4_event=\"custom_event\" data-ga4_event_name=\"click_intext\" data-ga4_link_url=\"https:\/\/www.arquitecturaydiseno.es\/arquitectura\/entrevista-kengo-kuma_12558\" data-ga4_link_text=\"kengo_kuma_arquitecto_si_fuese_profesor_en_barcelona_me_iria_a_tomar_algo_con_los_alumnos_y_hablaria_con_ellos_sobre_todo_lo_que_quieren_aprender\" data-ga4_content_type=\"photo\" data-ga4_element=\"related\" rel=\"nofollow noopener\" target=\"_blank\">&#13;&#13;<img loading=\"lazy\" decoding=\"async\" src=\"https:\/\/www.europesays.com\/es\/wp-content\/uploads\/2025\/10\/retrato-de-kengo-kuma_6d408d72_251023111459_600x600.webp.webp\" alt=\"Retrato de Kengo Kuma\" class=\"lazyload\" width=\"600\" height=\"600\" data-aspectratio=\"600\/600\"\/>&#13;&#13;<\/p>\n<p class=\"epigraph\">&#13;Noticia relacionada<\/p>\n<p class=\"title\">Kengo Kuma, arquitecto: \u00abSi fuese profesor en Barcelona, me ir\u00eda a tomar algo con los alumnos y hablar\u00eda con ellos sobre todo lo que quieren aprender\u00bb<\/p>\n<p><\/a><\/p>\n<p>Desde la entrada al edificio principal, Kuma se hace eco de cu\u00e1n influyente fue el trabajo de Murakami a la hora de concebir el proyecto. \u00abEl edificio original era normal y corriente, pero su normalidad es precisamente lo que hace que sea elegante. <strong>Descubrir lo ordinario es un tema importante, ya ves. Lo elegante e intrigante que puede ser nuestra vida cotidiana&#8230; \u00bfNo se transmite este concepto a lo largo de la literatura de Murakami?<\/strong> El mismo concepto se aplica cuando se trata de arquitectura\u201d, expres\u00f3 Kuma en una entrevista para la revista japonesa ADF.<\/p>\n<p>&#13;<img loading=\"lazy\" decoding=\"async\"   src=\"https:\/\/www.europesays.com\/es\/wp-content\/uploads\/2025\/11\/interior-biblioteca-haruki-murakami_600ac133_251124152532_1748x1240.webp.webp\" alt=\"Interior biblioteca Haruki Murakami\" class=\"lazyload\" width=\"1748\" height=\"1240\" data-aspectratio=\"1748\/1240\"\/> <a href=\"https:\/\/www.arquitecturaydiseno.es\/arquitectura\/ren-ito-arquitecto-japones-japon-todo-es-muy-rapido-europa-aprendi-a-valorar-tiempo-necesario-para-mantener-calidad_12653\" data-ga4_event=\"custom_event\" data-ga4_event_name=\"click_intext\" data-ga4_link_url=\"https:\/\/www.arquitecturaydiseno.es\/arquitectura\/ren-ito-arquitecto-japones-japon-todo-es-muy-rapido-europa-aprendi-a-valorar-tiempo-necesario-para-mantener-calidad_12653\" data-ga4_link_text=\"ren_ito_arquitecto_japones_\u201cen_europa_aprendi_a_ir_mas_lento_para_mantener_calidad\u201d\" data-ga4_content_type=\"photo\" data-ga4_element=\"related\" rel=\"nofollow noopener\" target=\"_blank\">&#13;&#13;<img loading=\"lazy\" decoding=\"async\" src=\"https:\/\/www.europesays.com\/es\/wp-content\/uploads\/2025\/11\/ren-ito_e0bb9e79_558689_251114111732_600x600.webp.webp\" alt=\"Ren Ito\" class=\"lazyload\" width=\"600\" height=\"600\" data-aspectratio=\"600\/600\"\/>&#13;&#13;<\/p>\n<p class=\"epigraph\">&#13;Noticia relacionada<\/p>\n<p class=\"title\">Ren Ito, arquitecto japon\u00e9s: \u201cEn Europa aprend\u00ed a ir m\u00e1s lento para mantener calidad\u201d<\/p>\n<p><\/a>Los elementos que materializan el realismo m\u00e1gico murakamiano<\/p>\n<p>El estudio arquitect\u00f3nico neutraliz\u00f3 el edificio original pint\u00e1ndolo de blanco, y adicion\u00f3 una estructura de madera en forma de dosel tridimensional que funciona como medio de conexi\u00f3n entre el exterior y el interior de la biblioteca. <strong>El resultado es un contraste de lo m\u00e1s interesante: frente al cemento fr\u00edo de la obra original, la madera ofrece un contrapunto m\u00e1s c\u00e1lido y un elemento org\u00e1nico que conecta directamente con el universo Murakami.<\/strong><\/p>\n<p>Esta estructura, precisamente, atraviesa todo el edificio \u201ctrascendiendo tiempo y espacio, una traducci\u00f3n a la arquitectura de los t\u00faneles de las novelas de Murakami que conectan diferentes dimensiones\u201d, se\u00f1ala Kuma. Adem\u00e1s del elemento po\u00e9tico, el t\u00fanel funciona no solo como pasaje, sino que tambi\u00e9n como estanter\u00eda, espacio de teatro y sala de conferencias, materializando en el edificio la voluntad de crear un lugar de encuentro cultural y literario. \u00a0<\/p>\n<p><a href=\"https:\/\/www.arquitecturaydiseno.es\/arquitectura\/jin-taira-arquitecto-hispanojapones-a-japoneses-les-encanta-estudiar-y-aprender-cosas-sobre-espana-porque-ven-ese-reflejo-entre-ambas-culturas_12508\" data-ga4_event=\"custom_event\" data-ga4_event_name=\"click_intext\" data-ga4_link_url=\"https:\/\/www.arquitecturaydiseno.es\/arquitectura\/jin-taira-arquitecto-hispanojapones-a-japoneses-les-encanta-estudiar-y-aprender-cosas-sobre-espana-porque-ven-ese-reflejo-entre-ambas-culturas_12508\" data-ga4_link_text=\"jin_taira_arquitecto_a_los_japoneses_les_encanta_estudiar_cosas_sobre_espana\" data-ga4_content_type=\"photo\" data-ga4_element=\"related\" rel=\"nofollow noopener\" target=\"_blank\">&#13;&#13;<img loading=\"lazy\" decoding=\"async\" src=\"https:\/\/www.europesays.com\/es\/wp-content\/uploads\/2025\/10\/jin-taira-arquitecto-hispanojapones_20c12593_251013155317_600x600.webp.webp\" alt=\"Jin Taira, arquitecto hispanojapon\u00e9s\" class=\"lazyload\" width=\"600\" height=\"600\" data-aspectratio=\"600\/600\"\/>&#13;&#13;<\/p>\n<p class=\"epigraph\">&#13;Noticia relacionada<\/p>\n<p class=\"title\">Jin Taira, arquitecto: \u00abA los japoneses les encanta estudiar cosas sobre Espa\u00f1a\u00bb<\/p>\n<p><\/a><\/p>\n<p>En conversaci\u00f3n con el portal de noticias de la propia universidad, Keita Watanabe, jefe del proyecto y supervisor de la obra, comentaba que la biblioteca \u201cmuestra la naturaleza amable de Murakami a trav\u00e9s de elementos de dise\u00f1o, como las barandillas o las estanter\u00edas\u201d, y a\u00f1ade, \u201c<strong>Al implementar caracter\u00edsticas como curvaturas redondeadas, transmitimos la amabilidad de Murakami a trav\u00e9s de una imagen flexible. <\/strong>Quer\u00edamos hacer algo diferente precisamente porque esta es la Biblioteca Haruki Murakami\u00bb.<\/p>\n","protected":false},"excerpt":{"rendered":"Haruki Murakami vivi\u00f3 en Europa brevemente a finales de los a\u00f1os 70: tras terminar su trabajo en Jap\u00f3n&hellip;\n","protected":false},"author":2,"featured_media":253627,"comment_status":"","ping_status":"","sticky":false,"template":"","format":"standard","meta":{"footnotes":""},"categories":[173],"tags":[229,233,231,230,232,234,146,147,25,24,23],"class_list":{"0":"post-253626","1":"post","2":"type-post","3":"status-publish","4":"format-standard","5":"has-post-thumbnail","7":"category-arte-y-diseno","8":"tag-arte","9":"tag-arte-y-diseno","10":"tag-arts","11":"tag-arts-and-design","12":"tag-design","13":"tag-diseno","14":"tag-entertainment","15":"tag-entretenimiento","16":"tag-es","17":"tag-espana","18":"tag-spain"},"share_on_mastodon":{"url":"https:\/\/pubeurope.com\/@es\/115606063057068182","error":""},"_links":{"self":[{"href":"https:\/\/www.europesays.com\/es\/wp-json\/wp\/v2\/posts\/253626","targetHints":{"allow":["GET"]}}],"collection":[{"href":"https:\/\/www.europesays.com\/es\/wp-json\/wp\/v2\/posts"}],"about":[{"href":"https:\/\/www.europesays.com\/es\/wp-json\/wp\/v2\/types\/post"}],"author":[{"embeddable":true,"href":"https:\/\/www.europesays.com\/es\/wp-json\/wp\/v2\/users\/2"}],"replies":[{"embeddable":true,"href":"https:\/\/www.europesays.com\/es\/wp-json\/wp\/v2\/comments?post=253626"}],"version-history":[{"count":0,"href":"https:\/\/www.europesays.com\/es\/wp-json\/wp\/v2\/posts\/253626\/revisions"}],"wp:featuredmedia":[{"embeddable":true,"href":"https:\/\/www.europesays.com\/es\/wp-json\/wp\/v2\/media\/253627"}],"wp:attachment":[{"href":"https:\/\/www.europesays.com\/es\/wp-json\/wp\/v2\/media?parent=253626"}],"wp:term":[{"taxonomy":"category","embeddable":true,"href":"https:\/\/www.europesays.com\/es\/wp-json\/wp\/v2\/categories?post=253626"},{"taxonomy":"post_tag","embeddable":true,"href":"https:\/\/www.europesays.com\/es\/wp-json\/wp\/v2\/tags?post=253626"}],"curies":[{"name":"wp","href":"https:\/\/api.w.org\/{rel}","templated":true}]}}