{"id":253630,"date":"2025-11-24T18:23:11","date_gmt":"2025-11-24T18:23:11","guid":{"rendered":"https:\/\/www.europesays.com\/es\/253630\/"},"modified":"2025-11-24T18:23:11","modified_gmt":"2025-11-24T18:23:11","slug":"alice-cooper-dice-que-jesucristo-es-el-nucleo-de-todo-la-vida-en-si-misma-y-describe-a-la-gente-mas-miserable-que-ha-conocido","status":"publish","type":"post","link":"https:\/\/www.europesays.com\/es\/253630\/","title":{"rendered":"Alice Cooper dice que Jesucristo \u00abes el n\u00facleo de todo, la vida en s\u00ed misma\u00bb y describe a la gente \u00abm\u00e1s miserable\u00bb que ha conocido"},"content":{"rendered":"<p data-start=\"205\" data-end=\"623\">Puede parecer imposible debido a su est\u00e9tica, su m\u00fasica y su estilo de vida, que a\u00f1os atr\u00e1s estuvo marcado por los excesos, pero el legendario rockero <strong data-start=\"360\" data-end=\"399\"><a target=\"_blank\" href=\"https:\/\/alicecooper.com\/\" rel=\"nofollow noopener\">Alice Cooper<\/a> <\/strong>es un devoto cristiano. Adem\u00e1s, cree firmemente que no le cuesta conciliar su impactante personalidad musical con sus creencias religiosas, que siempre han estado presentes en su vida, pero m\u00e1s a\u00fan cuando dej\u00f3 atr\u00e1s el alcohol y las drogas.<\/p>\n<p data-start=\"625\" data-end=\"1265\">En una entrevista con el pastor y evangelista <a target=\"_blank\" href=\"https:\/\/www.youtube.com\/@greglaurie\" rel=\"nofollow noopener\"><strong>Greg Laurie<\/strong><\/a>, Cooper explic\u00f3 qu\u00e9 significa Dios para \u00e9l: \u201cEs el n\u00facleo de todo. Es la vida misma. Es la luz. Es decir, si no giramos todos en torno a Cristo, estamos en alg\u00fan lugar remoto del espacio. \u00c9l te atrae. Te sientes atra\u00eddo por esa luz. Y no es algo que se pueda explicar con palabras. Es algo que te llega al coraz\u00f3n, donde de repente te das cuenta de qui\u00e9n es y te das cuenta de que: \u00abDios m\u00edo, no soy digno de esto\u00bb. Y aun as\u00ed, colgado en la cruz, \u00e9l sab\u00eda tu nombre, sab\u00eda el m\u00edo. Y eso me hizo pensar: \u00ab\u00bfC\u00f3mo no voy a creer en esto?\u00bb. Te cambia el coraz\u00f3n\u201d.<\/p>\n<p style=\"text-align: center;\" data-start=\"625\" data-end=\"1265\">\n<p data-start=\"1267\" data-end=\"2033\">Respecto a por qu\u00e9 cree que tanta gente exitosa, incluyendo a muchos de los m\u00fasicos de rock m\u00e1s importantes, luchan en silencio contra las drogas y el alcohol mientras aparentemente sobresalen en su oficio, Alice dijo: \u201cCreo que, si no tienes al Se\u00f1or en tu vida, siempre intentar\u00e1s llenar ese vac\u00edo con algo. O ser\u00e1n drogas, Ferraris, casas, esposas, esto o aquello, o fama, y nunca lo lograr\u00e1s. Porque existe ese algo interior en nosotros que, al nacer, nos reconecta con Dios, est\u00e1 ah\u00ed. E incluso si lo niegas, eso es lo que buscas. Y entonces dir\u00e1n: \u00abOh, la nueva moda es esto. Voy a ser budista\u00bb. \u00abVoy a ser vegetariano y practicar yoga con cabras\u00bb. \u00abVoy a ser esto\u00bb. Y lo recorren todo y siguen sin encontrarlo. Y el \u00faltimo lugar donde buscan es el Se\u00f1or\u201d.<\/p>\n<p data-start=\"2035\" data-end=\"2506\">Ese vac\u00edo, que se intenta paliar con bienes materiales, suele darse en un tipo de personas que Alice considera miserables: \u201cLas personas m\u00e1s miserables que conoc\u00ed eran multimillonarios, porque lo ten\u00edan todo y a\u00fan no, a\u00fan no hab\u00edan alcanzado esa plenitud. Los tres multimillonarios m\u00e1s grandes del mundo est\u00e1n en el espacio. \u00abIr\u00e9 al espacio. Quiz\u00e1s ah\u00ed lo encuentre\u00bb. \u00bfNo es raro? Es como una pel\u00edcula de James Bond\u201d.<\/p>\n<p style=\"text-align: center;\" data-start=\"2035\" data-end=\"2506\"><a target=\"_blank\" href=\"https:\/\/www.europesays.com\/es\/wp-content\/uploads\/2025\/11\/Azkena-Rock-Festival-2025.jpg\"><img fetchpriority=\"high\" decoding=\"async\" class=\"alignnone size-full wp-image-374203\" src=\"https:\/\/www.europesays.com\/es\/wp-content\/uploads\/2025\/11\/Azkena-Rock-Festival-2025.jpg\" alt=\"\" width=\"495\" height=\"700\"  \/><\/a><\/p>\n<p data-start=\"2508\" data-end=\"3340\">Tambi\u00e9n aprovech\u00f3 la ocasi\u00f3n para subrayar que se puede ser una estrella del rock y cristiano al mismo tiempo: \u201c\u00c9l no dijo: \u00abY ahora que eres cristiano, ya no puedes estar en el rock and roll\u00bb. Su plan era: \u00abAhora que eres cristiano, \u00fanete a una banda de rock and roll, pero s\u00edgueme, s\u00e9 Alice Cooper\u00bb. Y eso es lo que los cristianos no entienden. <\/p>\n<p data-start=\"2508\" data-end=\"3340\">Yo puedo ser Alice Cooper. Y no te imaginas cu\u00e1ntos correos electr\u00f3nicos recibo diciendo: \u00ab\u00bfRecuerdas esa canci\u00f3n que escribiste, <strong>\u00abHey Stoopid\u00bb<\/strong>? Me cambi\u00f3 la vida. Iba a suicidarme. Esa canci\u00f3n me lleg\u00f3\u00bb. Algunas canciones que no tienen ning\u00fan sentido, dicen: \u00abMe convert\u00ed a Cristo por esa canci\u00f3n\u00bb. Y yo les pregunto: \u00ab\u00bfEsa canci\u00f3n?\u00bb. Les habl\u00f3 de otra manera. Les dijo algo diferente. As\u00ed que ahora, cuando escribo, siempre intento que la letra apunte a Cristo, alguna letra\u201d.<\/p>\n<p style=\"text-align: center;\" data-start=\"2508\" data-end=\"3340\">\n<p data-start=\"3342\" data-end=\"3910\">Adem\u00e1s, el m\u00fasico tiene muy claro en qu\u00e9 lugar de prioridades est\u00e1 Dios para \u00e9l: \u201cSi ese no es tu objetivo final, y deber\u00eda ser el m\u00e1s importante, todo lo dem\u00e1s es secundario. Siempre lo he dicho, y a mucha gente no le gusta la afirmaci\u00f3n, pero si tuviera que ordenar lo que es importante para m\u00ed, Alice Cooper estar\u00eda en quinto lugar. Una vez que has respondido a esa llamada y te has comprometido con ella, y una vez que empiezas a darte cuenta de lo misericordiosos que hemos sido tratados y de la gracia que hemos recibido, cuando miras atr\u00e1s y dices: \u00ab\u00a1Guau!\u201d<\/p>\n<p data-start=\"3342\" data-end=\"3910\">En Espa\u00f1a, podremos disfrutar del explosivo directo de Alice Cooper <a href=\"https:\/\/mariskalrock.com\/actualidad\/alice-cooper-social-distortion-y-evaristo-encabezan-las-primeras-confirmaciones-del-azkena-rock-festival-2026\/\" target=\"_blank\" rel=\"noopener nofollow\"><strong>en una \u00fanica fecha<\/strong><\/a>\u00a0en el pa\u00eds en el\u00a0<a href=\"https:\/\/azkenarockfestival.com\/\" target=\"_blank\" rel=\"noopener nofollow\"><strong data-start=\"4700\" data-end=\"4724\">Azkena Rock Festival<\/strong><\/a>, que se celebrar\u00e1 los d\u00edas <strong>18, 19 y 20 de junio de 2026<\/strong> en<strong> Vitoria-Gasteiz<\/strong>, 17 a\u00f1os despu\u00e9s de su \u00faltima visita a la ciudad. La gran novedad de su show es que ha reunido a su banda original m\u00e1s de cinco d\u00e9cadas despu\u00e9s para lanzar el \u00e1lbum\u00a0<strong data-start=\"4965\" data-end=\"4991\">&#8216;The Revenge of Alice&#8217;<\/strong>, trabajo que vio la luz el pasado verano. La \u00faltima vez que disfrutamos de su espect\u00e1culo en Espa\u00f1a fue en 2024, durante el\u00a0<strong data-start=\"5116\" data-end=\"5133\">Alma Festival<\/strong>\u00a0de Barcelona.<\/p>\n<p style=\"text-align: center;\" data-start=\"3342\" data-end=\"3910\">\n<p>                         <a target=\"_blank\" href=\"http:\/\/www.mariskalrock.com\" class=\"url\" title=\"Alfonso Herreros\" rel=\"nofollow noopener\"> <img loading=\"lazy\" decoding=\"async\" alt=\"Alfonso Herreros\" src=\"https:\/\/www.europesays.com\/es\/wp-content\/uploads\/2025\/11\/1764008591_907_26c6e9bbf17d5bd012e077614c37eae6ad0f217989dda0aede0e4c1fcfe3ae72\"  class=\"avatar avatar-250 photo\" height=\"250\" width=\"250\"\/><\/a>  <a href=\"http:\/\/www.mariskalrock.com\" class=\"url\" target=\"_blank\" title=\"Alfonso Herreros\" rel=\"nofollow noopener\"><img loading=\"lazy\" decoding=\"async\" alt=\"Alfonso Herreros\" src=\"https:\/\/www.europesays.com\/es\/wp-content\/uploads\/2025\/11\/1764008591_907_26c6e9bbf17d5bd012e077614c37eae6ad0f217989dda0aede0e4c1fcfe3ae72\"  class=\"avatar avatar-250 photo\" height=\"250\" width=\"250\"\/><\/a>\u00daltimas entradas de Alfonso Herreros (<a target=\"_blank\" href=\"https:\/\/mariskalrock.com\/author\/alfonso-herreros\/\" rel=\"nofollow noopener\">ver todo<\/a>)  <\/p>\n","protected":false},"excerpt":{"rendered":"Puede parecer imposible debido a su est\u00e9tica, su m\u00fasica y su estilo de vida, que a\u00f1os atr\u00e1s estuvo&hellip;\n","protected":false},"author":2,"featured_media":253631,"comment_status":"","ping_status":"","sticky":false,"template":"","format":"standard","meta":{"footnotes":""},"categories":[170],"tags":[6551,64005,146,147,25,24,64006,64007,4622,184,185,23,64008],"class_list":{"0":"post-253630","1":"post","2":"type-post","3":"status-publish","4":"format-standard","5":"has-post-thumbnail","7":"category-musica","8":"tag-alice-cooper","9":"tag-azkena-rock-festival","10":"tag-entertainment","11":"tag-entretenimiento","12":"tag-es","13":"tag-espana","14":"tag-greg-laurie","15":"tag-hey-stoopid","16":"tag-mr2022","17":"tag-music","18":"tag-musica","19":"tag-spain","20":"tag-the-revenge-of-alice"},"share_on_mastodon":{"url":"https:\/\/pubeurope.com\/@es\/115606075293012430","error":""},"_links":{"self":[{"href":"https:\/\/www.europesays.com\/es\/wp-json\/wp\/v2\/posts\/253630","targetHints":{"allow":["GET"]}}],"collection":[{"href":"https:\/\/www.europesays.com\/es\/wp-json\/wp\/v2\/posts"}],"about":[{"href":"https:\/\/www.europesays.com\/es\/wp-json\/wp\/v2\/types\/post"}],"author":[{"embeddable":true,"href":"https:\/\/www.europesays.com\/es\/wp-json\/wp\/v2\/users\/2"}],"replies":[{"embeddable":true,"href":"https:\/\/www.europesays.com\/es\/wp-json\/wp\/v2\/comments?post=253630"}],"version-history":[{"count":0,"href":"https:\/\/www.europesays.com\/es\/wp-json\/wp\/v2\/posts\/253630\/revisions"}],"wp:featuredmedia":[{"embeddable":true,"href":"https:\/\/www.europesays.com\/es\/wp-json\/wp\/v2\/media\/253631"}],"wp:attachment":[{"href":"https:\/\/www.europesays.com\/es\/wp-json\/wp\/v2\/media?parent=253630"}],"wp:term":[{"taxonomy":"category","embeddable":true,"href":"https:\/\/www.europesays.com\/es\/wp-json\/wp\/v2\/categories?post=253630"},{"taxonomy":"post_tag","embeddable":true,"href":"https:\/\/www.europesays.com\/es\/wp-json\/wp\/v2\/tags?post=253630"}],"curies":[{"name":"wp","href":"https:\/\/api.w.org\/{rel}","templated":true}]}}