{"id":253634,"date":"2025-11-24T18:25:22","date_gmt":"2025-11-24T18:25:22","guid":{"rendered":"https:\/\/www.europesays.com\/es\/253634\/"},"modified":"2025-11-24T18:25:22","modified_gmt":"2025-11-24T18:25:22","slug":"los-protagonistas-del-gp-de-las-vegas","status":"publish","type":"post","link":"https:\/\/www.europesays.com\/es\/253634\/","title":{"rendered":"Los protagonistas del GP de Las Vegas"},"content":{"rendered":"<p class=\"description\">&#13;<br \/>\n\t\t\t\t\t\t\t\t\t\t\t\t\t\tEl Gran Premio de Las Vegas dej\u00f3 un escenario que estrecha la lucha por el campeonato tras un fin de semana condicionado por un cambio inesperado en el resultado final que alter\u00f3 la clasificaci\u00f3n y el reparto de puntos. La victoria de Max Verstappen, acompa\u00f1ado inicialmente en el podio por Lando Norris y George Russell, se produjo en un contexto marcado por la posterior descalificaci\u00f3n del equipo McLaren, que modific\u00f3 de forma significativa el orden definitivo. En este marco, la actuaci\u00f3n de Carlos Sainz volvi\u00f3 a situarlo entre los nombres propios del evento por su regularidad y competitividad. &#13;\n\t\t\t\t\t\t\t\t\t\t\t\t\t<\/p>\n<p><strong>La cara<\/strong><\/p>\n<p>La cara del fin de semana fue, sin discusi\u00f3n, <strong>Max Verstappen<\/strong>, principal protagonista del Gran Premio. El neerland\u00e9s volvi\u00f3 a mostrar su car\u00e1cter competitivo desde la salida, tom\u00f3 el liderato en la primera curva y gestion\u00f3 la carrera con firmeza hasta cruzar la meta en primera posici\u00f3n. Su actuaci\u00f3n refuerza su presencia en la lucha por el t\u00edtulo y confirma su capacidad para maximizar cada oportunidad.<\/p>\n<p>Junto a \u00e9l, tambi\u00e9n destac\u00f3 <strong>Carlos Sainz<\/strong>, que firm\u00f3 un fin de semana s\u00f3lido. El piloto espa\u00f1ol mantuvo un rendimiento constante tanto en clasificaci\u00f3n, donde logr\u00f3 un meritorio <strong>tercer puesto<\/strong>, como en carrera, mostrando solvencia en el trazado urbano de Las Vegas. Su resultado permite a <strong>Williams<\/strong> dejar pr\u00e1cticamente certificada la <strong>quinta plaza en el Mundial de Constructores<\/strong>.<\/p>\n<p><strong>La cruz<\/strong><\/p>\n<p>La cruz del fin de semana fue <strong>McLaren<\/strong>. Los monoplazas de <strong>Lando Norris<\/strong> y <strong>Oscar Piastri<\/strong> fueron descalificados tras la carrera por incumplir la normativa t\u00e9cnica relativa al desgaste del fondo plano. La sanci\u00f3n supuso la p\u00e9rdida de todos los puntos obtenidos y un vuelco importante en la clasificaci\u00f3n final.<\/p>\n<p>En el caso de Norris, el impacto result\u00f3 especialmente significativo. El brit\u00e1nico hab\u00eda finalizado <strong>segundo en pista<\/strong>, en un resultado que parec\u00eda dejar <strong>medio sentenciado el Mundial<\/strong> a su favor. Sin embargo, la exclusi\u00f3n le hizo perder una ventaja clave y abre nuevamente el escenario, con <strong>Max Verstappen<\/strong> convertido ahora en su principal amenaza en la lucha por el campeonato.<\/p>\n<p><strong>Premio a la constancia<\/strong><\/p>\n<p>El premio a la constancia vuelve a dejar una menci\u00f3n obligada para <strong>Max Verstappen<\/strong>, que una vez m\u00e1s mostr\u00f3 su agresividad competitiva y su determinaci\u00f3n por mantenerse en la pelea por el t\u00edtulo, sellando una nueva victoria y subiendo de nuevo al podio.<\/p>\n<p>No obstante, el foco principal recae en <strong>George Russell<\/strong>, el llamado \u201chombre invisible\u201d porque siempre est\u00e1 ah\u00ed sin darte cuenta. El piloto brit\u00e1nico volvi\u00f3 a cumplir con su papel habitual: discreto, eficaz y siempre presente cuando surgen oportunidades. Su tercera posici\u00f3n final supone un nuevo podio construido sobre la constancia, la fiabilidad y la capacidad de aprovechar las circunstancias de carrera.<\/p>\n<p><strong>La decepci\u00f3n<\/strong><\/p>\n<p>La decepci\u00f3n fue <strong>Lewis Hamilton<\/strong>. El piloto brit\u00e1nico no logr\u00f3 encontrar el ritmo en ning\u00fan momento del fin de semana. Clasific\u00f3 \u00faltimo, algo que no suced\u00eda para un piloto de Ferrari desde <strong>Luca Badoer en 2009<\/strong>. En carrera, pese a un inicio prometedor que lo situ\u00f3 en la <strong>12.\u00aa posici\u00f3n<\/strong>, su progresi\u00f3n se fue diluyendo hasta terminar en un discreto <strong>octavo puesto<\/strong>.<\/p>\n<p>A esta sensaci\u00f3n se suma la actuaci\u00f3n de <strong>Oscar Piastri<\/strong>, que al margen de la sanci\u00f3n t\u00e9cnica, se mostr\u00f3 claramente por debajo del nivel de su compa\u00f1ero. En ning\u00fan momento del fin de semana tuvo el ritmo de Norris y su rendimiento dej\u00f3 se\u00f1ales de falta de consistencia en un momento clave de la temporada.<\/p>\n<p><strong>Piloto del d\u00eda<\/strong><\/p>\n<p>La menci\u00f3n de piloto del d\u00eda recae en <strong>Max Verstappen<\/strong>. El piloto neerland\u00e9s logr\u00f3 una victoria que supone la <strong>n\u00famero 69 de su trayectoria<\/strong>, reafirmando su capacidad para rendir en contextos de m\u00e1xima presi\u00f3n, un escenario en el que hist\u00f3ricamente ha mostrado su mejor versi\u00f3n.<\/p>\n<p>Gracias a este resultado, reaviva sus opciones en el campeonato y reduce su desventaja a <strong>24 puntos respecto al l\u00edder<\/strong>. Mientras Verstappen ya ha demostrado su solvencia en situaciones l\u00edmite, queda por ver si <strong>Lando Norris<\/strong> ser\u00e1 capaz de mantener ese liderato hasta el final de la temporada.<\/p>\n<p><strong>La sorpresa<\/strong><\/p>\n<p>La sorpresa fue <strong>Kimi Antonelli<\/strong>. El piloto italiano part\u00eda desde una posici\u00f3n retrasada tras una clasificaci\u00f3n discreta y, adem\u00e1s, recibi\u00f3 una <strong>penalizaci\u00f3n de cinco segundos<\/strong> por un error en la salida. A pesar de ello, protagoniz\u00f3 una remontada sostenida hasta situarse en la <strong>quinta posici\u00f3n en pista<\/strong>.<\/p>\n<p>Su actuaci\u00f3n se vio respaldada por una estrategia eficaz del equipo y una notable gesti\u00f3n de neum\u00e1ticos, logrando completar un stint de <strong>47 vueltas con el compuesto duro<\/strong>, m\u00e1s que ning\u00fan otro piloto en carrera. Posteriormente, la <strong>descalificaci\u00f3n de los dos McLaren<\/strong> le permiti\u00f3 ascender hasta el <strong>tercer puesto final<\/strong>.<\/p>\n<p><strong>El dato<\/strong><\/p>\n<p>El dato destacado del Gran Premio refleja que lo que inicialmente apuntaba a una ventaja de <strong>42 puntos para Lando Norris<\/strong> sobre <strong>Max Verstappen<\/strong> qued\u00f3 finalmente reducida a <strong>24 puntos<\/strong>, con dos carreras y una sprint a\u00fan por disputarse. En este contexto, vuelve a cobrar relevancia el precedente de <strong>2010<\/strong>, cuando <strong>Sebastian Vettel<\/strong>, tambi\u00e9n con <strong>Red Bull<\/strong>, logr\u00f3 revertir una desventaja de <strong>25 puntos<\/strong> a falta de dos pruebas para proclamarse campe\u00f3n del mundo.<\/p>\n","protected":false},"excerpt":{"rendered":"&#13; El Gran Premio de Las Vegas dej\u00f3 un escenario que estrecha la lucha por el campeonato tras&hellip;\n","protected":false},"author":2,"featured_media":253635,"comment_status":"","ping_status":"","sticky":false,"template":"","format":"standard","meta":{"footnotes":""},"categories":[93],"tags":[168,25,24,23,167],"class_list":{"0":"post-253634","1":"post","2":"type-post","3":"status-publish","4":"format-standard","5":"has-post-thumbnail","7":"category-deportes","8":"tag-deportes","9":"tag-es","10":"tag-espana","11":"tag-spain","12":"tag-sports"},"share_on_mastodon":{"url":"https:\/\/pubeurope.com\/@es\/115606082448420132","error":""},"_links":{"self":[{"href":"https:\/\/www.europesays.com\/es\/wp-json\/wp\/v2\/posts\/253634","targetHints":{"allow":["GET"]}}],"collection":[{"href":"https:\/\/www.europesays.com\/es\/wp-json\/wp\/v2\/posts"}],"about":[{"href":"https:\/\/www.europesays.com\/es\/wp-json\/wp\/v2\/types\/post"}],"author":[{"embeddable":true,"href":"https:\/\/www.europesays.com\/es\/wp-json\/wp\/v2\/users\/2"}],"replies":[{"embeddable":true,"href":"https:\/\/www.europesays.com\/es\/wp-json\/wp\/v2\/comments?post=253634"}],"version-history":[{"count":0,"href":"https:\/\/www.europesays.com\/es\/wp-json\/wp\/v2\/posts\/253634\/revisions"}],"wp:featuredmedia":[{"embeddable":true,"href":"https:\/\/www.europesays.com\/es\/wp-json\/wp\/v2\/media\/253635"}],"wp:attachment":[{"href":"https:\/\/www.europesays.com\/es\/wp-json\/wp\/v2\/media?parent=253634"}],"wp:term":[{"taxonomy":"category","embeddable":true,"href":"https:\/\/www.europesays.com\/es\/wp-json\/wp\/v2\/categories?post=253634"},{"taxonomy":"post_tag","embeddable":true,"href":"https:\/\/www.europesays.com\/es\/wp-json\/wp\/v2\/tags?post=253634"}],"curies":[{"name":"wp","href":"https:\/\/api.w.org\/{rel}","templated":true}]}}