{"id":253638,"date":"2025-11-24T18:27:11","date_gmt":"2025-11-24T18:27:11","guid":{"rendered":"https:\/\/www.europesays.com\/es\/253638\/"},"modified":"2025-11-24T18:27:11","modified_gmt":"2025-11-24T18:27:11","slug":"el-gran-atraco-de-las-chuches-gana-el-ii-concurso-de-cortometrajes-archidona-cinema-cine-y-tv","status":"publish","type":"post","link":"https:\/\/www.europesays.com\/es\/253638\/","title":{"rendered":"\u201cEl gran atraco de las Chuches\u201d gana el II Concurso de Cortometrajes Archidona Cinema | Cine y TV"},"content":{"rendered":"<p class=\"loc\">Archidona<\/p>\n<p>Archidona ha vivido un fin de semana marcado por el cine joven y la creatividad. El cortometraje El gran atraco de las Chuches, dirigido por \u00c1lvaro Le\u00f3n, se ha alzado con el premio al mejor corto en la segunda edici\u00f3n de Archidona Cinema. El joven realizador repite triunfo, despu\u00e9s de ganar tambi\u00e9n en 2024 con su obra Roberto.<\/p>\n<p>El fallo del jurado se dio a conocer este domingo en el Auditorio Municipal Luis Miranda, durante una gala de clausura conducida por los actores Carmen \u00c1guila y Antonio Salazar. La cita puso fin a tres d\u00edas de actividad intensa, en los que 13 equipos rodaron, editaron y presentaron sus cortometrajes en tiempo r\u00e9cord por las calles de la localidad.<\/p>\n<p>13 equipos inscritos<\/p>\n<p>Durante la gala se proyectaron todas las obras en concurso antes de la entrega de premios, un acto en el que particip\u00f3 el alcalde, Manuel Almohalla. El regidor destac\u00f3 el valor del certamen para apoyar a los j\u00f3venes creadores y para consolidar a Archidona como un espacio que apuesta por el talento emergente.<\/p>\n<p>Adem\u00e1s de la competici\u00f3n, el programa incluy\u00f3 actividades formativas y culturales. El s\u00e1bado se celebr\u00f3 un taller de interpretaci\u00f3n impartido por Carmen \u00c1guila, mientras que la ma\u00f1ana del domingo la Plaza Ochavada acogi\u00f3 un taller de maquillaje de cine dirigido por Julia Mateos. La clausura cont\u00f3 con la actuaci\u00f3n del quinteto de clarinetes de la Banda Maestro Jos\u00e9 Gal\u00e1n.<\/p>\n","protected":false},"excerpt":{"rendered":"Archidona Archidona ha vivido un fin de semana marcado por el cine joven y la creatividad. El cortometraje&hellip;\n","protected":false},"author":2,"featured_media":253639,"comment_status":"","ping_status":"","sticky":false,"template":"","format":"standard","meta":{"footnotes":""},"categories":[91],"tags":[146,147,25,24,23],"class_list":{"0":"post-253638","1":"post","2":"type-post","3":"status-publish","4":"format-standard","5":"has-post-thumbnail","7":"category-entretenimiento","8":"tag-entertainment","9":"tag-entretenimiento","10":"tag-es","11":"tag-espana","12":"tag-spain"},"share_on_mastodon":{"url":"https:\/\/pubeurope.com\/@es\/115606090255028258","error":""},"_links":{"self":[{"href":"https:\/\/www.europesays.com\/es\/wp-json\/wp\/v2\/posts\/253638","targetHints":{"allow":["GET"]}}],"collection":[{"href":"https:\/\/www.europesays.com\/es\/wp-json\/wp\/v2\/posts"}],"about":[{"href":"https:\/\/www.europesays.com\/es\/wp-json\/wp\/v2\/types\/post"}],"author":[{"embeddable":true,"href":"https:\/\/www.europesays.com\/es\/wp-json\/wp\/v2\/users\/2"}],"replies":[{"embeddable":true,"href":"https:\/\/www.europesays.com\/es\/wp-json\/wp\/v2\/comments?post=253638"}],"version-history":[{"count":0,"href":"https:\/\/www.europesays.com\/es\/wp-json\/wp\/v2\/posts\/253638\/revisions"}],"wp:featuredmedia":[{"embeddable":true,"href":"https:\/\/www.europesays.com\/es\/wp-json\/wp\/v2\/media\/253639"}],"wp:attachment":[{"href":"https:\/\/www.europesays.com\/es\/wp-json\/wp\/v2\/media?parent=253638"}],"wp:term":[{"taxonomy":"category","embeddable":true,"href":"https:\/\/www.europesays.com\/es\/wp-json\/wp\/v2\/categories?post=253638"},{"taxonomy":"post_tag","embeddable":true,"href":"https:\/\/www.europesays.com\/es\/wp-json\/wp\/v2\/tags?post=253638"}],"curies":[{"name":"wp","href":"https:\/\/api.w.org\/{rel}","templated":true}]}}