{"id":253644,"date":"2025-11-24T18:31:13","date_gmt":"2025-11-24T18:31:13","guid":{"rendered":"https:\/\/www.europesays.com\/es\/253644\/"},"modified":"2025-11-24T18:31:13","modified_gmt":"2025-11-24T18:31:13","slug":"cierra-la-cerveceria-la-internacional-por-jubilacion","status":"publish","type":"post","link":"https:\/\/www.europesays.com\/es\/253644\/","title":{"rendered":"cierra la Cervecer\u00eda La Internacional por jubilaci\u00f3n"},"content":{"rendered":"<p style=\"\"><strong>Noticia triste para los amantes de la cerveza en Sevilla <\/strong>(y bastante m\u00e1s que de la cerveza). Y es que <strong>la Cervecer\u00eda La Internacional ha cerrado sus puertas<\/strong>. Este negocio se hab\u00eda convertido en un cl\u00e1sico del Centro de Sevilla por las m\u00faltiples  &#8230; variedades que ofrec\u00eda de esta bebida, pero tambi\u00e9n por algunos de sus platos. <strong>El motivo del adi\u00f3s es la jubilaci\u00f3n de Antonia Morena, su due\u00f1a<\/strong>. <\/p>\n<p class=\"voc-p\" style=\"\">Todo el que pasa actualmente por la <strong>calle Gamazo <\/strong>se encuentra con las <strong>persianas bajadas de la Cervecer\u00eda La Internacional <\/strong>y con un <strong>cartel que no deja lugar a dudas: \u00abCerrado por jubilaci\u00f3n\u00bb<\/strong>. Abierto desde 1987, ahora que estaba <strong>pr\u00f3ximo a cumplir 40 a\u00f1os<\/strong>, en la familia han tomado la decisi\u00f3n de cerrar el negocio. <\/p>\n<p class=\"voc-p\" style=\"\">Como indica su nombre, La Internacional es una cervecer\u00eda y, por tanto, era conocida por la <strong>gran variedad de cervezas que ofrec\u00eda<\/strong>. Pero en este local <strong>tambi\u00e9n se pod\u00eda comer <\/strong>y, de hecho, <strong>su ensaladilla siempre se ha colado en multitud de rankings por tener una de las mejores de la ciudad<\/strong>, por lo que la presentaban como una de sus especialidades: \u00abEspecialidad: ensaladilla de gambas, fabes caseras, garbanzos con bacalao, costilla de cerdo ib\u00e9rico en adobo, filete de lomo de cerdo con mojo pic\u00f3n, filete de pollo con col ali\u00f1ada y torta de la serena con nueces\u00bb. <\/p>\n<p class=\"voc-p\" style=\"\">Eso s\u00ed, lo que realmente llamaba la atenci\u00f3n era que hab\u00eda llegado a ofrecer <strong>alrededor de 300 tipos de cerveza<\/strong>, siendo, l\u00f3gicamente, muchas de otros pa\u00edses. \u00ab15 grifos de cervezas de primeras marcas europeas y m\u00e1s de 250 marcas de cervezas embotelladas de todo el mundo\u00bb. <strong>As\u00ed se presentaban<\/strong>. Ahora falta por saber qu\u00e9 pasar\u00e1 con este local, ubicado en una zona muy concurrida y que a buen seguro contar\u00e1 con una nueva vida pr\u00f3ximamente. <\/p>\n","protected":false},"excerpt":{"rendered":"Noticia triste para los amantes de la cerveza en Sevilla (y bastante m\u00e1s que de la cerveza). Y&hellip;\n","protected":false},"author":2,"featured_media":253645,"comment_status":"","ping_status":"","sticky":false,"template":"","format":"standard","meta":{"footnotes":""},"categories":[8],"tags":[6831,17,18,23393,500,5145,25,24,13,14,11,61,8881,19,20,9,10,15,16,1171,23,12,21,22],"class_list":{"0":"post-253644","1":"post","2":"type-post","3":"status-publish","4":"format-standard","5":"has-post-thumbnail","7":"category-espana","8":"tag-adios","9":"tag-breaking-news","10":"tag-breakingnews","11":"tag-cerveceria","12":"tag-cierra","13":"tag-clasico","14":"tag-es","15":"tag-espana","16":"tag-featured-news","17":"tag-featurednews","18":"tag-headlines","19":"tag-internacional","20":"tag-jubilacion","21":"tag-latest-news","22":"tag-latestnews","23":"tag-news","24":"tag-noticias","25":"tag-noticias-destacadas","26":"tag-noticiasdestacadas","27":"tag-sevilla","28":"tag-spain","29":"tag-titulares","30":"tag-ultimas-noticias","31":"tag-ultimasnoticias"},"share_on_mastodon":{"url":"","error":""},"_links":{"self":[{"href":"https:\/\/www.europesays.com\/es\/wp-json\/wp\/v2\/posts\/253644","targetHints":{"allow":["GET"]}}],"collection":[{"href":"https:\/\/www.europesays.com\/es\/wp-json\/wp\/v2\/posts"}],"about":[{"href":"https:\/\/www.europesays.com\/es\/wp-json\/wp\/v2\/types\/post"}],"author":[{"embeddable":true,"href":"https:\/\/www.europesays.com\/es\/wp-json\/wp\/v2\/users\/2"}],"replies":[{"embeddable":true,"href":"https:\/\/www.europesays.com\/es\/wp-json\/wp\/v2\/comments?post=253644"}],"version-history":[{"count":0,"href":"https:\/\/www.europesays.com\/es\/wp-json\/wp\/v2\/posts\/253644\/revisions"}],"wp:featuredmedia":[{"embeddable":true,"href":"https:\/\/www.europesays.com\/es\/wp-json\/wp\/v2\/media\/253645"}],"wp:attachment":[{"href":"https:\/\/www.europesays.com\/es\/wp-json\/wp\/v2\/media?parent=253644"}],"wp:term":[{"taxonomy":"category","embeddable":true,"href":"https:\/\/www.europesays.com\/es\/wp-json\/wp\/v2\/categories?post=253644"},{"taxonomy":"post_tag","embeddable":true,"href":"https:\/\/www.europesays.com\/es\/wp-json\/wp\/v2\/tags?post=253644"}],"curies":[{"name":"wp","href":"https:\/\/api.w.org\/{rel}","templated":true}]}}