{"id":253648,"date":"2025-11-24T18:38:12","date_gmt":"2025-11-24T18:38:12","guid":{"rendered":"https:\/\/www.europesays.com\/es\/253648\/"},"modified":"2025-11-24T18:38:12","modified_gmt":"2025-11-24T18:38:12","slug":"el-regreso-de-badosa-se-adelanta-en-la-world-tennis-league","status":"publish","type":"post","link":"https:\/\/www.europesays.com\/es\/253648\/","title":{"rendered":"El regreso de Badosa se adelanta en la World Tennis League"},"content":{"rendered":"<p class=\"\"><a href=\"https:\/\/as.com\/noticias\/paula-badosa-gibert\/\" target=\"_self\" rel=\"nofollow noopener\" title=\"https:\/\/as.com\/noticias\/paula-badosa-gibert\/\"><b>Paula Badosa<\/b><\/a><b> <\/b>volver\u00e1 a competir sobre una pista de tenis antes de que termine 2025. La espa\u00f1ola, que no juega desde que tuvo que retirarse por lesi\u00f3n en la segunda ronda del <b>WTA 500 <\/b>de <b>Pek\u00edn<\/b>, cuando jugaba contra la checa <b>Karolina Muchova <\/b>a finales del pasado mes de septiembre, volver\u00e1 a la acci\u00f3n en la tercera edici\u00f3n de la <b>World Tennis League<\/b>, que se celebrar\u00e1 en <b>Abu Dabi <\/b>del 9 al 22 de septiembre.<\/p>\n<blockquote class=\"twitter-tweet\">\n<p lang=\"en\" dir=\"ltr\">The AOS Eagles are back with a solid lineup! <\/p>\n<p>Monfils delivers showmanship and impossible gets, Badosa brings match-flipping power, Nagal returns with momentum, and Bhamidipaty adds rising-star spark. <\/p>\n<p>After winning Season 2, they look ready to turn the energy up again. \ud83d\udc9b\ud83c\udfbe <a href=\"https:\/\/t.co\/dUTbhIUXQD\" rel=\"nofollow\">pic.twitter.com\/dUTbhIUXQD<\/a><\/p>\n<p>\u2014 World Tennis League (@TennisWorl76726) <a href=\"https:\/\/twitter.com\/TennisWorl76726\/status\/1992909591399821700?ref_src=twsrc%5Etfw\" rel=\"nofollow noopener\" target=\"_blank\">November 24, 2025<\/a><\/p><\/blockquote>\n<p class=\"\"><b>Badosa<\/b>, que ha tenido un 2025 duro por culpa de diferentes problemas f\u00edsicos,<b> <\/b>ya compiti\u00f3 en este torneo de exhibici\u00f3n por equipos <a href=\"https:\/\/as.com\/tenis\/mas_tenis\/los-kite-de-badosa-a-la-final-de-la-world-tennis-league-n\/\" target=\"_self\" rel=\"nofollow noopener\" title=\"https:\/\/as.com\/tenis\/mas_tenis\/los-kite-de-badosa-a-la-final-de-la-world-tennis-league-n\/\">en 2023<\/a> (fue finalista) y <a href=\"https:\/\/as.com\/tenis\/mas_tenis\/badosa-diversion-sin-premio-n\/\" target=\"_self\" rel=\"nofollow noopener\" title=\"https:\/\/as.com\/tenis\/mas_tenis\/badosa-diversion-sin-premio-n\/\">en 2024<\/a>, cuando jug\u00f3 en dobles con el griego <b>Stefanos Tsitsipas<\/b>, quien era su pareja por aquel entonces. Ahora formar\u00e1 parte de los <b>Eagles<\/b>, junto al franc\u00e9s <b>Gael Monfils <\/b>y los tenistas indios <b>Sumit Nagal <\/b>y <b>Shrivalli Bhamidipaty<\/b>. <\/p>\n<p class=\"\">En este evento tambi\u00e9n estar\u00e1n <b>Kick Kyrgios<\/b>, <b>Dhakshineswar Suresh<\/b>, <b>Marta Kostyuk <\/b>y <b>Ankita Raina <\/b>(<b>Kites<\/b>); <b>Denis Shapovalov<\/b>, <b>Yuki Bhambri<\/b>, <b>Elina Svitolina <\/b>y <b>Maaya Revathi <\/b>(<b>Hawks<\/b>), y <b>Daniil Medvedev<\/b>, <b>Rohan Bopanna<\/b>, <b>Magda Linette <\/b>y <b>Sahaja Yamalapalli <\/b>(<b>Falcons<\/b>).<\/p>\n<p>Noticias relacionadas<a href=\"https:\/\/as.com\/tenis\/copa_davis\/ferrer-buscare-otra-manera-diferente-para-tener-a-los-mejores-f202511-n\/\" class=\"s_m_w\" title=\"El capit\u00e1n de la Selecci\u00f3n espa\u00f1ola atiende a AS despu\u00e9s de que su equipo se proclame subcampe\u00f3n de la Copa Davis. \u201cCon Carlos sube el nivel del equipo\u201d.\" data-tb-link=\"\" rel=\"nofollow noopener\" target=\"_blank\"><img decoding=\"async\" src=\"https:\/\/www.europesays.com\/es\/wp-content\/uploads\/2025\/11\/VUH55SZIJROYXNPFE6UWYGJTIE.jpg\" alt=\"Ferrer: \u201cBuscar\u00e9 otra manera diferente para tener a los mejores\u201d\" class=\"\" height=\"9\" width=\"16\"   loading=\"lazy\" data-tb-thumbnail=\"\"\/><\/a><a href=\"https:\/\/as.com\/tenis\/mas_tenis\/sinner-y-zverev-empiezan-la-temporada-de-las-maldivas-f202511-n\/\" class=\"s_m_w\" title=\"El italiano y el alem\u00e1n coincidieron en el avi\u00f3n que les llev\u00f3 de vacaciones a las islas asi\u00e1ticas tras el final de la temporada 2025 en el tenis.\" data-tb-link=\"\" rel=\"nofollow noopener\" target=\"_blank\"><img decoding=\"async\" src=\"https:\/\/www.europesays.com\/es\/wp-content\/uploads\/2025\/11\/1764009492_63_6Z7JSMM3FUFR7E2XDFXFGAMTCQ.jpg\" alt=\"Sinner y Zverev empiezan la \u201ctemporada de las Maldivas\u201d\" class=\"\" height=\"9\" width=\"16\"   loading=\"lazy\" data-tb-thumbnail=\"\"\/><\/a><\/p>\n<p class=\"\"><a href=\"https:\/\/as.com\/tikitakas\/famosos\/las-vacaciones-de-paula-badosa-y-sabalenka-piscina-y-mucho-baile-en-tiktok-f202510-n\/\" target=\"_self\" rel=\"nofollow noopener\" title=\"https:\/\/as.com\/tikitakas\/famosos\/las-vacaciones-de-paula-badosa-y-sabalenka-piscina-y-mucho-baile-en-tiktok-f202510-n\/\">Despu\u00e9s de pasar unos d\u00edas de vacaciones con su amiga <b>Aryna Sabalenka<\/b><\/a>, <b>Badosa <\/b>hizo un breve inciso en su preparaci\u00f3n para la pr\u00f3xima temporada para acudir la semana pasada <a href=\"https:\/\/as.com\/tikitakas\/famosos\/la-confesion-mas-sincera-de-paula-badosa-en-la-revuelta-pensaba-que-este-era-mi-ano-es-muy-frustrante-f202511-n\/\" target=\"_self\" rel=\"nofollow noopener\" title=\"https:\/\/as.com\/tikitakas\/famosos\/la-confesion-mas-sincera-de-paula-badosa-en-la-revuelta-pensaba-que-este-era-mi-ano-es-muy-frustrante-f202511-n\/\">al programa de <b>TVE <\/b><b>La Revuelta<\/b><\/a><b> <\/b>y contin\u00faa con la pretemporada en <b>Maldivas<\/b>. Su intenci\u00f3n es regresar oficialmente al circuito en la campa\u00f1a australiana, probablemente en el <b>WTA 500 <\/b>de <b>Brisbane <\/b>(4 al 11 de enero), antes de participar en el <b>Open de Australia<\/b>. <\/p>\n<p class=\"\"><b>\u00a1Tus opiniones importan!<\/b> Comenta en los art\u00edculos y suscr\u00edbete gratis a nuestra <a href=\"https:\/\/asfan.as.com\/newsletters\/\" target=\"_blank\" rel=\"nofollow noopener\" title=\"https:\/\/asfan.as.com\/newsletters\/\">newsletter<\/a> y a las alertas informativas en la <a href=\"https:\/\/as.com\/aplicacion-de-as-n\/\" target=\"_blank\" rel=\"nofollow noopener\" title=\"https:\/\/as.com\/aplicacion-de-as-n\/\">App<\/a> o el canal de <a href=\"https:\/\/www.whatsapp.com\/channel\/0029VaAasdA7j6g745nz9M10\" target=\"_blank\" rel=\"nofollow noopener\" title=\"https:\/\/www.whatsapp.com\/channel\/0029VaAasdA7j6g745nz9M10\">WhatsApp<\/a>. \u00bfBuscas licenciar contenido? Haz clic <a href=\"https:\/\/profesional.elpais.com\/soluciones-sindicacion?utm_medium=interno&amp;utm_source=crosslinking&amp;utm_campaign=sindicacion_as_pie_articulos\" target=\"_blank\" rel=\"nofollow noopener\" title=\"https:\/\/profesional.elpais.com\/soluciones-sindicacion?utm_medium=interno&amp;utm_source=crosslinking&amp;utm_campaign=sindicacion_as_pie_articulos\">aqu\u00ed<\/a><\/p>\n<p><script async src=\"https:\/\/platform.twitter.com\/widgets.js\" charset=\"utf-8\"><\/script><\/p>\n","protected":false},"excerpt":{"rendered":"Paula Badosa volver\u00e1 a competir sobre una pista de tenis antes de que termine 2025. La espa\u00f1ola, que&hellip;\n","protected":false},"author":2,"featured_media":253649,"comment_status":"","ping_status":"","sticky":false,"template":"","format":"standard","meta":{"footnotes":""},"categories":[274],"tags":[168,25,24,23,167,327,326],"class_list":{"0":"post-253648","1":"post","2":"type-post","3":"status-publish","4":"format-standard","5":"has-post-thumbnail","7":"category-tenis","8":"tag-deportes","9":"tag-es","10":"tag-espana","11":"tag-spain","12":"tag-sports","13":"tag-tenis","14":"tag-tennis"},"share_on_mastodon":{"url":"https:\/\/pubeurope.com\/@es\/115606134072720554","error":""},"_links":{"self":[{"href":"https:\/\/www.europesays.com\/es\/wp-json\/wp\/v2\/posts\/253648","targetHints":{"allow":["GET"]}}],"collection":[{"href":"https:\/\/www.europesays.com\/es\/wp-json\/wp\/v2\/posts"}],"about":[{"href":"https:\/\/www.europesays.com\/es\/wp-json\/wp\/v2\/types\/post"}],"author":[{"embeddable":true,"href":"https:\/\/www.europesays.com\/es\/wp-json\/wp\/v2\/users\/2"}],"replies":[{"embeddable":true,"href":"https:\/\/www.europesays.com\/es\/wp-json\/wp\/v2\/comments?post=253648"}],"version-history":[{"count":0,"href":"https:\/\/www.europesays.com\/es\/wp-json\/wp\/v2\/posts\/253648\/revisions"}],"wp:featuredmedia":[{"embeddable":true,"href":"https:\/\/www.europesays.com\/es\/wp-json\/wp\/v2\/media\/253649"}],"wp:attachment":[{"href":"https:\/\/www.europesays.com\/es\/wp-json\/wp\/v2\/media?parent=253648"}],"wp:term":[{"taxonomy":"category","embeddable":true,"href":"https:\/\/www.europesays.com\/es\/wp-json\/wp\/v2\/categories?post=253648"},{"taxonomy":"post_tag","embeddable":true,"href":"https:\/\/www.europesays.com\/es\/wp-json\/wp\/v2\/tags?post=253648"}],"curies":[{"name":"wp","href":"https:\/\/api.w.org\/{rel}","templated":true}]}}