{"id":253650,"date":"2025-11-24T18:39:15","date_gmt":"2025-11-24T18:39:15","guid":{"rendered":"https:\/\/www.europesays.com\/es\/253650\/"},"modified":"2025-11-24T18:39:15","modified_gmt":"2025-11-24T18:39:15","slug":"merhawi-kudus-del-burgos-burpellet-bh-campeon-de-africa-de-ciclismo-en-ruta","status":"publish","type":"post","link":"https:\/\/www.europesays.com\/es\/253650\/","title":{"rendered":"Merhawi Kudus, del Burgos Burpellet BH, campe\u00f3n de \u00c1frica de ciclismo en ruta"},"content":{"rendered":"<p class=\"\"><b>El equipo Burgos Burpellet BH <\/b>ya mira con ilusi\u00f3n a la temporada 2026 despu\u00e9s de que dos de sus ciclistas hayan sido protagonistas en los Campeonatos de \u00c1frica de ciclismo en ruta de Kenia: <b>el eritreo Merhawi Kudus, que se impuso en la prueba de fondo; y del mauriciano Alexandre Mayer<\/b>, que gan\u00f3 dos medallas en las pruebas contrarreloj.<\/p>\n<p class=\"\"><b>Kudus se impuso este domingo en la prueba en fondo liderando el doblete de Eritrea <\/b>al llegar a meta con su compatriota Awet Aman tras un duro ataque en la subida final a Kwale para conseguir una de las victorias m\u00e1s grandes de su carrera a sus 31 a\u00f1os.<\/p>\n<p class=\"\">En declaraciones recogidas por el Burgos Burpellet BH, el propio Kudus celebraba as\u00ed este triunfo. <b>\u201cNo puedo expresar la alegr\u00eda que siento. Hace a\u00f1os ya logr\u00e9 subir al podio, pero conseguir esta victoria es algo que me hacer sentir s\u00faper feliz y s\u00faper orgulloso de mi equipo. <\/b>Hab\u00edamos preparado muy bien este objetivo. Las \u00faltimas cuatro semanas estuvimos en Eritrea trabajando para llegar en buena forma. No era f\u00e1cil defender el t\u00edtulo para mi pa\u00eds, pero hemos logrado la cuarta victoria consecutiva. Ten\u00eda mucha presi\u00f3n por ser uno de los corredores profesionales que compet\u00eda y quer\u00eda hacerlo bien por mi equipo y a mi pa\u00eds. Ha sido una carrera dura, pero, gracias a mis compa\u00f1eros lo hemos podido conseguir. Ahora tendr\u00e9 unos d\u00edas de descanso y pronto empezaremos a preparar la pr\u00f3xima temporada\u201d<\/p>\n<p class=\"\"><b>Previamente, el mauriciano Alexandre Mayer,<\/b> otro de los fichajes del Burgos Burpellet BH en este 2025, logr\u00f3 dos medallas para Mauricio tras ser <b>bronce en la prueba de crono \u00e9lite individual<\/b> y oro en le prueba del relevo mixto por equipos.<\/p>\n<p>Noticias relacionadas<\/p>\n<p class=\"\">Los \u00e9xitos de Kudus y Mayer tambi\u00e9n tienen repercusi\u00f3n en un<b> Burgos Burpellet BH que suma 393 puntos en el ranking UCI<\/b> y que les da m\u00e1s motivos para el optimismo en busca de m\u00e1s \u00e9xitos en 2026.<\/p>\n<p class=\"\"><b>\u00a1Tus opiniones importan!<\/b> Comenta en los art\u00edculos y suscr\u00edbete gratis a nuestra <a href=\"https:\/\/asfan.as.com\/newsletters\/\" target=\"_blank\" rel=\"nofollow noopener\" title=\"https:\/\/asfan.as.com\/newsletters\/\">newsletter<\/a> y a las alertas informativas en la <a href=\"https:\/\/as.com\/aplicacion-de-as-n\/\" target=\"_blank\" rel=\"nofollow noopener\" title=\"https:\/\/as.com\/aplicacion-de-as-n\/\">App<\/a> o el canal de <a href=\"https:\/\/www.whatsapp.com\/channel\/0029VaAasdA7j6g745nz9M10\" target=\"_blank\" rel=\"nofollow noopener\" title=\"https:\/\/www.whatsapp.com\/channel\/0029VaAasdA7j6g745nz9M10\">WhatsApp<\/a>. \u00bfBuscas licenciar contenido? Haz clic <a href=\"https:\/\/profesional.elpais.com\/soluciones-sindicacion?utm_medium=interno&amp;utm_source=crosslinking&amp;utm_campaign=sindicacion_as_pie_articulos\" target=\"_blank\" rel=\"nofollow noopener\" title=\"https:\/\/profesional.elpais.com\/soluciones-sindicacion?utm_medium=interno&amp;utm_source=crosslinking&amp;utm_campaign=sindicacion_as_pie_articulos\">aqu\u00ed<\/a><\/p>\n","protected":false},"excerpt":{"rendered":"El equipo Burgos Burpellet BH ya mira con ilusi\u00f3n a la temporada 2026 despu\u00e9s de que dos de&hellip;\n","protected":false},"author":2,"featured_media":253651,"comment_status":"","ping_status":"","sticky":false,"template":"","format":"standard","meta":{"footnotes":""},"categories":[273],"tags":[313,312,168,25,24,23,167],"class_list":{"0":"post-253650","1":"post","2":"type-post","3":"status-publish","4":"format-standard","5":"has-post-thumbnail","7":"category-ciclismo","8":"tag-ciclismo","9":"tag-cycling","10":"tag-deportes","11":"tag-es","12":"tag-espana","13":"tag-spain","14":"tag-sports"},"share_on_mastodon":{"url":"https:\/\/pubeurope.com\/@es\/115606137289494956","error":""},"_links":{"self":[{"href":"https:\/\/www.europesays.com\/es\/wp-json\/wp\/v2\/posts\/253650","targetHints":{"allow":["GET"]}}],"collection":[{"href":"https:\/\/www.europesays.com\/es\/wp-json\/wp\/v2\/posts"}],"about":[{"href":"https:\/\/www.europesays.com\/es\/wp-json\/wp\/v2\/types\/post"}],"author":[{"embeddable":true,"href":"https:\/\/www.europesays.com\/es\/wp-json\/wp\/v2\/users\/2"}],"replies":[{"embeddable":true,"href":"https:\/\/www.europesays.com\/es\/wp-json\/wp\/v2\/comments?post=253650"}],"version-history":[{"count":0,"href":"https:\/\/www.europesays.com\/es\/wp-json\/wp\/v2\/posts\/253650\/revisions"}],"wp:featuredmedia":[{"embeddable":true,"href":"https:\/\/www.europesays.com\/es\/wp-json\/wp\/v2\/media\/253651"}],"wp:attachment":[{"href":"https:\/\/www.europesays.com\/es\/wp-json\/wp\/v2\/media?parent=253650"}],"wp:term":[{"taxonomy":"category","embeddable":true,"href":"https:\/\/www.europesays.com\/es\/wp-json\/wp\/v2\/categories?post=253650"},{"taxonomy":"post_tag","embeddable":true,"href":"https:\/\/www.europesays.com\/es\/wp-json\/wp\/v2\/tags?post=253650"}],"curies":[{"name":"wp","href":"https:\/\/api.w.org\/{rel}","templated":true}]}}