{"id":253654,"date":"2025-11-24T18:42:17","date_gmt":"2025-11-24T18:42:17","guid":{"rendered":"https:\/\/www.europesays.com\/es\/253654\/"},"modified":"2025-11-24T18:42:17","modified_gmt":"2025-11-24T18:42:17","slug":"maresca-sin-pedri-pierde-el-barcelona-y-pierde-el-futbol","status":"publish","type":"post","link":"https:\/\/www.europesays.com\/es\/253654\/","title":{"rendered":"Maresca: \u201cSin Pedri, pierde el Barcelona y pierde el f\u00fatbol\u201d"},"content":{"rendered":"<p class=\"\"><b>Pedri<\/b>, <b>Lamine<\/b> <b>Yamal<\/b>, <b>Robert<\/b> <b>Lewandowski<\/b>&#8230; <b>Enzo<\/b> <b>Maresca<\/b> sabe que su rival de ma\u00f1ana est\u00e1 repleto de estrellas, pero conf\u00eda en que su Chelsea sea capaz de tumbar al <b>Barcelona<\/b> de <b>Hansi Flick<\/b>. Medios ingleses y espa\u00f1oles se congregaron en la sala de prensa de <b>Stamford Bridge<\/b> para escuchar al t\u00e9cnico italiano. Elogi\u00f3 a <b>Pedri<\/b> y al Bar\u00e7a de <b>Pep Guardiola<\/b>, compar\u00f3 a Lamine Yamal con <b>Estev\u00e3o<\/b>, habl\u00f3 de <b>Enzo<\/b> <b>Fern\u00e1ndez<\/b>, <b>Marc<\/b> <b>Cucurella<\/b> y <b>Marc<\/b> <b>Guiu<\/b>, e incluso se pronunci\u00f3 sobre una posible y futura marcha a <b>LaLiga espa\u00f1ola<\/b>: \u201cEstoy muy contento de estar en este club, uno de los clubes <b>m\u00e1s importantes del mundo<\/b>\u201c.<\/p>\n<p><a href=\"https:\/\/as.com\/resultados\/ficha\/equipo\/chelsea\/58\/\" rel=\"nofollow noopener\" target=\"_blank\"><img decoding=\"async\" src=\"https:\/\/www.europesays.com\/es\/wp-content\/uploads\/2025\/11\/58.png\" alt=\"Maresca: \u201cSin Pedri, pierde el Barcelona y pierde el f\u00fatbol\u201d\" height=\"80\" width=\"80\"  loading=\"lazy\" data-error-image=\"https:\/\/static.as.com\/dist\/resources\/images\/placeholder-team.png\"\/><\/a><\/p>\n<p class=\"\"><b>\u00bfC\u00f3mo est\u00e1 Cole Palmer?:<\/b> \u201cNo sabemos cu\u00e1ndo, pero seguro que estar\u00e1 pronto de vuelta. Ya est\u00e1 en el campo, tocando bal\u00f3n, y las sensaciones son buenas\u201d.<\/p>\n<p class=\"\"><b>El domingo podr\u00eda recortar distancias con el Arsenal. \u00bfEstar\u00e1 Cole Palmer?:<\/b> \u201cEstamos aqu\u00ed para el partido de ma\u00f1ana, que es un partido de Champions League. Entonces, despu\u00e9s, pensaremos en el Arsenal. \u00bfCole Palmer? Ahora mismo, no lo creo\u201d.<\/p>\n<p class=\"\"><b>M\u00e1s de Cole Palmer:<\/b> \u201cLa \u00faltima vez que habl\u00e9 con \u00e9l fue despu\u00e9s de la \u00faltima rueda de prensa. Ayer habl\u00e9 tambi\u00e9n con \u00e9l justo despu\u00e9s de la sesi\u00f3n de entrenamiento. Como he dicho, las sensaciones eran buenas. No le he preguntado detalles por <a href=\"https:\/\/as.com\/futbol\/internacional\/palmer-baja-ante-el-barcelona-tras-fracturarse-un-dedo-en-casa-f202511-n\/\" target=\"_blank\" rel=\"noreferrer nofollow noopener\" title=\"https:\/\/as.com\/futbol\/internacional\/palmer-baja-ante-el-barcelona-tras-fracturarse-un-dedo-en-casa-f202511-n\/\">el accidente<\/a>\u201d.<\/p>\n<p class=\"\"><b>Semana importante y gran oportunidad para el Chelsea:<\/b> \u201cEs una gran semana, pero al final de esta semana tenemos Leeds United fuera, Bournemouth fuera, Atalanta fuera&#8230; Tambi\u00e9n ser\u00e1 una gran semana (risas). Siempre es una semana grande. Todos los partidos valen tres puntos. Por supuesto, hay partidos como estos, ante Barcelona y Arsenal, que son importantes por diferentes razones, pero lo mejor para nosotros es ir partido a partido\u201d.<\/p>\n<p class=\"\"><b>\u00bfQu\u00e9 importancia tiene Enzo Fern\u00e1ndez en el Chelsea? \u00bfQu\u00e9 pierde el Barcelona sin Pedri y qu\u00e9 gana el Chelsea con Enzo?:<\/b> \u201cPor supuesto, el Barcelona sin Pedri, pierde el Barcelona y pierde el f\u00fatbol. Por la calidad que tiene y por el futbolista que es. Me parece impresionante, incre\u00edble. Sobre Enzo (Fern\u00e1ndez), desde que llegu\u00e9 aqu\u00ed le he considerado, fundamental, muy importante. Al principio le cost\u00f3 un poco entender lo que ten\u00eda que hacer en el tema t\u00e1ctico, pero luego se ha vuelto fundamental para nosotros, fuera y dentro del campo\u201d.<\/p>\n<p class=\"\"><b>\u00bfQu\u00e9 recuerda y c\u00f3mo de importante fue su gol ante el Barcelona, como jugador, en la Supercopa de Europa?:<\/b> \u201cComo jugador, fue un momento importante. Siempre he dicho que ese fue el gol m\u00e1s f\u00e1cil de mi carrera (risas). \u00cdbamos ganando 2-0 y el penalti fue en el minuto 96, cuando hab\u00edan a\u00f1adido 6 minutos. As\u00ed que, fue f\u00e1cil (risas). Ahora es una situaci\u00f3n completamente diferente. Son un equipo incre\u00edble, pero vamos a intentar lo m\u00e1ximo para ganar el partido\u201d.<\/p>\n<p class=\"\"><b>\u00bfSe imagina entrenando en Espa\u00f1a y al Barcelona? \u00bfLe gustar\u00eda?:<\/b> \u201cMe conoces y sabes que siempre digo que no s\u00e9. Ahora mismo estoy muy contento de estar en este enorme club, uno de los clubes m\u00e1s importantes del mundo, y eso es lo m\u00e1s importante\u201d.<\/p>\n<p class=\"\"><b>Estev\u00e3o ante Lamine Yamal: <\/b>\u201cEstev\u00e3o ya est\u00e1 jugando a un alto nivel, siendo titular con la Selecci\u00f3n brasile\u00f1a. Es muy joven y puede hacer mejor muchas cosas, pero estamos muy contentos con \u00e9l. Para m\u00ed es m\u00e1s o menos lo mismo que dije sobre Pedri, que es bueno para la gente que ama el f\u00fatbol ver a jugadores como Estev\u00e3o, Lamine Yamal o Pedri, es la belleza del f\u00fatbol. Estamos contentos y tenemos suerte de que Estev\u00e3o est\u00e9 con nosotros. Lo va a hacer bien\u201d.<\/p>\n<p class=\"\"><b>Lewandowski ha marcado 4 goles en 2 partidos contra el Chelsea. \u00bfLe ve como el delantero m\u00e1s peligroso del partido?:<\/b> \u201cPor supuesto, es un jugador fant\u00e1stico. Lo ha demostrado toda su carrera marcando goles, la parte m\u00e1s importante del f\u00fatbol. Vamos a intentar defender como siempre, como un equipo agresivo. Pero se trata de Lewandowski, Lamine Yamal, Ferm\u00edn, Ferran, Frenkie e Jong&#8230;. Hay muchos jugadores muy buenos, pero nosotros tambi\u00e9n tenemos jugadores con los que vamos a intentar ganar el partido\u201d.<\/p>\n<p class=\"\"><b>\u00bfCu\u00e1l es su plan de partido para intentar frenarlos?:<\/b> \u201cTenemos que atender tambi\u00e9n al bal\u00f3n, porque son un equipo que genera muchas ocasiones y marca muchos goles. Tener que tener el equilibrio adecuado entre defensa y ataque\u201d.<\/p>\n<p class=\"\"><b>\u00bfC\u00f3mo ha crecido el equipo desde el primer partido de la fase liga de Champions League?:<\/b> \u201cPersonalmente, somos mejor equipo que el d\u00eda que jugamos contra el Bayern de M\u00fanich fuera, pero cada partido es diferente. El Barcelona usa diferente armas para atacar, tambi\u00e9n para defender, as\u00ed que ser\u00e1 un partido completamente distinto. Pero para m\u00ed, personalmente, el equipo est\u00e1 mejorando d\u00eda a d\u00eda\u201d.<\/p>\n<p class=\"\"><b>\u00bfEs una ventaja tener a Marc Cucurella en su equipo para enfrentarse a Lamine Yamal?:<\/b> \u201cCucu nos da ventaja siempre, no solo ma\u00f1ana. Ha estado fenomenal. Desde que llegu\u00e9 al club su nivel ha sido impresionante, no solo defendiendo. Tambi\u00e9n siendo parte de nuestro juego con bal\u00f3n. Estamos encantados con \u00e9l. Pero es lo mismo que dec\u00eda con Lewandowski. Hay unos cuantos jugadores a los que hay que saber defender como equipo\u201d.<\/p>\n<p class=\"\"><b>\u00bfPuede ser Estev\u00e3o tan influyente como Lamine Yamal en el Barcelona?:<\/b> \u201cS\u00ed, Estev\u00e3o puede serlo. Va a ser un jugador importante para el club en el futuro, sin duda. Lo m\u00e1s importante para Estev\u00e3o es que tiene que disfrutar del f\u00fatbol, ser feliz, no intentar pensar en ser mejor que otro jugador. Solo tiene que ser mejor que s\u00ed mismo. D\u00eda a d\u00eda, mejorar y trabajar. Por supuesto, ser\u00e1 un jugador top para este club\u201d.<\/p>\n<p class=\"\"><b>\u00bfSe puede todav\u00eda ganar al m\u00e1s alto con el f\u00fatbol de <\/b><b>tiki-taka<\/b><b>?:<\/b> \u201cNo lo s\u00e9. Decid\u00ed ser entrenador por el Barcelona de Pep Guardiola hace a\u00f1os. Si los clubes y equipos deciden jugar con otro estilo, lo he dicho muchas veces, ellos eligen. Yo eleg\u00ed mi estilo hace a\u00f1os y me gusta ver a mi equipo c\u00f3mo juega al f\u00fatbol\u201d.<\/p>\n<p class=\"\"><b>\u00bfSu equipo juega todav\u00eda un poco como aquel Barcelona?: <\/b>\u201cEs mi opini\u00f3n personal, pero ning\u00fan equipo puede compararse con aquel Barcelona ni con Pep (Guardiola). Cambi\u00f3 el futbol en Espa\u00f1a, donde todos los clubes quer\u00edan jugar como \u00e9l. Entonces, Pep se fue a Alemania, y todo el mundo intent\u00f3 hacer su juego en Alemania. Tambi\u00e9n la Selecci\u00f3n alemana gan\u00f3 cosas en esos a\u00f1os. Vino a Inglaterra, y muchos clubes intentaron hacer algo parecido. Tambi\u00e9n influy\u00f3 en el equipo nacional. No creo que nadie pueda compararse con Pep, porque en los \u00faltimos 20-25 cambi\u00f3 el f\u00fatbol\u201d.<\/p>\n<p class=\"\"><b>\u00bfC\u00f3mo est\u00e1 viendo Marc Guiu?:<\/b> \u201cEst\u00e1 evolucionando muy bien. Lleg\u00f3 aqu\u00ed la temporada pasada y tuvo la suerte de jugar casi toda la Conference League, marcando seis goles. Luego desafortunadamente se lesion\u00f3. Est\u00e1 creciendo y mejorando. Esta temporada ha sido un poco rara para \u00e9l, porque se fue cedido (al Sunderland) y a la semana volvi\u00f3. Entonces, al principio le cost\u00f3 un poco, pero ahora est\u00e1 trabajando bien. Estamos muy contentos con \u00e9l. Lo \u00fanico que tiene que hacer, por su edad y diferentes motivos, es trabajar, trabajar, aprender e intentar estar preparado para cuando tenga la oportunidad\u201d.<\/p>\n<p>Noticias relacionadas<a href=\"https:\/\/as.com\/futbol\/internacional\/guiu-el-9-de-espana-ya-esta-aqui-f202511-n\/\" class=\"s_m_w\" title=\"El espa\u00f1ol sigue dando motivos a Enzo Maresca para que cuente con \u00e9l. Ante el Burnley, antes de recibir a \u2018su Bar\u00e7a\u2019, firm\u00f3 su 1\u00aa asistencia como \u2018blue\u2019.\" data-tb-link=\"\" rel=\"nofollow noopener\" target=\"_blank\"><img decoding=\"async\" src=\"https:\/\/www.europesays.com\/es\/wp-content\/uploads\/2025\/11\/LJ7OYP4JRJEXXHFFBJ6HLX3XJU.jpeg\" alt=\"Guiu: el \u20189\u2032 de Espa\u00f1a ya est\u00e1 aqu\u00ed\" class=\"\" height=\"9\" width=\"16\"   loading=\"lazy\" data-tb-thumbnail=\"\"\/><\/a><a href=\"https:\/\/as.com\/futbol\/internacional\/el-barca-motiva-a-guiu-f202511-n\/\" class=\"s_m_w\" title=\"Primera asistencia como \u2018blue\u2019 del canterano cul\u00e9 antes de la visita de su ex a Stamford Bridge. Neto y Enzo marcaron ante el Burnley. \" data-tb-link=\"\" rel=\"nofollow noopener\" target=\"_blank\"><img decoding=\"async\" src=\"https:\/\/www.europesays.com\/es\/wp-content\/uploads\/2025\/11\/BFSCOYZWAVHANCGIII2UUOID5Q.JPG\" alt=\"El Bar\u00e7a motiva a Guiu\" class=\"\" height=\"9\" width=\"16\"   loading=\"lazy\" data-tb-thumbnail=\"\"\/><\/a><\/p>\n<p class=\"\"><b>\u00bfQu\u00e9 le parece el Bar\u00e7a de Hansi Flick?:<\/b> \u201cMe parece espectacular. Es un equipo que siempre que lo miro hay cosas que se pueden aprender. C\u00f3mo atacan, c\u00f3mo defienden&#8230; Gan\u00f3 la liga el a\u00f1o pasado y lleg\u00f3 a semifinales de Champions League. Hacen muchas cosas muy bien, es un equipo que siempre quiere llevar la iniciativa y tener el bal\u00f3n. Nosotros, por nuestro lado, intentaremos hacer lo mismo\u201d.<\/p>\n<p class=\"\"><b>\u00a1Tus opiniones importan!<\/b> Comenta en los art\u00edculos y suscr\u00edbete gratis a nuestra <a href=\"https:\/\/asfan.as.com\/newsletters\/\" target=\"_blank\" rel=\"nofollow noopener\" title=\"https:\/\/asfan.as.com\/newsletters\/\">newsletter<\/a> y a las alertas informativas en la <a href=\"https:\/\/as.com\/aplicacion-de-as-n\/\" target=\"_blank\" rel=\"nofollow noopener\" title=\"https:\/\/as.com\/aplicacion-de-as-n\/\">App<\/a> o el canal de <a href=\"https:\/\/www.whatsapp.com\/channel\/0029VaAasdA7j6g745nz9M10\" target=\"_blank\" rel=\"nofollow noopener\" title=\"https:\/\/www.whatsapp.com\/channel\/0029VaAasdA7j6g745nz9M10\">WhatsApp<\/a>. \u00bfBuscas licenciar contenido? Haz clic <a href=\"https:\/\/profesional.elpais.com\/soluciones-sindicacion?utm_medium=interno&amp;utm_source=crosslinking&amp;utm_campaign=sindicacion_as_pie_articulos\" target=\"_blank\" rel=\"nofollow noopener\" title=\"https:\/\/profesional.elpais.com\/soluciones-sindicacion?utm_medium=interno&amp;utm_source=crosslinking&amp;utm_campaign=sindicacion_as_pie_articulos\">aqu\u00ed<\/a><\/p>\n","protected":false},"excerpt":{"rendered":"Pedri, Lamine Yamal, Robert Lewandowski&#8230; Enzo Maresca sabe que su rival de ma\u00f1ana est\u00e1 repleto de estrellas, pero&hellip;\n","protected":false},"author":2,"featured_media":253655,"comment_status":"","ping_status":"","sticky":false,"template":"","format":"standard","meta":{"footnotes":""},"categories":[268],"tags":[168,25,24,280,282,281,23,167],"class_list":{"0":"post-253654","1":"post","2":"type-post","3":"status-publish","4":"format-standard","5":"has-post-thumbnail","7":"category-futbol","8":"tag-deportes","9":"tag-es","10":"tag-espana","11":"tag-football","12":"tag-futbol","13":"tag-soccer","14":"tag-spain","15":"tag-sports"},"share_on_mastodon":{"url":"https:\/\/pubeurope.com\/@es\/115606150103782226","error":""},"_links":{"self":[{"href":"https:\/\/www.europesays.com\/es\/wp-json\/wp\/v2\/posts\/253654","targetHints":{"allow":["GET"]}}],"collection":[{"href":"https:\/\/www.europesays.com\/es\/wp-json\/wp\/v2\/posts"}],"about":[{"href":"https:\/\/www.europesays.com\/es\/wp-json\/wp\/v2\/types\/post"}],"author":[{"embeddable":true,"href":"https:\/\/www.europesays.com\/es\/wp-json\/wp\/v2\/users\/2"}],"replies":[{"embeddable":true,"href":"https:\/\/www.europesays.com\/es\/wp-json\/wp\/v2\/comments?post=253654"}],"version-history":[{"count":0,"href":"https:\/\/www.europesays.com\/es\/wp-json\/wp\/v2\/posts\/253654\/revisions"}],"wp:featuredmedia":[{"embeddable":true,"href":"https:\/\/www.europesays.com\/es\/wp-json\/wp\/v2\/media\/253655"}],"wp:attachment":[{"href":"https:\/\/www.europesays.com\/es\/wp-json\/wp\/v2\/media?parent=253654"}],"wp:term":[{"taxonomy":"category","embeddable":true,"href":"https:\/\/www.europesays.com\/es\/wp-json\/wp\/v2\/categories?post=253654"},{"taxonomy":"post_tag","embeddable":true,"href":"https:\/\/www.europesays.com\/es\/wp-json\/wp\/v2\/tags?post=253654"}],"curies":[{"name":"wp","href":"https:\/\/api.w.org\/{rel}","templated":true}]}}