{"id":253656,"date":"2025-11-24T18:43:14","date_gmt":"2025-11-24T18:43:14","guid":{"rendered":"https:\/\/www.europesays.com\/es\/253656\/"},"modified":"2025-11-24T18:43:14","modified_gmt":"2025-11-24T18:43:14","slug":"que-es-un-escritor-de-verdad","status":"publish","type":"post","link":"https:\/\/www.europesays.com\/es\/253656\/","title":{"rendered":"\u00ab\u00bfQu\u00e9 es un escritor de verdad?\u00bb"},"content":{"rendered":"<p>\t\t\t \t\t \t\t\t\t\t\t\tJuan del Val, ganador del Premio Planeta 2025, en su participaci\u00f3n en un programa de Radio Voz Vigo <strong class=\"pd-l\">Oscar V\u00e1zquez  <\/strong><\/p>\n<p>\t\t\t\t\t\tEl colaborador televisivo gan\u00f3 el Premio Planeta por su novela \u00abVera, una historia de amor\u00bb, que obtuvo p\u00e9simas valoraciones por parte de la cr\u00edtica especializada<br \/>\n\t\t\t\t\t\t\t\t\t\t\t\t<strong>24 nov 2025<\/strong> . Actualizado a las 16:52 h.\t\t\t\t\t\t<\/p>\n<p class=\"first-paragraph txt\">La victoria del\u00a0tertuliano <strong>Juan del Val<\/strong> <a class=\"link-txt\" href=\"https:\/\/www.lavozdegalicia.es\/noticia\/cultura\/2025\/10\/15\/premio-planeta-juan-val-novela-sobre-liberacion-personal-mujer\/00031760550717084251703.htm\" rel=\"nofollow noopener\" target=\"_blank\">en el Premio Planeta 2025 con su novela <strong>Vera, una historia de amor<\/strong><\/a>\u00a0no dej\u00f3 indiferente a nadie, especialmente a la cr\u00edtica\u00a0especializada. Fueron muchos los expertos en el arte de la narrativa que valoraron negativamente o incluso con burlas la calidad literaria de una obra\u00a0galardonada con un mill\u00f3n de euros.<\/p>\n<p class=\"txt\">El colaborador de El hormiguero\u00a0confiesa, en una entrevista al portal Yotele, que ha \u00able\u00eddo todas\u00bb las rese\u00f1as, pero asegura que le afectan en absoluto e incluso ha llegado a darles valoraciones a las propias cr\u00edticas.<strong> \u00abEs dif\u00edcil encontrar algo que no sea b\u00e1sico o previsible\u00bb<\/strong>, destaca.\u00a0Acusa\u00a0adem\u00e1s a muchos cr\u00edticos de \u00absubirse al carro [del linchamiento] para tener notoriedad\u00bb, y en ese sentido\u00a0asegura que hace caso omiso \u00aba quienes\u00a0solo buscan hacer da\u00f1o sin fundamento\u00bb.<\/p>\n<p class=\"txt\">\n<p>\t\t\t\t\t\t\t\t\t\t\t\t&#13;<br \/>\n\t\t\t\t\t\t\t\t&#13;<br \/>\n&#13;<br \/>\n&#13;<\/p>\n<p>\t\t\t&#13;<br \/>\n\t&#13;<\/p>\n<p>\t\t\t<a href=\"https:\/\/www.lavozdegalicia.es\/noticia\/television\/2025\/11\/04\/juan-valalbanil-falso-periodista-escritor-marido-nuria-roca-polemista-profesional\/00031762267870464817304.htm\" data-analytics=\"link-embed\" rel=\"nofollow noopener\" target=\"_blank\">Juan del Val,\u00a0alba\u00f1il, falso periodista, escritor, marido de Nuria Roca y polemista profesional<\/a><\/p>\n<p class=\"a-min-author\">\n<p>\t\t\t\t\t\t\t\t\t\t\tM. A.<br \/>\n\t\t\t\t\t\t\t\t\t\t \/  \t\t\t\t\t<\/p>\n<p>\t\t\t\t\t\t\t\t\t\t\tM. P.<\/p>\n<p>\t&#13;<br \/>\n\t&#13;<br \/>\n&#13;<\/p>\n<p class=\"txt\">Aun as\u00ed, no\u00a0ha deso\u00eddo todas las valoraciones de su obra, tanto las positivas como las negativas, y reconoce que algunas han sido cr\u00edticas respetuosas, que le merecen toda su admiraci\u00f3n. <strong>\u00abNunca protestar\u00eda por una cr\u00edtica fundada desde una opini\u00f3n respetable\u00bb<\/strong>, indica. En ese sentido, sobre las que pueden tener raz\u00f3n en su desaprobaci\u00f3n, admite un error en su novela. \u00abMe fastidia mucho\u00bb, admite sobre ese fallo que tiene que ver con las costumbres sevillanas. \u00abEn el primer d\u00eda de feria, el del pescadito, yo sit\u00fao a las mujeres vestidas de flamenca, y ese d\u00eda nunca van vestidas as\u00ed\u00bb, indica acerca de un dato\u00a0que \u00e9l conoc\u00eda perfectamente. \u00abEs un error peque\u00f1o, pero me molesta porque lo sab\u00eda y se me pas\u00f3\u00bb, explica.<\/p>\n<p class=\"txt\">Pero mucha menos importancia les da a las cr\u00edticas puramente literarias. \u00abHay cr\u00edticos que consideran mi estilo demasiado directo o recargado, y lo acepto\u00bb, asegura, pero incide en que no es un error. \u00abEs una forma de escribir que puede gustar o no\u00bb, concluye.<\/p>\n<p class=\"txt\">\n<p>\t\t\t\t\t\t\t\t\t\t\t\t&#13;<br \/>\n\t\t\t\t\t\t\t\t&#13;<br \/>\n&#13;<br \/>\n&#13;<\/p>\n<p>\t\t\t&#13;<br \/>\n\t&#13;<\/p>\n<p>\t\t\t<a href=\"https:\/\/www.lavozdegalicia.es\/noticia\/cultura\/2025\/11\/06\/vera-pija-sevillana-seducida-joven-caradura-vallecas\/00031762469204428905459.htm\" data-analytics=\"link-embed\" rel=\"nofollow noopener\" target=\"_blank\">Vera, una pija sevillana seducida por un joven caradura de Vallecas<\/a><\/p>\n<p class=\"a-min-author\">\n<p>\t\t\t\t\t\t\t\t\t\t\t<a href=\"https:\/\/www.lavozdegalicia.es\/firmas\/hector-porto\" rel=\"nofollow noopener\" target=\"_blank\"> \tH\u00e9ctor J. Porto<\/a><\/p>\n<p>\t&#13;<br \/>\n\t&#13;<br \/>\n&#13;<\/p>\n<p class=\"txt\">La calidad literaria ha sido la mayor desaprobaci\u00f3n por parte de los cr\u00edticos, y sobre este tema, Del Val\u00a0<strong>acusa a los expertos de tener una \u00abcierta pobreza de pensamiento\u00bb<\/strong>, que tiene que ver con el hecho de que sea tertuliano. \u00abComo haces\u00a0s\u00a1una cosa, no puedes hacer dos\u00bb. Tambi\u00e9n lo ve como un problema de frustraci\u00f3n. \u00abEsto de hablar de escritores de verdad&#8230; \u00bfQu\u00e9 es exactamente un escritor de verdad?\u00bb, reflexiona, ante lo que considera una inquina hacia su personaje televisivo.\u00a0<\/p>\n<p class=\"txt\">Del Val les recuerda a esos cr\u00edticos que la ganadora del Premio Planeta no es una excepci\u00f3n. \u00abLlevo siete novelas, todas con m\u00e1s o menos \u00e9xito, con una cantera\u00a0importante de lectores\u00bb, subraya, \u00abpara m\u00ed lo verdaderamente importante es el lector, el que se emociona, el que no puede soltar la novela. Lo dem\u00e1s son opiniones\u00bb.<\/p>\n<p>&#13;<br \/>\n\tArchivado en:&#13;<br \/>\n\t\t\t\t\t<a href=\"https:\/\/www.lavozdegalicia.es\/temas\/novela\/\" target=\"_blank\" class=\"mg-l\" rel=\"nofollow noopener\">Novela<\/a>&#13;<br \/>\n\t\t\t\t\t<a href=\"https:\/\/www.lavozdegalicia.es\/temas\/premio-planeta\/\" target=\"_blank\" class=\"mg-l\" rel=\"nofollow noopener\">Premio Planeta<\/a>&#13;<br \/>\n\t\t\t\t\t<a href=\"https:\/\/www.lavozdegalicia.es\/temas\/literatura\/\" target=\"_blank\" class=\"mg-l\" rel=\"nofollow noopener\">Literatura<\/a>&#13;<br \/>\n\t&#13;<\/p>\n","protected":false},"excerpt":{"rendered":"Juan del Val, ganador del Premio Planeta 2025, en su participaci\u00f3n en un programa de Radio Voz Vigo&hellip;\n","protected":false},"author":2,"featured_media":253657,"comment_status":"","ping_status":"","sticky":false,"template":"","format":"standard","meta":{"footnotes":""},"categories":[174],"tags":[255,146,147,25,24,256,671,1645,4042,23],"class_list":{"0":"post-253656","1":"post","2":"type-post","3":"status-publish","4":"format-standard","5":"has-post-thumbnail","7":"category-famosos","8":"tag-celebrities","9":"tag-entertainment","10":"tag-entretenimiento","11":"tag-es","12":"tag-espana","13":"tag-famosos","14":"tag-literatura","15":"tag-novela","16":"tag-premio-planeta","17":"tag-spain"},"share_on_mastodon":{"url":"https:\/\/pubeurope.com\/@es\/115606153340384012","error":""},"_links":{"self":[{"href":"https:\/\/www.europesays.com\/es\/wp-json\/wp\/v2\/posts\/253656","targetHints":{"allow":["GET"]}}],"collection":[{"href":"https:\/\/www.europesays.com\/es\/wp-json\/wp\/v2\/posts"}],"about":[{"href":"https:\/\/www.europesays.com\/es\/wp-json\/wp\/v2\/types\/post"}],"author":[{"embeddable":true,"href":"https:\/\/www.europesays.com\/es\/wp-json\/wp\/v2\/users\/2"}],"replies":[{"embeddable":true,"href":"https:\/\/www.europesays.com\/es\/wp-json\/wp\/v2\/comments?post=253656"}],"version-history":[{"count":0,"href":"https:\/\/www.europesays.com\/es\/wp-json\/wp\/v2\/posts\/253656\/revisions"}],"wp:featuredmedia":[{"embeddable":true,"href":"https:\/\/www.europesays.com\/es\/wp-json\/wp\/v2\/media\/253657"}],"wp:attachment":[{"href":"https:\/\/www.europesays.com\/es\/wp-json\/wp\/v2\/media?parent=253656"}],"wp:term":[{"taxonomy":"category","embeddable":true,"href":"https:\/\/www.europesays.com\/es\/wp-json\/wp\/v2\/categories?post=253656"},{"taxonomy":"post_tag","embeddable":true,"href":"https:\/\/www.europesays.com\/es\/wp-json\/wp\/v2\/tags?post=253656"}],"curies":[{"name":"wp","href":"https:\/\/api.w.org\/{rel}","templated":true}]}}