{"id":253658,"date":"2025-11-24T18:44:26","date_gmt":"2025-11-24T18:44:26","guid":{"rendered":"https:\/\/www.europesays.com\/es\/253658\/"},"modified":"2025-11-24T18:44:26","modified_gmt":"2025-11-24T18:44:26","slug":"convocada-por-la-heredera-de-zara-annie-leibovitz-inauguro-su-primera-muestra-de-fotos-en-espana","status":"publish","type":"post","link":"https:\/\/www.europesays.com\/es\/253658\/","title":{"rendered":"Convocada por la heredera de Zara, Annie Leibovitz inaugur\u00f3 su primera muestra de fotos en Espa\u00f1a"},"content":{"rendered":"<p class=\"paragraph font__body-regular\">La fot\u00f3grafa <a href=\"https:\/\/tn.com.ar\/estilo\/celebridades\/2024\/11\/27\/los-impactantes-retratos-de-los-reyes-de-espana-por-annie-leibovitz-y-los-secretos-detras-de-los-looks\/\" target=\"_self\" rel=\"nofollow noopener\" title=\"https:\/\/tn.com.ar\/estilo\/celebridades\/2024\/11\/27\/los-impactantes-retratos-de-los-reyes-de-espana-por-annie-leibovitz-y-los-secretos-detras-de-los-looks\/\"><b>Annie Leibovitz<\/b><\/a><b> <\/b>present\u00f3 hace algunas horas su mundo en \u2018Wonderland\u2019, su <b>primera gran exposici\u00f3n en Espa\u00f1a<\/b>, promovida por la Fundaci\u00f3n <b>Marta Ortega P\u00e9rez<\/b>, presidenta de Inditex e hija de Amancio Ortega, due\u00f1o de Zara y uno de los hombres m\u00e1s ricos del mundo.<\/p>\n<p class=\"paragraph font__body-regular\">En la muestra no faltan im\u00e1genes de Rihanna, \u201cuna mujer superinteligente\u201d, de Pen\u00e9lope Cruz o Alm\u00f3dovar, Elon Musk o Salman Rushdie.<\/p>\n<p><img decoding=\"async\" loading=\"lazy\" fetchpriority=\"low\" data-testid=\"loading-testid\" class=\"image content-image image_placeholder\" alt=\"Annie Leibovitz en la inauguraci\u00f3n de su muestra en la Fundaci\u00f3n Marta Ortega. (Foto: EFE)\" width=\"767\" height=\"511\" src=\"https:\/\/www.europesays.com\/es\/wp-content\/uploads\/2025\/11\/annie-leibovitz-en-la-inauguracion-de-su-muestra-en-la-fundacion-marta-ortega-foto-efe-ZKMX4YR3IRCJ5.jpeg\"\/><\/p>\n<p>Annie Leibovitz en la inauguraci\u00f3n de su muestra en la Fundaci\u00f3n Marta Ortega. (Foto: EFE)<\/p>\n<p class=\"paragraph font__body-regular\">La exposici\u00f3n de Leibovitz, a cuya inaiguraci\u00f3n asistieron desde C. Tangana a <b>Natalia Vodianova<\/b>, Linda Evangelista y Karen Elson, se puede visitar en La Coru\u00f1a. <\/p>\n<p class=\"paragraph font__body-regular\"><b>Lee tambi\u00e9n: <\/b><a href=\"https:\/\/tn.com.ar\/estilo\/celebridades\/2024\/03\/31\/annie-leibovitz-icono-de-la-fotografia-de-moda-y-celebridades-mostro-empatia-con-la-ia-hay-que-aprender\/\" target=\"_self\" rel=\"nofollow noopener\" title=\"https:\/\/tn.com.ar\/estilo\/celebridades\/2024\/03\/31\/annie-leibovitz-icono-de-la-fotografia-de-moda-y-celebridades-mostro-empatia-con-la-ia-hay-que-aprender\/\"><b>Annie Leibovitz, \u00edcono de la fotograf\u00eda de moda y celebridades, mostr\u00f3 empat\u00eda con la IA: \u201cHay que aprender\u201c<\/b><\/a><\/p>\n<p class=\"paragraph font__body-regular\">Muestra <b>cinco d\u00e9cadas de la trayectoria <\/b>de una autora que firma algunas de las im\u00e1genes m\u00e1s representativas de la cultura pop y de la historia de su pa\u00eds, Estados Unidos.<\/p>\n<p><img decoding=\"async\" loading=\"lazy\" fetchpriority=\"low\" data-testid=\"loading-testid\" class=\"image content-image image_placeholder\" alt=\"Annie Leibovitz con sus invitadas: de Linda Evangelista a Karen Elson. (Foto: EFE)\" width=\"767\" height=\"959\" src=\"https:\/\/www.europesays.com\/es\/wp-content\/uploads\/2025\/11\/annie-leibovitz-con-sus-invitadas-de-linda-evangelista-a-karen-elson-foto-efe-S6CSKLVSURG63NBKHH5MTU.jpeg\"\/><\/p>\n<p>Annie Leibovitz con sus invitadas: de Linda Evangelista a Karen Elson. (Foto: EFE)<\/p>\n<p class=\"paragraph font__body-regular\">\u201cHe estado en una posici\u00f3n en la que he podido fotografiar una \u00e9poca de mi vida\u201d, afirm\u00f3, por lo que la exposici\u00f3n es un \u201c<b>documento hist\u00f3rico del mundo que nos ha tocado vivir<\/b>\u201d.<\/p>\n<p class=\"paragraph font__body-regular\">Annie Leibovitz incidi\u00f3 en que <b>su verdadero inter\u00e9s es el retratismo<\/b> y \u201centender\u201d a la persona, adem\u00e1s de descubrir el proceso creativo de otros artistas.<\/p>\n<p class=\"paragraph font__body-regular\">Sin embargo, advirti\u00f3 que si hay algo que respeta es el <b>fotoperiodismo<\/b>. \u201cEs la fotograf\u00eda m\u00e1s extraordinaria\u201d y alab\u00f3 el trabajo de los reporteros que \u201cpierden la vida\u201d por sacar una imagen.<\/p>\n<p><img decoding=\"async\" loading=\"lazy\" fetchpriority=\"low\" data-testid=\"loading-testid\" class=\"image content-image image_placeholder\" alt=\"Marta Ortega, Natalia Vodianova y Annie Leibovitz en la apertura de la muestra. (Foto: EFE)\" width=\"767\" height=\"959\" src=\"https:\/\/www.europesays.com\/es\/wp-content\/uploads\/2025\/11\/marta-ortega-natalia-vodianova-y-annie-leibovitz-en-la-apertura-de-la-muestra-foto-efe-7RFYZIYUFVF25.jpeg\"\/><\/p>\n<p>Marta Ortega, Natalia Vodianova y Annie Leibovitz en la apertura de la muestra. (Foto: EFE)<\/p>\n<p class=\"paragraph font__body-regular\">La fot\u00f3grafa destac\u00f3 que en su trabajo \u201cpor encima de todo\u201d, piensa en la<b> atemporalidad <\/b>de sus fotos para que duren\u00bb.<\/p>\n<p class=\"paragraph font__body-regular\">Leibovitz recorri\u00f3 la exposici\u00f3n con casi un centenar de periodistas por unas salas en las que tambi\u00e9n se exhiben v\u00eddeos de Bruce Springsteen, de su agente, Karen Mulligan, o de la directora creativa <b>Grace Coddington<\/b> detallando su minuciosidad y su determinaci\u00f3n a la hora de realizar su trabajo.<\/p>\n<p class=\"paragraph font__body-regular\">La muestra estar\u00e1 abierta hasta <b>1\u00b0 de mayo de 2026<\/b> y permitir\u00e1 contemplar cientos de im\u00e1genes (muchas de ellas expuestas por primera vez) de la fot\u00f3grafa que realiz\u00f3 los retratos del rey <b>Felipe VI <\/b>y la reina Letizia que cuelgan de las paredes del Banco de Espa\u00f1a.<\/p>\n<p><img decoding=\"async\" loading=\"lazy\" fetchpriority=\"low\" data-testid=\"loading-testid\" class=\"image content-image image_placeholder\" alt=\"Los retratos de los reyes de Espa\u00f1a. (Foto: Annie Leibovitz\/Banco de Espa\u00f1a)\" width=\"767\" height=\"575\" src=\"https:\/\/www.europesays.com\/es\/wp-content\/uploads\/2025\/11\/los-retratos-de-los-reyes-de-espana-foto-annie-leibovitzbanco-de-espana-MCKOSF5XT5EMHBCI4DQHF3ALUY.j.jpeg\"\/><\/p>\n<p>Los retratos de los reyes de Espa\u00f1a. (Foto: Annie Leibovitz\/Banco de Espa\u00f1a)<\/p>\n<p class=\"paragraph font__body-regular\">A pesar de que dos salas est\u00e1n <b>dedicadas a la moda y a Hollywood<\/b>, asegura que cuando comenz\u00f3 no se tomaba la moda \u201cmuy en serio\u201d. \u201cMe interesaba la t\u00e9cnica m\u00e1s que la moda\u201d, por eso desvela que se pasaba horas frente a los quioscos de prensa para observar el trabajo de fot\u00f3grafos a los que admiraba.<\/p>\n<p class=\"paragraph font__body-regular\">Confirm\u00f3 que fue <b>Anna Wintour<\/b>, la editora de Vogue, fue quien la hizo convertirse, definitivamente, en <b>fot\u00f3grafa de moda.<\/b><\/p>\n<p><img decoding=\"async\" loading=\"lazy\" fetchpriority=\"low\" data-testid=\"loading-testid\" class=\"image content-image image_placeholder\" alt=\"Linda Evangelista y Marta Ortega en la muestra. (Foto: EFE)\" width=\"767\" height=\"959\" src=\"https:\/\/www.europesays.com\/es\/wp-content\/uploads\/2025\/11\/linda-evangelista-y-marta-ortega-en-la-muestra-foto-efe-DKSFUVT2UFCD5IBMQMLYT7P3Q4.jpeg\"\/><\/p>\n<p>Linda Evangelista y Marta Ortega en la muestra. (Foto: EFE)<\/p>\n<p>M\u00e1s all\u00e1 de la imagen<\/p>\n<p class=\"paragraph font__body-regular\">Adem\u00e1s de un recorrido por su trayectoria, la exposici\u00f3n muestra su visi\u00f3n de su trabajo como un espejo, en el que tambi\u00e9n se revela c\u00f3mo lo realiza. En algunas de las im\u00e1genes introduce, sin palabras, un comentario social en lo que denomina su \u201cfaceta period\u00edstica\u201d.<\/p>\n<p class=\"paragraph font__body-regular\">La muestra comienza con un mural, que denomina el del \u201caprendizaje\u201d para los j\u00f3venes fot\u00f3grafos, con las im\u00e1genes de <b>la gira de los Rolling Stones<\/b>, en 1975, a la que se uni\u00f3 cuando todav\u00eda era estudiante.<\/p>\n<p class=\"paragraph font__body-regular\">Despu\u00e9s de comenzar en la revista \u2018Rolling Stone\u2019, pas\u00f3 a \u2019Vanity Fair\u2019, donde se vincul\u00f3 a la realidad social, una etapa tras la que desemboc\u00f3 en \u2018Vogue\u2019 con <b>la moda y Hollywood a sus pies.<\/b><\/p>\n<p><img decoding=\"async\" loading=\"lazy\" fetchpriority=\"low\" data-testid=\"loading-testid\" class=\"image content-image image_placeholder\" alt=\"Marta Ortega con C. Tangana en la apertura de la muestra. (Foto: EFE)\" width=\"767\" height=\"959\" src=\"https:\/\/www.europesays.com\/es\/wp-content\/uploads\/2025\/11\/marta-ortega-con-c-tangana-en-la-apertura-de-la-muestra-foto-efe-WT7Y772TW5FCNL34MRRXBNAF4Y.jpeg\"\/><\/p>\n<p>Marta Ortega con C. Tangana en la apertura de la muestra. (Foto: EFE)<\/p>\n<p>Im\u00e1genes ic\u00f3nicas<\/p>\n<p class=\"paragraph font__body-regular\">La artista que tom\u00f3 la \u00faltima imagen de<b> John Lennon<\/b> antes de su asesinato, firma im\u00e1genes ic\u00f3nicas como la de la actriz <b>Demi Moore (1991) desnuda y embarazada<\/b>, que fue una controvertida portada de Vanity Fair, replicada despu\u00e9s por cantantes como \u2018Rihanna\u2019.<\/p>\n<p class=\"paragraph font__body-regular\">Las fotograf\u00edas muestran <b>la evoluci\u00f3n de la fot\u00f3grafa con im\u00e1genes de deportistas y activistas por el medio ambiente <\/b>y los derechos humanos, sus padres conduciendo y hasta su \u2018camello\u00bb.<\/p>\n<p class=\"paragraph font__body-regular\">La muestra subraya tambi\u00e9n <b>el inter\u00e9s de la fot\u00f3grafa por escritores, artistas visuales o el paisajismo.<\/b><\/p>\n<p><img decoding=\"async\" loading=\"lazy\" fetchpriority=\"low\" data-testid=\"loading-testid\" class=\"image content-image image_placeholder\" alt=\"Samuelle Leibovitz y Annie Leibovitz en la Met Gala. (Foto: REUTERS\/Andrew Kelly)\" width=\"767\" height=\"1150\" src=\"https:\/\/www.europesays.com\/es\/wp-content\/uploads\/2025\/11\/samuelle-leibovitz-y-annie-leibovitz-en-la-met-gala-foto-reutersandrew-kelly-JFFDXW7Y5YCK7WDBFWZVMKR.jpeg\"\/><\/p>\n<p>Samuelle Leibovitz y Annie Leibovitz en la Met Gala. (Foto: REUTERS\/Andrew Kelly)<\/p>\n<p class=\"paragraph font__body-regular\">Reconoce que no estaba segura de querer hacer esta exposici\u00f3n, pero su visita a la de Irving Penn, junto a Marta Ortega y Carlos Torretta, borr\u00f3 sus dudas.<\/p>\n<p class=\"paragraph font__body-regular\">La Fundaci\u00f3n Marta Ortega P\u00e9rez, que acoge la muestra, lleva el nombre de la presidenta de Inditex, una de las principales compa\u00f1\u00edas en la moda mundial.<\/p>\n<p class=\"paragraph font__body-regular\"><b>Seguinos en @estilotn y enterate de lo nuevo en moda y belleza<\/b><\/p>\n","protected":false},"excerpt":{"rendered":"La fot\u00f3grafa Annie Leibovitz present\u00f3 hace algunas horas su mundo en \u2018Wonderland\u2019, su primera gran exposici\u00f3n en Espa\u00f1a,&hellip;\n","protected":false},"author":2,"featured_media":253659,"comment_status":"","ping_status":"","sticky":false,"template":"","format":"standard","meta":{"footnotes":""},"categories":[173],"tags":[37067,229,233,231,230,232,234,146,147,25,24,244,23],"class_list":{"0":"post-253658","1":"post","2":"type-post","3":"status-publish","4":"format-standard","5":"has-post-thumbnail","7":"category-arte-y-diseno","8":"tag-annie-leibovitz","9":"tag-arte","10":"tag-arte-y-diseno","11":"tag-arts","12":"tag-arts-and-design","13":"tag-design","14":"tag-diseno","15":"tag-entertainment","16":"tag-entretenimiento","17":"tag-es","18":"tag-espana","19":"tag-fotografia","20":"tag-spain"},"share_on_mastodon":{"url":"https:\/\/pubeurope.com\/@es\/115606158315073634","error":""},"_links":{"self":[{"href":"https:\/\/www.europesays.com\/es\/wp-json\/wp\/v2\/posts\/253658","targetHints":{"allow":["GET"]}}],"collection":[{"href":"https:\/\/www.europesays.com\/es\/wp-json\/wp\/v2\/posts"}],"about":[{"href":"https:\/\/www.europesays.com\/es\/wp-json\/wp\/v2\/types\/post"}],"author":[{"embeddable":true,"href":"https:\/\/www.europesays.com\/es\/wp-json\/wp\/v2\/users\/2"}],"replies":[{"embeddable":true,"href":"https:\/\/www.europesays.com\/es\/wp-json\/wp\/v2\/comments?post=253658"}],"version-history":[{"count":0,"href":"https:\/\/www.europesays.com\/es\/wp-json\/wp\/v2\/posts\/253658\/revisions"}],"wp:featuredmedia":[{"embeddable":true,"href":"https:\/\/www.europesays.com\/es\/wp-json\/wp\/v2\/media\/253659"}],"wp:attachment":[{"href":"https:\/\/www.europesays.com\/es\/wp-json\/wp\/v2\/media?parent=253658"}],"wp:term":[{"taxonomy":"category","embeddable":true,"href":"https:\/\/www.europesays.com\/es\/wp-json\/wp\/v2\/categories?post=253658"},{"taxonomy":"post_tag","embeddable":true,"href":"https:\/\/www.europesays.com\/es\/wp-json\/wp\/v2\/tags?post=253658"}],"curies":[{"name":"wp","href":"https:\/\/api.w.org\/{rel}","templated":true}]}}