{"id":253660,"date":"2025-11-24T18:46:23","date_gmt":"2025-11-24T18:46:23","guid":{"rendered":"https:\/\/www.europesays.com\/es\/253660\/"},"modified":"2025-11-24T18:46:23","modified_gmt":"2025-11-24T18:46:23","slug":"155-m-este-ano-en-malas-lenguas-mananeros-y-directo-al-grano","status":"publish","type":"post","link":"https:\/\/www.europesays.com\/es\/253660\/","title":{"rendered":"15,5 M este a\u00f1o en &#8216;Malas lenguas&#8217;, &#8216;Ma\u00f1aneros&#8217; y &#8216;Directo al grano&#8217;"},"content":{"rendered":"<p>RTVE ha gastado en lo que va de a\u00f1o 19,1 millones de euros para poner en antena los <a href=\"https:\/\/okdiario.com\/economia\/rtve-hace-consulta-interna-sobre-sostenibilidad-pero-torpedea-protestas-malas-lenguas-15756566\" target=\"_blank\" rel=\"noopener noreferrer nofollow\">pol\u00e9micos programas<\/a> Ma\u00f1aneros, Malas Lenguas y Directo al Grano, que presentan <strong>Javier Ruiz, Jes\u00fas Cintora y Gonzalo Mir\u00f3<\/strong>, acusados por la oposici\u00f3n de defender a diario desde la cadena p\u00fablica los argumentos del Gobierno de <strong>Pedro S\u00e1nchez<\/strong>.<\/p>\n<p>Seg\u00fan ha desvelado este lunes el presidente de RTVE, <strong>Jos\u00e9 Pablo L\u00f3pez<\/strong>, en una respuesta parlamentaria, en lo que va de a\u00f1o ha gastado 9,1 millones de euros en Ma\u00f1aneros, 8,76 millones a Malas Lenguas, y 1,3 millones a Directo al Grano.<\/p>\n<p>El presidente de RTVE desgrana los gastos de cada programa entre el coste para las productoras hasta las dietas y otros gastos menores. Quedan as\u00ed:<\/p>\n<p><img loading=\"lazy\" decoding=\"async\" class=\"alignnone size-medium wp-image-15819799\" alt=\"RTVE\" width=\"466\" height=\"620\"  src=\"https:\/\/www.europesays.com\/es\/wp-content\/uploads\/2025\/11\/captura-de-pantalla-2025-11-24-a-las-16.42.16-466x620.png\" \/><\/p>\n<p><img loading=\"lazy\" decoding=\"async\" class=\"alignnone size-medium wp-image-15819804\" alt=\"RTVE\" width=\"455\" height=\"620\"  src=\"https:\/\/www.europesays.com\/es\/wp-content\/uploads\/2025\/11\/captura-de-pantalla-2025-11-24-a-las-16.42.48-455x620.png\" \/><\/p>\n<p><img loading=\"lazy\" decoding=\"async\" class=\"alignnone size-medium wp-image-15819810\" alt=\"rtve\" width=\"459\" height=\"620\"  src=\"https:\/\/www.europesays.com\/es\/wp-content\/uploads\/2025\/11\/captura-de-pantalla-2025-11-24-a-las-16.43.13-459x620.png\" \/><\/p>\n<p>Los tres programas han sido pol\u00e9micos por sus presentadores, a los que se acusa incluso desde dentro de RTVE de defender al Gobierno con sus opiniones torpedeando y golpeando la imagen y la credibilidad de la cadena p\u00fablica.<\/p>\n<p>Desde el <a href=\"https:\/\/okdiario.com\/economia\/consejo-informativos-rtve-plantea-ya-acciones-protesta-malas-lenguas-mananeros-15522389\" target=\"_blank\" rel=\"noopener noreferrer nofollow\"><strong>Consejo de Informativos<\/strong><\/a> de RTVE se ha criticado duramente estos programas y est\u00e1n tratando desde hace semanas de hacer una consulta p\u00fablica entre la plantilla para decidir qu\u00e9 acciones de protesta tomar, mientras ellos visten de negro los viernes en se\u00f1al de protesta.<\/p>\n<p>Sin embargo, <strong>denuncian que desde la c\u00fapula<\/strong> de la cadena se les impide realizar esta consulta alegando a los derechos de protecci\u00f3n de datos de la plantilla, mientras s\u00ed han hecho recientemente otras consultas sobre temas menores.<\/p>\n<p>Bronca en RTVE<\/p>\n<p>Adem\u00e1s, en los \u00faltimos d\u00edas se ha vivido una monumental bronca en RTVE a costa del contrato de formaci\u00f3n al que ha tenido acceso el hijo de <strong>Xabier Fortes<\/strong>, presentador del Canal 24 Horas. <strong>Carmen Sastre<\/strong>, ex consejera de la cadena a propuesta del PP y ex directiva de RTVE, denunci\u00f3 en un mensaje en sus redes sociales el contrato del hijo de Fortes precisamente como reportero de noticias en el Canal 24 Horas, acus\u00e1ndole de enchufismo y recordando que muchos j\u00f3venes no tienen esa opci\u00f3n.<\/p>\n<p>Fortes contest\u00f3 inmediatamente insultando a Sastre y explicando que su hijo hab\u00eda hecho las pr\u00e1cticas de verano en RTVE como muchos otros y que, despu\u00e9s, firm\u00f3 un contrato de formaci\u00f3n de un a\u00f1o que termina \u00aben dos semanas\u00bb.<\/p>\n<p>A partir de ah\u00ed, las redes han ardido entre quienes defienden a Fortes -critic\u00f3 que se le atacara a \u00e9l a trav\u00e9s de su hijo, \u00abun chaval\u00bb- y los que defienden a Sastre, que fue acusada de enchufar a su hermana durante su etapa en la cadena p\u00fablica.<\/p>\n<p>El Consejo de Informativos ha salido en defensa de Fortes con un duro comunicado en el que condena \u00ablos insultos hacia trabajadores de TVE\u00bb, y recuerda \u00abque cada persona merece ser valorada por su propio esfuerzo, m\u00e9ritos y conducta, sin importar su entorno personal o circunstancias\u00bb.<\/p>\n<p>Fuentes sindicales se\u00f1alan que no es normal que los contratados en formaci\u00f3n hagan un directo de una noticia y que, adem\u00e1s, sea de la noticia del d\u00eda, desde el Tribunal Supremo.<\/p>\n<p>\u00a0<\/p>\n<blockquote class=\"twitter-tweet\">\n<p dir=\"ltr\" lang=\"es\">El hijo de \u2066<a href=\"https:\/\/twitter.com\/xabierfortes?ref_src=twsrc%5Etfw\" rel=\"nofollow noopener\" target=\"_blank\">@xabierfortes<\/a>\u2069 ya est\u00e1 colocado en TVE.Aqu\u00ed en un directo en el canal 24 horas. Me dicen q esta contratado hasta q salga la oposici\u00f3n(le da puntos)Curioso q tenga colocado al hijo quien criticaba las familias en TVE.Yo no coloque a mi hija cuando era directiva. <a href=\"https:\/\/t.co\/3PPyPvppl3\" rel=\"nofollow\">pic.twitter.com\/3PPyPvppl3<\/a><\/p>\n<p>\u2014 Carmen Sastre (@Carmensastre12) <a href=\"https:\/\/twitter.com\/Carmensastre12\/status\/1991551662117515483?ref_src=twsrc%5Etfw\" rel=\"nofollow noopener\" target=\"_blank\">November 20, 2025<\/a><\/p>\n<\/blockquote>\n<p>La respuesta de Fortes:<\/p>\n<p><img loading=\"lazy\" decoding=\"async\" class=\"alignnone size-medium wp-image-15819930\" alt=\"rtve\" width=\"490\" height=\"620\"  src=\"https:\/\/www.europesays.com\/es\/wp-content\/uploads\/2025\/11\/captura-de-pantalla-2025-11-24-a-las-16.57.16-490x620.png\" \/><\/p>\n<p>\t\t\t\t\t<script async src=\"https:\/\/platform.twitter.com\/widgets.js\" charset=\"utf-8\"><\/script><\/p>\n","protected":false},"excerpt":{"rendered":"RTVE ha gastado en lo que va de a\u00f1o 19,1 millones de euros para poner en antena los&hellip;\n","protected":false},"author":2,"featured_media":253661,"comment_status":"","ping_status":"","sticky":false,"template":"","format":"standard","meta":{"footnotes":""},"categories":[171],"tags":[146,147,25,24,23,214],"class_list":{"0":"post-253660","1":"post","2":"type-post","3":"status-publish","4":"format-standard","5":"has-post-thumbnail","7":"category-tv","8":"tag-entertainment","9":"tag-entretenimiento","10":"tag-es","11":"tag-espana","12":"tag-spain","13":"tag-tv"},"share_on_mastodon":{"url":"https:\/\/pubeurope.com\/@es\/115606165841038142","error":""},"_links":{"self":[{"href":"https:\/\/www.europesays.com\/es\/wp-json\/wp\/v2\/posts\/253660","targetHints":{"allow":["GET"]}}],"collection":[{"href":"https:\/\/www.europesays.com\/es\/wp-json\/wp\/v2\/posts"}],"about":[{"href":"https:\/\/www.europesays.com\/es\/wp-json\/wp\/v2\/types\/post"}],"author":[{"embeddable":true,"href":"https:\/\/www.europesays.com\/es\/wp-json\/wp\/v2\/users\/2"}],"replies":[{"embeddable":true,"href":"https:\/\/www.europesays.com\/es\/wp-json\/wp\/v2\/comments?post=253660"}],"version-history":[{"count":0,"href":"https:\/\/www.europesays.com\/es\/wp-json\/wp\/v2\/posts\/253660\/revisions"}],"wp:featuredmedia":[{"embeddable":true,"href":"https:\/\/www.europesays.com\/es\/wp-json\/wp\/v2\/media\/253661"}],"wp:attachment":[{"href":"https:\/\/www.europesays.com\/es\/wp-json\/wp\/v2\/media?parent=253660"}],"wp:term":[{"taxonomy":"category","embeddable":true,"href":"https:\/\/www.europesays.com\/es\/wp-json\/wp\/v2\/categories?post=253660"},{"taxonomy":"post_tag","embeddable":true,"href":"https:\/\/www.europesays.com\/es\/wp-json\/wp\/v2\/tags?post=253660"}],"curies":[{"name":"wp","href":"https:\/\/api.w.org\/{rel}","templated":true}]}}