{"id":253662,"date":"2025-11-24T18:47:10","date_gmt":"2025-11-24T18:47:10","guid":{"rendered":"https:\/\/www.europesays.com\/es\/253662\/"},"modified":"2025-11-24T18:47:10","modified_gmt":"2025-11-24T18:47:10","slug":"un-actor-de-juego-de-tronos-sera-el-quinto-beatle-en-los-biopics-del-grupo","status":"publish","type":"post","link":"https:\/\/www.europesays.com\/es\/253662\/","title":{"rendered":"Un actor de &#8216;Juego de Tronos&#8217; ser\u00e1 \u00abel quinto Beatle&#8217; en los biopics del grupo"},"content":{"rendered":"<p>El oscarizado director <a href=\"https:\/\/www.ecartelera.com\/personas\/sam-mendes\/\" data-mention-type=\"persona\" data-mention-id=\"2653\" rel=\"nofollow noopener\" target=\"_blank\">Sam Mendes<\/a>  prepara un <strong>acontecimiento sin precedentes<\/strong> con sus <strong>cuatro pel\u00edculas sobre Los Beatle<\/strong><strong>s<\/strong>, una por cada integrante del grupo. Aunque siempre se ha hablado de un \u201cquinto Beatle\u201d en referencia a George Martin, productor e \u00edntimo de la banda que cumpli\u00f3 un <strong>papel esencial en el recorrido de los m\u00fasicos brit\u00e1nicos<\/strong>.<\/p>\n<p>Tr\u00e1iler espa\u00f1ol &#8216;Prime Target&#8217;<\/p>\n<p><video id=\"vid-34806\" class=\"video-js vjs-default-skin\" data-title=\"Tr\u00e1iler espa\u00f1ol 'Prime Target'\" poster=\"https:\/\/www.ecartelera.com\/images\/videos\/34800\/f34806.jpg\" controls=\"\" preload=\"auto\" width=\"640\" height=\"360\" playsinline=\"\" data-vtt=\"\/\/v1.ecartelera.com\/video\/34800\/34806_sprite.vtt\" data-stream=\"1\">El navegador no soporta el tag de v\u00eddeo.<\/video><\/p>\n<p>X<\/p>\n<p>Ya conocemos qui\u00e9n encarnar\u00e1 al <strong>miembro n\u00famero 5 de los m\u00edticos Beatles<\/strong>. <a href=\"https:\/\/www.ecartelera.com\/personas\/harry-lloyd\/\" data-mention-type=\"persona\" data-mention-id=\"3842\" rel=\"nofollow noopener\" target=\"_blank\">Harry Lloyd<\/a> , actor de &#8216;<a href=\"https:\/\/www.ecartelera.com\/series\/juego-de-tronos\/\" data-mention-type=\"serie\" data-mention-id=\"1\" rel=\"nofollow noopener\" target=\"_blank\">Juego de Tronos<\/a>&#8216;  o &#8216;<a href=\"https:\/\/www.ecartelera.com\/series\/legion\/\" data-mention-type=\"serie\" data-mention-id=\"253\" rel=\"nofollow noopener\" target=\"_blank\">Legi\u00f3n<\/a>&#8216; , dar\u00e1 vida a George Martin, tal y como ha confirmado el hijo del productor, Giles Martin, en el p\u00f3dcast <a href=\"https:\/\/www.youtube.com\/watch?v=DKg8iXwRizU\" target=\"_blank\" rel=\"nofollow noopener\">\u2018Virgin Radio UK\u2019<\/a>. Este ha alabado el trabajo del actor brit\u00e1nico, del que ha dicho que<strong> \u201ces muy bueno y est\u00e1 realmente comprometido\u201d<\/strong>.<\/p>\n<p>Harry Lloyd interpret\u00f3 a Viserys Targaryen, el <strong>cruel y despiadado hermano de Danaerys<\/strong> en la primera temporada de \u2018Juego de Tronos\u2019. Adem\u00e1s, tambi\u00e9n se destaca su trabajo en otras series como \u2018Yo, Jack<strong> <\/strong>Wright\u2019 o &#8216;<a href=\"https:\/\/www.ecartelera.com\/series\/prime-target\/\" data-mention-type=\"serie\" data-mention-id=\"713\" rel=\"nofollow noopener\" target=\"_blank\">Prime Target<\/a>&#8216; . Recientemente, ha sido <strong>confirmado para la sexta temporada<\/strong> de &#8216;<a href=\"https:\/\/www.ecartelera.com\/series\/slow-horses\/\" data-mention-type=\"serie\" data-mention-id=\"1900\" rel=\"nofollow noopener\" target=\"_blank\">Slow Horses<\/a>&#8216;.<\/p>\n<p>\t\t\t\t\t\t\t<img decoding=\"async\" loading=\"lazy\" src=\"https:\/\/www.europesays.com\/es\/wp-content\/uploads\/2025\/11\/248606_un-actor-de-juego-de-tronos-se-une-a-los-biopics-de-los-beatles-como-el-quinto-b.jpg\" alt=\"Un actor de \u2018Juego de Tronos\u2019 se une a los biopics de Los Beatles como &quot;el quinto Beatle&quot;\" width=\"1200\" height=\"675\"\/>\t<\/p>\n<p>\t\t\t\t\t\tUn actor de \u2018Juego de Tronos\u2019 se une a los biopics de Los Beatles como \u00abel quinto Beatle\u00bb<\/p>\n<p>Todav\u00eda <strong>desconocemos c\u00f3mo ser\u00e1 su desempe\u00f1o en los biopics de Los Beatles<\/strong>, aunque dada su importancia para la banda, podr\u00edamos esperar su aparici\u00f3n en las cuatro pel\u00edculas. <strong>George Martin produjo casi todos los \u00e1lbumes del grupo<\/strong> \u2014a excepci\u00f3n de uno\u2014, escribi\u00f3 la mayor\u00eda de arreglos musicales de los temas y fue reconocido con seis Grammys durante su <strong>trayectoria de m\u00e1s de 60 a\u00f1os<\/strong>. Martin falleci\u00f3 en 2016 a la edad de 90 a\u00f1os.<\/p>\n<p>Reparto estelar y otros detalles <\/p>\n<p>Harry Lloyd se acompa\u00f1ar\u00e1 de un <strong>elenco de estrellas ya confirmado<\/strong>: <a href=\"https:\/\/www.ecartelera.com\/personas\/paul-mescal\/\" data-mention-type=\"persona\" data-mention-id=\"28155\" rel=\"nofollow noopener\" target=\"_blank\">Paul Mescal<\/a>  como <a href=\"https:\/\/www.ecartelera.com\/personas\/paul-mccartney\/\" data-mention-type=\"persona\" data-mention-id=\"19585\" rel=\"nofollow noopener\" target=\"_blank\">Paul McCartney<\/a> , <a href=\"https:\/\/www.ecartelera.com\/personas\/harris-dickinson\/\" data-mention-type=\"persona\" data-mention-id=\"19819\" rel=\"nofollow noopener\" target=\"_blank\">Harris Dickinson<\/a>  como John Lennon , <a href=\"https:\/\/www.ecartelera.com\/personas\/joseph-quinn\/\" data-mention-type=\"persona\" data-mention-id=\"27842\" rel=\"nofollow noopener\" target=\"_blank\">Joseph Quinn<\/a>  como George Harrison y <a href=\"https:\/\/www.ecartelera.com\/personas\/barry-keoghan\/\" data-mention-type=\"persona\" data-mention-id=\"14578\" rel=\"nofollow noopener\" target=\"_blank\">Barry Keoghan<\/a>  como Ringo Starr. Los cuatro int\u00e9rpretes <strong>aclamados por p\u00fablico y cr\u00edtica<\/strong> son los encargados de dar vida a cada uno de Los Beatles.<\/p>\n<p>\t\t\t\t\t\t\t<img decoding=\"async\" loading=\"lazy\" src=\"https:\/\/www.europesays.com\/es\/wp-content\/uploads\/2025\/11\/235652_sam-mendes-y-sus-cuatro-peliculas-biograficas-de-.jpg\" alt=\"Sam Mendes y sus cuatro pel\u00edculas biogr\u00e1ficas de 'The Beatles' ser\u00e1n &quot;el primer marat\u00f3n cinematogr\u00e1fico&quot;\" width=\"1200\" height=\"750\"\/>\t<\/p>\n<p>\t\t\t\t\t\tSam Mendes y sus cuatro pel\u00edculas biogr\u00e1ficas de &#8216;The Beatles&#8217; ser\u00e1n \u00abel primer marat\u00f3n cinematogr\u00e1fico\u00bb<\/p>\n<p>Junto a ellos, recientemente se conoc\u00eda a las <strong>integrantes femeninas<\/strong> que tambi\u00e9n formar\u00e1n parte de las pel\u00edculas: <a href=\"https:\/\/www.ecartelera.com\/personas\/saoirse-ronan\/\" data-mention-type=\"persona\" data-mention-id=\"166\" rel=\"nofollow noopener\" target=\"_blank\">Saoirse Ronan<\/a> , <a href=\"https:\/\/www.ecartelera.com\/personas\/mia-mckenna-bruce\/\" data-mention-type=\"persona\" data-mention-id=\"29620\" rel=\"nofollow noopener\" target=\"_blank\">Mia McKenna-Bruce<\/a> , <a href=\"https:\/\/www.ecartelera.com\/personas\/anna-sawai\/\" data-mention-type=\"persona\" data-mention-id=\"30095\" rel=\"nofollow noopener\" target=\"_blank\">Anna Sawai<\/a>  y <a href=\"https:\/\/www.ecartelera.com\/personas\/aimee-lou-wood\/\" data-mention-type=\"persona\" data-mention-id=\"26890\" rel=\"nofollow noopener\" target=\"_blank\">Aimee Lou Wood<\/a> , adem\u00e1s de tener a <a href=\"https:\/\/www.ecartelera.com\/personas\/james-norton\/\" data-mention-type=\"persona\" data-mention-id=\"8799\" rel=\"nofollow noopener\" target=\"_blank\">James Norton<\/a>  como el <strong>manager de la banda<\/strong>.<\/p>\n<p>Este<strong> biopic en cuatro partes<\/strong>, dirigido por Sam Mendes y escrito por <a href=\"https:\/\/www.ecartelera.com\/personas\/jez-butterworth\/\" data-mention-type=\"persona\" data-mention-id=\"10030\" rel=\"nofollow noopener\" target=\"_blank\">Jez Butterworth<\/a> , <a href=\"https:\/\/www.ecartelera.com\/personas\/peter-straughan\/\" data-mention-type=\"persona\" data-mention-id=\"13910\" rel=\"nofollow noopener\" target=\"_blank\">Peter Straughan<\/a>  y <a href=\"https:\/\/www.ecartelera.com\/personas\/jack-thorne\/\" data-mention-type=\"persona\" data-mention-id=\"15707\" rel=\"nofollow noopener\" target=\"_blank\">Jack Thorne<\/a> , tiene su estreno previsto para <strong>abril de 2028<\/strong>.<\/p>\n","protected":false},"excerpt":{"rendered":"El oscarizado director Sam Mendes prepara un acontecimiento sin precedentes con sus cuatro pel\u00edculas sobre Los Beatles, una&hellip;\n","protected":false},"author":2,"featured_media":253663,"comment_status":"","ping_status":"","sticky":false,"template":"","format":"standard","meta":{"footnotes":""},"categories":[170],"tags":[1014,1015,1013,177,1011,146,147,25,24,782,1019,1016,184,185,753,1012,23,1017,1018],"class_list":{"0":"post-253662","1":"post","2":"type-post","3":"status-publish","4":"format-standard","5":"has-post-thumbnail","7":"category-musica","8":"tag-actores","9":"tag-actrices","10":"tag-cartelera","11":"tag-cine","12":"tag-ecartelera","13":"tag-entertainment","14":"tag-entretenimiento","15":"tag-es","16":"tag-espana","17":"tag-estrellas","18":"tag-fotogramas","19":"tag-fotos","20":"tag-music","21":"tag-musica","22":"tag-peliculas","23":"tag-pelis","24":"tag-spain","25":"tag-trailers","26":"tag-videos"},"share_on_mastodon":{"url":"https:\/\/pubeurope.com\/@es\/115606169158714810","error":""},"_links":{"self":[{"href":"https:\/\/www.europesays.com\/es\/wp-json\/wp\/v2\/posts\/253662","targetHints":{"allow":["GET"]}}],"collection":[{"href":"https:\/\/www.europesays.com\/es\/wp-json\/wp\/v2\/posts"}],"about":[{"href":"https:\/\/www.europesays.com\/es\/wp-json\/wp\/v2\/types\/post"}],"author":[{"embeddable":true,"href":"https:\/\/www.europesays.com\/es\/wp-json\/wp\/v2\/users\/2"}],"replies":[{"embeddable":true,"href":"https:\/\/www.europesays.com\/es\/wp-json\/wp\/v2\/comments?post=253662"}],"version-history":[{"count":0,"href":"https:\/\/www.europesays.com\/es\/wp-json\/wp\/v2\/posts\/253662\/revisions"}],"wp:featuredmedia":[{"embeddable":true,"href":"https:\/\/www.europesays.com\/es\/wp-json\/wp\/v2\/media\/253663"}],"wp:attachment":[{"href":"https:\/\/www.europesays.com\/es\/wp-json\/wp\/v2\/media?parent=253662"}],"wp:term":[{"taxonomy":"category","embeddable":true,"href":"https:\/\/www.europesays.com\/es\/wp-json\/wp\/v2\/categories?post=253662"},{"taxonomy":"post_tag","embeddable":true,"href":"https:\/\/www.europesays.com\/es\/wp-json\/wp\/v2\/tags?post=253662"}],"curies":[{"name":"wp","href":"https:\/\/api.w.org\/{rel}","templated":true}]}}