{"id":253673,"date":"2025-11-24T18:53:12","date_gmt":"2025-11-24T18:53:12","guid":{"rendered":"https:\/\/www.europesays.com\/es\/253673\/"},"modified":"2025-11-24T18:53:12","modified_gmt":"2025-11-24T18:53:12","slug":"un-experto-da-la-clave-de-por-que-pasa","status":"publish","type":"post","link":"https:\/\/www.europesays.com\/es\/253673\/","title":{"rendered":"un experto da la clave de por qu\u00e9 pasa"},"content":{"rendered":"<p>La llegada de la Navidad cada a\u00f1o se adelanta m\u00e1s y m\u00e1s por eso empieza a ser habitual que los supermercados de toda Espa\u00f1a <a href=\"https:\/\/www.huffingtonpost.es\/economia\/probamos-puntuamos-nuevos-turrones-mercadona-merecen-pena.html\" rel=\"nofollow noopener\" target=\"_blank\">vendan turrones casi desde el mes de septiembre.\u00a0<\/a><\/p>\n<p>Este a\u00f1o hay un caso curioso que los clientes de los supermercados han visto: el precio del turr\u00f3n de Suchard, <a href=\"https:\/\/www.huffingtonpost.es\/virales\/prueba-nueva-pasta-rellena-mercadona-supera-expectativas-5-minutos-vale-260.html\" rel=\"nofollow noopener\" target=\"_blank\">uno de los m\u00e1s famosos de Espa\u00f1a<\/a>, <b>tiene un precio en Mercadona y otro en otros supermercados.\u00a0\u00a0<\/b><\/p>\n<p>Concretamente, en el gigante valenciano, el precio de la cl\u00e1sica tableta de turr\u00f3n de chocolate <b>Suchard ronda los cinco euros y en otros supermercados cuesta unos tres<\/b>. Algo que ha llamado la atenci\u00f3n de algunos expertos, que se han apresurado a analizar este suceso extra\u00f1o.\u00a0<\/p>\n<p>En Linkedin, un experto en educaci\u00f3n financiera ha hablado de la diferencia de precio en funci\u00f3n del supermercado y ha contado que detr\u00e1s hay una estrategia de Mercadona para vender su marca blanca.\u00a0<\/p>\n<p><b>\u00abMercadona lo deja caro porque no quiere competir con Suchard.<\/b> Su objetivo es que compres su propio turr\u00f3n de marca blanca, que tiene mucho m\u00e1s margen para ellos\u00bb, ha afirmado, por lo que si el proveedor sube el precio por el encarecimiento de las materias primas y la energ\u00eda mantienen el precio.\u00a0<\/p>\n<p>Otros negocios lo bajan a prop\u00f3sito: \u00abLo usan como producto se\u00f1uelo. Pierden margen en el turr\u00f3n pero lo recuperan cuando entras a comprar m\u00e1s cosas. Mismo turr\u00f3n, estrategias distintas\u00bb.\u00a0<\/p>\n<p>Es decir, otros supermercados prefieren que la gente entre a su negocio para comprar el turr\u00f3n de Suchard m\u00e1s barato y que as\u00ed de paso estos clientes se lleven m\u00e1s productos de todo tipo.\u00a0<\/p>\n<p>\u00bfPor qu\u00e9 sube el precio?    <\/p>\n<p>Este mismo experto explica que el turr\u00f3n de Suchard, al igual que otros productos que usan cacao, han subido de precio por el encarecimiento de los costes. Por ejemplo, el cacao, el az\u00facar y la energ\u00eda se han encarecido lo que ha hecho que el producto final sea mayor cada a\u00f1o.\u00a0<\/p>\n","protected":false},"excerpt":{"rendered":"La llegada de la Navidad cada a\u00f1o se adelanta m\u00e1s y m\u00e1s por eso empieza a ser habitual&hellip;\n","protected":false},"author":2,"featured_media":253674,"comment_status":"","ping_status":"","sticky":false,"template":"","format":"standard","meta":{"footnotes":""},"categories":[80],"tags":[82,95,94,25,24,4973,23,63633],"class_list":{"0":"post-253673","1":"post","2":"type-post","3":"status-publish","4":"format-standard","5":"has-post-thumbnail","7":"category-economia","8":"tag-business","9":"tag-economia","10":"tag-economy","11":"tag-es","12":"tag-espana","13":"tag-mercadona","14":"tag-spain","15":"tag-turron"},"share_on_mastodon":{"url":"https:\/\/pubeurope.com\/@es\/115606192483851536","error":""},"_links":{"self":[{"href":"https:\/\/www.europesays.com\/es\/wp-json\/wp\/v2\/posts\/253673","targetHints":{"allow":["GET"]}}],"collection":[{"href":"https:\/\/www.europesays.com\/es\/wp-json\/wp\/v2\/posts"}],"about":[{"href":"https:\/\/www.europesays.com\/es\/wp-json\/wp\/v2\/types\/post"}],"author":[{"embeddable":true,"href":"https:\/\/www.europesays.com\/es\/wp-json\/wp\/v2\/users\/2"}],"replies":[{"embeddable":true,"href":"https:\/\/www.europesays.com\/es\/wp-json\/wp\/v2\/comments?post=253673"}],"version-history":[{"count":0,"href":"https:\/\/www.europesays.com\/es\/wp-json\/wp\/v2\/posts\/253673\/revisions"}],"wp:featuredmedia":[{"embeddable":true,"href":"https:\/\/www.europesays.com\/es\/wp-json\/wp\/v2\/media\/253674"}],"wp:attachment":[{"href":"https:\/\/www.europesays.com\/es\/wp-json\/wp\/v2\/media?parent=253673"}],"wp:term":[{"taxonomy":"category","embeddable":true,"href":"https:\/\/www.europesays.com\/es\/wp-json\/wp\/v2\/categories?post=253673"},{"taxonomy":"post_tag","embeddable":true,"href":"https:\/\/www.europesays.com\/es\/wp-json\/wp\/v2\/tags?post=253673"}],"curies":[{"name":"wp","href":"https:\/\/api.w.org\/{rel}","templated":true}]}}