{"id":253678,"date":"2025-11-24T18:56:08","date_gmt":"2025-11-24T18:56:08","guid":{"rendered":"https:\/\/www.europesays.com\/es\/253678\/"},"modified":"2025-11-24T18:56:08","modified_gmt":"2025-11-24T18:56:08","slug":"estados-unidos-exige-relajar-las-reglas-digitales-europeas-para-ofrecer-mejoras-en-los-aranceles-al-acero-de-la-ue-economia","status":"publish","type":"post","link":"https:\/\/www.europesays.com\/es\/253678\/","title":{"rendered":"Estados Unidos exige relajar las reglas digitales europeas para ofrecer mejoras en los aranceles al acero de la UE | Econom\u00eda"},"content":{"rendered":"<p class=\"\">Las m\u00e1ximas autoridades comerciales de Estados Unidos se han presentado este lunes en Bruselas con un mensaje muy claro: si la UE quiere solucionar el contencioso abierto a cuenta de los aranceles al acero y el aluminio, ahora en el 50%, tiene que relajar el impacto de sus leyes digitales. Estados Unidos considera que esas normas <a href=\"https:\/\/elpais.com\/economia\/2025-11-13\/bruselas-abre-un-nuevo-frente-contra-google-a-cuenta-de-la-publicidad-digital.html\" target=\"_self\" rel=\"nofollow noopener\" title=\"https:\/\/elpais.com\/economia\/2025-11-13\/bruselas-abre-un-nuevo-frente-contra-google-a-cuenta-de-la-publicidad-digital.html\">limitan la actividad de las grandes tecnol\u00f3gicas estadounidenses<\/a> al imponerles requisitos en cuanto a reglas de competencia y de moderaci\u00f3n de contenidos. \u201cNuestra sugerencia es que la UE considere detenidamente la posibilidad de analizar sus normas digitales e intente llegar a un equilibrio. Y si pueden llegar a ese enfoque equilibrado, entonces, junto con ellos, abordaremos las cuestiones del acero\u201d, ha condicionado el secretario de Comercio de Estados Unidos, Howard Lutnick. <\/p>\n<p class=\"\">Junto al estadounidense, en el edificio del Consejo Europeo, estaba su hom\u00f3logo europeo, el comisario Maros Sefcovic, diplom\u00e1tico de profesi\u00f3n, que en su respuesta a la prensa ha buscado la forma de no contrariar a su hu\u00e9sped: \u201cSolo quer\u00edamos asegurar claramente al secretario [de Comercio] que nuestras leyes no son discriminatorias. No est\u00e1n dirigidas a las empresas estadounidenses. Pero sabemos que <a href=\"https:\/\/elpais.com\/economia\/2025-09-05\/bruselas-multa-a-google-con-2950-millones-por-abuso-de-mercado-y-le-pide-que-venda-parte-de-su-negocio-de-publicidad-digital.html\" target=\"_blank\" rel=\"nofollow noopener\" title=\"https:\/\/elpais.com\/economia\/2025-09-05\/bruselas-multa-a-google-con-2950-millones-por-abuso-de-mercado-y-le-pide-que-venda-parte-de-su-negocio-de-publicidad-digital.html\">este es uno de los temas que Estados Unidos quiere debatir\u201d<\/a>. No obstante, ya sin la presencia de los representantes norteamericanos, las fuentes consultadas en Bruselas aclaran que no hay conexi\u00f3n entre los dos asuntos. Y as\u00ed lo ha afirmado con contundencia posteriormente la vicepresidenta de la Comisi\u00f3n Teresa Ribera: \u201cEl reglamento digital europeo no est\u00e1 abierto a negociaci\u00f3n. Los europeos hemos adoptado nuestras normas para asegurar mercados justos y proteger los derechos de los consumidores\u201d, ha se\u00f1alado la tambi\u00e9n comisaria de Competencia en unas declaraciones difundidas a los medios. <\/p>\n<p class=\"\">Lutnick no solo ha ofrecido negociar la asignatura pendiente de los aranceles en el sector sider\u00fargico, uno de los temas que quedaron fuera del acuerdo comercial de este verano que fij\u00f3 un arancel general del 15% para las exportaciones europeas a Estados Unidos. Tambi\u00e9n ha llegado a decir que \u00e9l pensaba que, <a href=\"https:\/\/elpais.com\/economia\/2025-04-23\/bruselas-impone-700-millones-en-multas-a-apple-y-meta-en-plena-negociacion-arancelaria-con-ee-uu.html\" target=\"_blank\" rel=\"noreferrer nofollow noopener\" title=\"https:\/\/elpais.com\/economia\/2025-04-23\/bruselas-impone-700-millones-en-multas-a-apple-y-meta-en-plena-negociacion-arancelaria-con-ee-uu.html\">si las normas europeas sobre internet se relajaban,<\/a> la inversi\u00f3n de las grandes tecnol\u00f3gicas estadounidenses en Europa pod\u00eda llegar al bill\u00f3n de d\u00f3lares. <\/p>\n<p class=\"\">Casi desde el primer momento en que Trump volvi\u00f3 a La Casa Blanca, <a href=\"https:\/\/elpais.com\/economia\/2025-09-05\/trump-reune-en-su-corte-a-las-big-tech-para-asegurar-las-inversiones-en-la-ia-en-ee-uu.html\" target=\"_blank\" rel=\"nofollow noopener\" title=\"https:\/\/elpais.com\/economia\/2025-09-05\/trump-reune-en-su-corte-a-las-big-tech-para-asegurar-las-inversiones-en-la-ia-en-ee-uu.html\">Washington presiona a la UE para que relaje sus normas digitales,<\/a> principalmente dos: el reglamento de servicios digitales (DSA, por sus siglas inglesas) y el de mercados digitales (DMA). Y este lunes lo han hecho, directamente, en los cuarteles generales de la Uni\u00f3n, donde Lutnick y el representante de Comercio, Jamieson Greer, se ha reunido con Sefcovic y los ministros de Comercio de la UE y antes con la vicepresidenta de la Comisi\u00f3n Europea responsable de la soberan\u00eda digital, Henna Virkkunen. <\/p>\n<p class=\"\">\u201cEstados Unidos lleva muchos a\u00f1os mostrando una gran preocupaci\u00f3n por el reglamento de mercados digitales y otras leyes similares de la UE. Muchas veces, los umbrales se fijan de tal manera que casi solo afectan a las empresas estadounidenses. La aplicaci\u00f3n de la ley es bastante agresiva en ocasiones. Las multas pueden ser bastante elevadas\u201d, ha reprochado Greer, entre la advertencia y la aclaraci\u00f3n: \u201cNo digo esto para ser negativo, sino para explicar un poco la posici\u00f3n de Estados Unidos y el reto que vemos con respecto a estas leyes\u201d.<\/p>\n<p class=\"\">A finales de julio, Washington y Bruselas llegaron a un acuerdo comercial profundamente desigual. Estados Unidos impon\u00eda unos aranceles gen\u00e9ricos del 15% sin dar nada a cambio, al contrario, obten\u00eda la rebaja de tarifas aduaneras a varios productos agr\u00edcolas. Quedaba fuera de ese acuerdo el 50% del acero y el aluminio. Ahora ambas partes est\u00e1n en la implementaci\u00f3n de ese acuerdo. Por ejemplo, la Comisi\u00f3n Europea ya ha lanzado los textos legales para reducir tasas de los productos agr\u00edcolas estadounidenses incluidos pero todav\u00eda no se ha aprobado por el Consejo y por el Parlamento. <\/p>\n<blockquote class=\"twitter-tweet\">\n<p lang=\"es\" dir=\"ltr\">Reuni\u00f3n muy productiva con el Secretario de Comercio de EE.\u202fUU., <a href=\"https:\/\/twitter.com\/howardlutnick?ref_src=twsrc%5Etfw\" rel=\"nofollow noopener\" target=\"_blank\">@howardlutnick<\/a>, y el Representante de Comercio, <a href=\"https:\/\/twitter.com\/jamiesongreer?ref_src=twsrc%5Etfw\" rel=\"nofollow noopener\" target=\"_blank\">@jamiesongreer<\/a> en Bruselas. <\/p>\n<p>Tratamos prioridades comunes para reforzar los lazos comerciales y abrir oportunidades a empresas espa\u00f1olas en un mercado estrat\u00e9gico. <a href=\"https:\/\/t.co\/qR26srUn52\" rel=\"nofollow\">pic.twitter.com\/qR26srUn52<\/a><\/p>\n<p>\u2014 Carlos Cuerpo (@carlos_cuerpo) <a href=\"https:\/\/twitter.com\/carlos_cuerpo\/status\/1993003165642637839?ref_src=twsrc%5Etfw\" rel=\"nofollow noopener\" target=\"_blank\">November 24, 2025<\/a><\/p><\/blockquote>\n<p class=\"\">\u201cEn el corto plazo, el mayor esfuerzo est\u00e1 en la implementaci\u00f3n del acuerdo\u201d, ha se\u00f1alado el ministro espa\u00f1ol de Econom\u00eda y Comercio, Carlos Cuerpo. Y por ese lado y por el lado de acero, todav\u00eda hay importantes elementos de incertidumbres. En esto \u00faltimo, sobre todo, se quiere centrar la UE: en la sobrecapacidad de producci\u00f3n instalada en todo el mundo, especialmente en China; en reducir ese 50% de arancel; y en que Washington no incluya productos derivados del acero entre los afectados por esa tasa tan alta. <\/p>\n<p class=\"\">Pero a cambio de esta demanda de Bruselas, la Administraci\u00f3n Trump reclama que se afloje la presi\u00f3n sobre las grandes tecnol\u00f3gicas tanto en la regulaci\u00f3n como en algunos casos concretos abiertos. La respuesta europea no es la negativa frontal en la declaraci\u00f3n p\u00fablica, pero s\u00ed el recordatorio habitual de que \u201cla UE est\u00e1 abierta a discutir con los socios todas las preocupaciones, pero eso no cambia el hecho de que Europa tiene el derecho soberano de legislar\u201d. <\/p>\n<p class=\"\">Adem\u00e1s de la reuni\u00f3n con todos los ministros de la UE, Lutnick y Greer se han visto en un encuentro bilateral con Carlos Cuerpo. En esa cita, el espa\u00f1ol ha aprovechado para reclamar tanto la soluci\u00f3n del problema en el mercado sider\u00fargico como la exenci\u00f3n arancelaria para el aceite de oliva que se exporta a Estados Unidos. \u201cSolo el 2% del aceite de oliva que se vende en el mercado estadounidense, se produce all\u00ed\u201d, explica el ministro espa\u00f1ol para justificar su petici\u00f3n, defendiendo as\u00ed que la eliminaci\u00f3n de esa tasa repercutir\u00eda en una bajada de precios para los norteamericanos. <\/p>\n<p><script async src=\"https:\/\/platform.twitter.com\/widgets.js\" charset=\"utf-8\"><\/script><\/p>\n","protected":false},"excerpt":{"rendered":"Las m\u00e1ximas autoridades comerciales de Estados Unidos se han presentado este lunes en Bruselas con un mensaje muy&hellip;\n","protected":false},"author":2,"featured_media":253679,"comment_status":"","ping_status":"","sticky":false,"template":"","format":"standard","meta":{"footnotes":""},"categories":[5],"tags":[17,18,95,25,24,13,14,11,19,20,9,10,15,16,23,12,21,22],"class_list":{"0":"post-253678","1":"post","2":"type-post","3":"status-publish","4":"format-standard","5":"has-post-thumbnail","7":"category-titulares","8":"tag-breaking-news","9":"tag-breakingnews","10":"tag-economia","11":"tag-es","12":"tag-espana","13":"tag-featured-news","14":"tag-featurednews","15":"tag-headlines","16":"tag-latest-news","17":"tag-latestnews","18":"tag-news","19":"tag-noticias","20":"tag-noticias-destacadas","21":"tag-noticiasdestacadas","22":"tag-spain","23":"tag-titulares","24":"tag-ultimas-noticias","25":"tag-ultimasnoticias"},"share_on_mastodon":{"url":"https:\/\/pubeurope.com\/@es\/115606204103290075","error":""},"_links":{"self":[{"href":"https:\/\/www.europesays.com\/es\/wp-json\/wp\/v2\/posts\/253678","targetHints":{"allow":["GET"]}}],"collection":[{"href":"https:\/\/www.europesays.com\/es\/wp-json\/wp\/v2\/posts"}],"about":[{"href":"https:\/\/www.europesays.com\/es\/wp-json\/wp\/v2\/types\/post"}],"author":[{"embeddable":true,"href":"https:\/\/www.europesays.com\/es\/wp-json\/wp\/v2\/users\/2"}],"replies":[{"embeddable":true,"href":"https:\/\/www.europesays.com\/es\/wp-json\/wp\/v2\/comments?post=253678"}],"version-history":[{"count":0,"href":"https:\/\/www.europesays.com\/es\/wp-json\/wp\/v2\/posts\/253678\/revisions"}],"wp:featuredmedia":[{"embeddable":true,"href":"https:\/\/www.europesays.com\/es\/wp-json\/wp\/v2\/media\/253679"}],"wp:attachment":[{"href":"https:\/\/www.europesays.com\/es\/wp-json\/wp\/v2\/media?parent=253678"}],"wp:term":[{"taxonomy":"category","embeddable":true,"href":"https:\/\/www.europesays.com\/es\/wp-json\/wp\/v2\/categories?post=253678"},{"taxonomy":"post_tag","embeddable":true,"href":"https:\/\/www.europesays.com\/es\/wp-json\/wp\/v2\/tags?post=253678"}],"curies":[{"name":"wp","href":"https:\/\/api.w.org\/{rel}","templated":true}]}}