{"id":253684,"date":"2025-11-24T19:04:13","date_gmt":"2025-11-24T19:04:13","guid":{"rendered":"https:\/\/www.europesays.com\/es\/253684\/"},"modified":"2025-11-24T19:04:13","modified_gmt":"2025-11-24T19:04:13","slug":"en-italia-colocan-a-libegovic-como-fichaje-para-el-barca-de-xavi-pascual","status":"publish","type":"post","link":"https:\/\/www.europesays.com\/es\/253684\/","title":{"rendered":"En Italia colocan a Libegovic como fichaje para el Bar\u00e7a de Xavi Pascual"},"content":{"rendered":"<p class=\"\"><b>Amar Alibegovic, ala-p\u00edvot de 30 a\u00f1os y 2,06, bosnio nacido en Oreg\u00f3n<\/b>, podr\u00eda ser el primer fichaje del nuevo Barcelona de Xavi Pascual. Eso aseguran, al menos, desde Italia. El portal Superbasket da como muy avanzadas las negociaciones para lo que ser\u00eda una incorporaci\u00f3n sorpresa. En principio, el club ha reiterado que <b>hasta enero, como m\u00ednimo, no habr\u00eda incorporaciones.<\/b> Cuestiones de una pol\u00edtica econ\u00f3mica que es muy compleja en la secci\u00f3n de baloncesto porque todo depende del f\u00fatbol.<\/p>\n<p class=\"\">Cuando sali\u00f3 del equipo Joan Pe\u00f1arroya y<a href=\"https:\/\/as.com\/baloncesto\/acb\/xavi-pascual-nuevo-entrenador-del-barcelona-f202511-n\/\" target=\"_self\" rel=\"nofollow noopener\" title=\"https:\/\/as.com\/baloncesto\/acb\/xavi-pascual-nuevo-entrenador-del-barcelona-f202511-n\/\"> se negoci\u00f3 la llegada de Pascual<\/a>, <b>que regres\u00f3 a club casi una d\u00e9cada despu\u00e9s de su adi\u00f3s<\/b>, se habl\u00f3 de que el t\u00e9cnico de Gav\u00e1 querr\u00eda alg\u00fan fichaje puente, al menos un refuerzo para el corto plazo m\u00e1s all\u00e1 de que parece obvio que<b> el pr\u00f3ximo verano se acometer\u00e1 una reforma importante de la rotaci\u00f3n<\/b> porque acaban contrato algunos de los jugadores con los sueldos m\u00e1s altos de la plantilla: Willy Hernang\u00f3mez, Tomas Satoransky, Jan Vesely\u2026 Finalmente, Pascual firm\u00f3 sin fichajes garantizados y desde el club se filtr\u00f3 que no se fichar\u00e1\u2026 al menos eso, por ahora. Pero todo podr\u00eda cambiar si se presenta una buena opci\u00f3n en el mercado.<\/p>\n<p>Noticias relacionadas<a href=\"https:\/\/as.com\/baloncesto\/acb\/pascual-entre-tantas-imprecisiones-acabamos-un-poquito-mas-acertados-que-el-rival-f202511-n\/\" class=\"s_m_w\" title=\"El t\u00e9cnico, que en su vuelta a la Liga Endesa se estren\u00f3 con victoria, se mostr\u00f3 contento pero comedido, y fue cr\u00edtico tras un partido con imprecisiones.\" data-tb-link=\"\" rel=\"nofollow noopener\" target=\"_blank\"><img decoding=\"async\" src=\"https:\/\/www.europesays.com\/es\/wp-content\/uploads\/2025\/11\/GIOQMU423ZL4HE5THWHUEKJXWY.jpg\" alt=\"Pascual: \u201cEntre tantas imprecisiones, acabamos un poquito m\u00e1s acertados que el rival\u201d \" class=\"\" height=\"9\" width=\"16\"   loading=\"lazy\" data-tb-thumbnail=\"\"\/><\/a><a href=\"https:\/\/as.com\/baloncesto\/acb\/la-primera-de-pascual-f202511-n\/\" class=\"s_m_w\" title=\"El nuevo entrenador del Barcelona se estrena con victoria en su regreso a la ACB. Shengelia, Laprovittola y Clyburn, decisivos. Tobey, el mejor del Gran Canaria. \" data-tb-link=\"\" rel=\"nofollow noopener\" target=\"_blank\"><img decoding=\"async\" src=\"https:\/\/www.europesays.com\/es\/wp-content\/uploads\/2025\/11\/1764011053_102_FH5SDOLBEJEVBOM2B33RJLPCZU.jpg\" alt=\"La primera de Pascual\" class=\"\" height=\"9\" width=\"16\"   loading=\"lazy\" data-tb-thumbnail=\"\"\/><\/a><\/p>\n<p class=\"\">Alibegovic, adem\u00e1s, juega <b>en la misma posici\u00f3n que un Miles Norris que sigue sin debutar en la Li<\/b><b>g<\/b><b>a Endesa<\/b> y que ha tenido muy poca presencia en la Euroliga. El ala-p\u00edvot norteamericano no se est\u00e1 adaptando en su primera experiencia en Europa, y es uno de los que han estado en rumores de salida desde hace semanas. Alibegovic juega en el Trapani Shark italiano, y <b>en la Champions League promedia 12 puntos y 2,3 rebotes con un 35,3% en triples.<\/b> Internacional con Bosnia, estuvo en el equipo que disput\u00f3 el pasado Eurobasket y accedi\u00f3 a los octavos de final en el mismo grupo en el que se qued\u00f3 fuera la Selecci\u00f3n espa\u00f1ola. Promedi\u00f3 en el campeonato 6 puntos y 3 rebotes.<\/p>\n<p class=\"\"><b>\u00a1Tus opiniones importan!<\/b> Comenta en los art\u00edculos y suscr\u00edbete gratis a nuestra <a href=\"https:\/\/asfan.as.com\/newsletters\/\" target=\"_blank\" rel=\"nofollow noopener\" title=\"https:\/\/asfan.as.com\/newsletters\/\">newsletter<\/a> y a las alertas informativas en la <a href=\"https:\/\/as.com\/aplicacion-de-as-n\/\" target=\"_blank\" rel=\"nofollow noopener\" title=\"https:\/\/as.com\/aplicacion-de-as-n\/\">App<\/a> o el canal de <a href=\"https:\/\/www.whatsapp.com\/channel\/0029VaAasdA7j6g745nz9M10\" target=\"_blank\" rel=\"nofollow noopener\" title=\"https:\/\/www.whatsapp.com\/channel\/0029VaAasdA7j6g745nz9M10\">WhatsApp<\/a>. \u00bfBuscas licenciar contenido? Haz clic <a href=\"https:\/\/profesional.elpais.com\/soluciones-sindicacion?utm_medium=interno&amp;utm_source=crosslinking&amp;utm_campaign=sindicacion_as_pie_articulos\" target=\"_blank\" rel=\"nofollow noopener\" title=\"https:\/\/profesional.elpais.com\/soluciones-sindicacion?utm_medium=interno&amp;utm_source=crosslinking&amp;utm_campaign=sindicacion_as_pie_articulos\">aqu\u00ed<\/a><\/p>\n","protected":false},"excerpt":{"rendered":"Amar Alibegovic, ala-p\u00edvot de 30 a\u00f1os y 2,06, bosnio nacido en Oreg\u00f3n, podr\u00eda ser el primer fichaje del&hellip;\n","protected":false},"author":2,"featured_media":253685,"comment_status":"","ping_status":"","sticky":false,"template":"","format":"standard","meta":{"footnotes":""},"categories":[269],"tags":[299,298,168,25,24,23,167],"class_list":{"0":"post-253684","1":"post","2":"type-post","3":"status-publish","4":"format-standard","5":"has-post-thumbnail","7":"category-baloncesto","8":"tag-baloncesto","9":"tag-basketball","10":"tag-deportes","11":"tag-es","12":"tag-espana","13":"tag-spain","14":"tag-sports"},"share_on_mastodon":{"url":"https:\/\/pubeurope.com\/@es\/115606236059679189","error":""},"_links":{"self":[{"href":"https:\/\/www.europesays.com\/es\/wp-json\/wp\/v2\/posts\/253684","targetHints":{"allow":["GET"]}}],"collection":[{"href":"https:\/\/www.europesays.com\/es\/wp-json\/wp\/v2\/posts"}],"about":[{"href":"https:\/\/www.europesays.com\/es\/wp-json\/wp\/v2\/types\/post"}],"author":[{"embeddable":true,"href":"https:\/\/www.europesays.com\/es\/wp-json\/wp\/v2\/users\/2"}],"replies":[{"embeddable":true,"href":"https:\/\/www.europesays.com\/es\/wp-json\/wp\/v2\/comments?post=253684"}],"version-history":[{"count":0,"href":"https:\/\/www.europesays.com\/es\/wp-json\/wp\/v2\/posts\/253684\/revisions"}],"wp:featuredmedia":[{"embeddable":true,"href":"https:\/\/www.europesays.com\/es\/wp-json\/wp\/v2\/media\/253685"}],"wp:attachment":[{"href":"https:\/\/www.europesays.com\/es\/wp-json\/wp\/v2\/media?parent=253684"}],"wp:term":[{"taxonomy":"category","embeddable":true,"href":"https:\/\/www.europesays.com\/es\/wp-json\/wp\/v2\/categories?post=253684"},{"taxonomy":"post_tag","embeddable":true,"href":"https:\/\/www.europesays.com\/es\/wp-json\/wp\/v2\/tags?post=253684"}],"curies":[{"name":"wp","href":"https:\/\/api.w.org\/{rel}","templated":true}]}}