{"id":253688,"date":"2025-11-24T19:06:14","date_gmt":"2025-11-24T19:06:14","guid":{"rendered":"https:\/\/www.europesays.com\/es\/253688\/"},"modified":"2025-11-24T19:06:14","modified_gmt":"2025-11-24T19:06:14","slug":"la-batalla-legal-de-joaquin-torres-con-su-hermano-julio-tras-la-muerte-de-sus-padres","status":"publish","type":"post","link":"https:\/\/www.europesays.com\/es\/253688\/","title":{"rendered":"La batalla legal de Joaqu\u00edn Torres con su hermano Julio tras la muerte de sus padres"},"content":{"rendered":"<p>No est\u00e1n siendo tiempos f\u00e1ciles \u00faltimamente para Joaqu\u00edn Torres (55 a\u00f1os). Si en marzo del a\u00f1o pasado se ten\u00eda que despedir de su madre, ahora ha sido el turno de su padre que ha fallecido este mismo lunes a los 89 a\u00f1os. \u201cAcaba de fallecer mi padre, Juan Torres Pi\u00f1\u00f3n. Descansa en paz, pap\u00e1\u201d, ha escrito en sus redes sociales para <a href=\"https:\/\/www.lecturas.com\/actualidad\/emotiva-carta-joaquin-torres-tras-muerte-su-padre-sensacion-vacio-quedarme-huerfano_184750\" rel=\"nofollow noopener\" target=\"_blank\">comunicar la triste p\u00e9rdida<\/a>. Adem\u00e1s, lo ha hecho con una<strong> imagen de dos manos entrelazadas<\/strong> para despedirse de su progenitor.<\/p>\n<p>El arquitecto tambi\u00e9n ha tenido algunos baches de salud, como aquel famoso accidente del que ya se encuentra recuperado. Adem\u00e1s, su separaci\u00f3n de Ra\u00fal Prieto lleg\u00f3 en un momento inesperado, aunque \u00e9l ha sido <a href=\"https:\/\/www.lecturas.com\/actualidad\/raul-prieto-arropa-a-joaquin-torres-funeral-por-muerte-su-padre_184770\" rel=\"nofollow noopener\" target=\"_blank\">uno de los primeros en acercarse al tanatorio<\/a> para mostrarle todo su apoyo al que fuera su marido. A todo esto, hay que a\u00f1adir que el propio Torres ha hablado con anterioridad de la <strong>batalla legal que ha mantenido con uno de sus hermanos<\/strong> sobre el patrimonio de las empresas familiares.<\/p>\n<p>Guerra familiar<\/p>\n<p>\u201cMi madre se ha ido esta ma\u00f1ana rodeada de amor y <strong>una parte de m\u00ed se ha ido junto a ella<\/strong>. Mam\u00e1 se fue como ha vivido, discretamente, sin lamentos y dando amor\u201d, escrib\u00eda el pasado 2 de marzo del a\u00f1o pasado el arquitecto. Se trataba de la muerte de su madre con la que tambi\u00e9n se daba comienzo a una brecha familiar que se ha aumentado con la p\u00e9rdida de su padre este 24 de noviembre.<\/p>\n<p><img loading=\"lazy\" decoding=\"async\"   src=\"https:\/\/www.europesays.com\/es\/wp-content\/uploads\/2025\/11\/joaquin-torres_d3756beb_028_251124161356_1200x1800.webp.webp\" alt=\"Joaqu\u00edn Torres\" class=\"lazyload\" width=\"1200\" height=\"1800\" data-aspectratio=\"1200\/1800\"\/><\/p>\n<p>En apenas a\u00f1o y medio el arquitecto se ha tenido que despedir de su madre y de su padre.<\/p>\n<p>&#13;GTRES<\/p>\n<p>En aquella fecha Joaqu\u00edn hablaba de ese distanciamiento con uno de sus hermanos, en concreto con Julio. Tanto el arquitecto como sus dos hermanos acusaron a Julio de<strong> haber actuado \u201cbajo una mala praxis\u201d<\/strong> en la gesti\u00f3n del patrimonio familiar. Ello implicaba unas enormes deudas que fueron la mayor pena de sus padres en sus \u00faltimos d\u00edas de vida, tal y como Joaqu\u00edn desvel\u00f3 en algunas participaciones televisivas.<\/p>\n<p><img decoding=\"async\" src=\"https:\/\/www.europesays.com\/es\/wp-content\/uploads\/2025\/11\/tono-sanchis_00000000_251124171742_800x800.webp.webp\" alt=\"To\u00f1o Sanch\u00eds\" class=\"image lazyload\"\/><img loading=\"lazy\" decoding=\"async\" src=\"https:\/\/www.europesays.com\/es\/wp-content\/uploads\/2025\/11\/tono-sanchis_00000000_251124171745_1280x720.webp.webp\" alt=\"To\u00f1o Sanch\u00eds, condenado a dos a\u00f1os de prisi\u00f3n tras apropiarse del dinero de Bel\u00e9n Esteban\" class=\"image lazyload\" width=\"1280\" height=\"720\" data-aspectratio=\"1280\/720\"\/><\/p>\n<p>\u201cDesde la familia Torres Verez se han interpuesto una serie de querellas cuyo objetivo es recuperar el control de las compa\u00f1\u00edas y patrimonio familiar destruido por Julio Torres Verez\u201d, comparti\u00f3 Joaqu\u00edn en un comunicado. De esta manera, se pon\u00edan manos a la obra para tratar de <strong>no engrosar las deudas<\/strong> que hab\u00eda provocado la gesti\u00f3n de su hermano con los negocios familiares por los que tanto lucharon sus padres.<\/p>\n<p>Batalla legal con su hermano<\/p>\n<p>Aunque en un principio no quiso ofrecer grandes datos sobre esta disputa, con el paso de los d\u00edas Torres fue explicando toda la guerra familiar en la que se encontraban inmersos con uno de sus hermanos. \u201cYo llevaba muchos a\u00f1os <strong>advirti\u00e9ndole a mis padres que mi hermano les estaba robando<\/strong>\u201d, confes\u00f3 Joaqu\u00edn en el p\u00f3dcast \u2018Lo que t\u00fa digas\u2019 de \u00c1lex Fidalgo. All\u00ed explic\u00f3 con todo lujo de detalles la problem\u00e1tica familiar.<\/p>\n<p><img loading=\"lazy\" decoding=\"async\"   src=\"https:\/\/www.europesays.com\/es\/wp-content\/uploads\/2025\/11\/joaquin-torres_cc9b8a9f_251124161552_1200x1824.webp.webp\" alt=\"Joaqu\u00edn Torres\" class=\"lazyload\" width=\"1200\" height=\"1824\" data-aspectratio=\"1200\/1824\"\/><\/p>\n<p>Torres hab\u00eda advertido a sus padres que su hermano Julio les estaba robando su patrimonio.<\/p>\n<p>&#13;Gtres<\/p>\n<p>En esta conversaci\u00f3n, Joaqu\u00edn quiso desvelar tambi\u00e9n la profesi\u00f3n de su hermano. <strong>\u201c\u00c9l es abogado, sabe c\u00f3mo va la justicia\u201d<\/strong>, aseguraba. De esta manera, era consciente de los tr\u00e1mites lentos de la justicia en nuestro pa\u00eds. Pero tambi\u00e9n dejaba claro que compart\u00eda esta informaci\u00f3n de manera p\u00fablica porque estaba cansado de ver c\u00f3mo su hermano arruinaba a sus padres, ya que \u00e9l se desvincul\u00f3 de estos negocios familiares.<\/p>\n<p><img decoding=\"async\" src=\"https:\/\/www.europesays.com\/es\/wp-content\/uploads\/2025\/11\/joaquin-torres_ac3fcaf3_251124125233_800x800.webp.webp\" alt=\"Joaqu\u00edn Torres\" class=\"image lazyload\"\/><img loading=\"lazy\" decoding=\"async\" src=\"https:\/\/www.europesays.com\/es\/wp-content\/uploads\/2025\/11\/joaquin-torres_ac3fcaf3_251124125246_1280x720.webp.webp\" alt=\"La emotiva carta de Joaqu\u00edn Torres tras la muerte de su padre: &quot;La sensaci\u00f3n de vac\u00edo de quedarme hu\u00e9rfano&quot;\" class=\"image lazyload\" width=\"1280\" height=\"720\" data-aspectratio=\"1280\/720\"\/><\/p>\n<p>Adem\u00e1s, en dicho p\u00f3dcast revel\u00f3 que precisamente este era uno de sus grandes temores. \u201c<strong>Desde hace dos a\u00f1os y medio estamos en una batalla legal con mi hermano<\/strong>. La justicia es lenta, hay demandas que a\u00fan no est\u00e1n admitidas a tr\u00e1mite. Cada d\u00eda que tarda judicialmente las empresas van a peor. Cuando lleguemos a eso las ha dejado en tal estado de ruina aparente&#8230;\u201d, confesaba Torres.<\/p>\n<p>La relaci\u00f3n con su hermano<\/p>\n<p>El a\u00f1o pasado con motivo del fallecimiento de su madre y el conocimiento p\u00fablico de esta batalla familiar, el arquitecto acudi\u00f3 a \u2018Y ahora Sonsoles\u2019. \u201cMi hermano era una persona muy autoritaria, se hac\u00eda lo que \u00e9l quer\u00eda, siempre con gritos (&#8230;) <strong>Mi hermano iba dejando cada sociedad que se iba a cero, arruinada<\/strong>\u201d, aseguraba Torres. \u201cMi madre me pidi\u00f3 que llegara hasta el final, que recuperara su patrimonio entre sus hijos, que no permitiese que Julio se quedase con todo\u201d, a\u00f1adi\u00f3.<\/p>\n<p><img loading=\"lazy\" decoding=\"async\"   src=\"https:\/\/www.europesays.com\/es\/wp-content\/uploads\/2025\/11\/joaquin-torres_5b1ad0f7_251124161735_1200x628.webp.webp\" alt=\"Joaqu\u00edn Torres\" class=\"lazyload\" width=\"1200\" height=\"628\" data-aspectratio=\"1200\/628\"\/><\/p>\n<p>Joaqu\u00edn desvel\u00f3 la \u00faltima conversaci\u00f3n que hab\u00eda mantenido con su hermano antes del fallecimiento de su madre.<\/p>\n<p>&#13;Antena 3<\/p>\n<p>No obstante, Joaqu\u00edn tambi\u00e9n desvel\u00f3 que le pregunt\u00f3 a su madre antes de fallecer si quer\u00eda que llamase a su hermano para poder despedirse de \u00e9l. \u201cNo, quiero morir en paz\u201d, fueron las palabras que le respondi\u00f3. \u201c<strong>Nadie se merece lo que les est\u00e1s haciendo pasar<\/strong>. Eres lo peor de lo peor. Aqu\u00ed el \u00fanico que ha sido administrador \u00fanico de todo para quedarse con el patrimonio eres t\u00fa\u201d, escribi\u00f3 el arquitecto sobre esta pol\u00e9mica.<\/p>\n<p>En el programa de las tardes de Antena 3 hablaron de esta \u00faltima conversaci\u00f3n que hab\u00edan tenido los dos hermanos, en la que se dijeron este tipo de cosas. \u201cDecirle a mam\u00e1 todo lo que le has dicho te describe&#8230;Si has tenido afecto por ella, d\u00e9jala en paz. No pienso parar hasta despojarte de todo lo que les has robado. Julio ten la dignidad, si alguna vez has sabido lo que es eso.<strong> Deja a pap\u00e1 y a mam\u00e1 en paz<\/strong>, no les sigas martirizando. Tu falta de humanidad raya lo enfermizo\u201d, concluy\u00f3.<\/p>\n","protected":false},"excerpt":{"rendered":"No est\u00e1n siendo tiempos f\u00e1ciles \u00faltimamente para Joaqu\u00edn Torres (55 a\u00f1os). Si en marzo del a\u00f1o pasado se&hellip;\n","protected":false},"author":2,"featured_media":253689,"comment_status":"","ping_status":"","sticky":false,"template":"","format":"standard","meta":{"footnotes":""},"categories":[174],"tags":[255,146,147,25,24,256,23],"class_list":{"0":"post-253688","1":"post","2":"type-post","3":"status-publish","4":"format-standard","5":"has-post-thumbnail","7":"category-famosos","8":"tag-celebrities","9":"tag-entertainment","10":"tag-entretenimiento","11":"tag-es","12":"tag-espana","13":"tag-famosos","14":"tag-spain"},"share_on_mastodon":{"url":"https:\/\/pubeurope.com\/@es\/115606244252839692","error":""},"_links":{"self":[{"href":"https:\/\/www.europesays.com\/es\/wp-json\/wp\/v2\/posts\/253688","targetHints":{"allow":["GET"]}}],"collection":[{"href":"https:\/\/www.europesays.com\/es\/wp-json\/wp\/v2\/posts"}],"about":[{"href":"https:\/\/www.europesays.com\/es\/wp-json\/wp\/v2\/types\/post"}],"author":[{"embeddable":true,"href":"https:\/\/www.europesays.com\/es\/wp-json\/wp\/v2\/users\/2"}],"replies":[{"embeddable":true,"href":"https:\/\/www.europesays.com\/es\/wp-json\/wp\/v2\/comments?post=253688"}],"version-history":[{"count":0,"href":"https:\/\/www.europesays.com\/es\/wp-json\/wp\/v2\/posts\/253688\/revisions"}],"wp:featuredmedia":[{"embeddable":true,"href":"https:\/\/www.europesays.com\/es\/wp-json\/wp\/v2\/media\/253689"}],"wp:attachment":[{"href":"https:\/\/www.europesays.com\/es\/wp-json\/wp\/v2\/media?parent=253688"}],"wp:term":[{"taxonomy":"category","embeddable":true,"href":"https:\/\/www.europesays.com\/es\/wp-json\/wp\/v2\/categories?post=253688"},{"taxonomy":"post_tag","embeddable":true,"href":"https:\/\/www.europesays.com\/es\/wp-json\/wp\/v2\/tags?post=253688"}],"curies":[{"name":"wp","href":"https:\/\/api.w.org\/{rel}","templated":true}]}}