{"id":25369,"date":"2025-08-04T16:18:08","date_gmt":"2025-08-04T16:18:08","guid":{"rendered":"https:\/\/www.europesays.com\/es\/25369\/"},"modified":"2025-08-04T16:18:08","modified_gmt":"2025-08-04T16:18:08","slug":"el-paro-cae-hasta-los-590-855-desempleados-en-andalucia-al-registrar-la-mayor-bajada-de-toda-espana-noticias","status":"publish","type":"post","link":"https:\/\/www.europesays.com\/es\/25369\/","title":{"rendered":"El paro cae hasta los 590.855 desempleados en Andaluc\u00eda al registrar la mayor bajada de toda Espa\u00f1a &#8211; Noticias"},"content":{"rendered":"<p>El paro descendi\u00f3 en Andaluc\u00eda durante el mes de julio en <strong>8.035<\/strong><strong> personas<\/strong> (-1,34%), lo que sit\u00faa la cifra de desempleados en <strong>590.855 personas<\/strong>, la <strong>m\u00e1s baja desde hace 17 a\u00f1os (julio de 2008) <\/strong>y por<strong> segundo mes consecutivo <\/strong>por debajo del umbral de los 600.000 desempleados. Seg\u00fan los datos conocidos hoy, la comunidad vuelve a <strong>liderar el descenso <\/strong>en t\u00e9rminos absolutos en Espa\u00f1a, aportando hasta el 62% del total de las seis comunidades y las dos ciudades aut\u00f3nomas en las que se registran descensos, es decir, m\u00e1s de tres de cada cinco desempleados menos en todo el pa\u00eds. En el conjunto de <strong>Espa\u00f1a<\/strong>, el descenso ha sido de <strong>1.357 personas<\/strong> (-0,06%).<\/p>\n<p>En los <strong>\u00faltimos 12 meses<\/strong> el paro se ha reducido en Andaluc\u00eda en <strong>47.428<\/strong><strong> personas<\/strong> (-7,43%), confirmando as\u00ed una tendencia ininterrumpida que comenz\u00f3 en <strong>mayo de 2021<\/strong> y que se traduce en <strong>51<\/strong><strong> meses consecutivos de ca\u00eddas interanuales<\/strong>. La comunidad registra de nuevo la mayor bajada interanual en t\u00e9rminos absolutos de todo el del pa\u00eds, donde el desempleo se ha reducido en 145.631 personas (-5,71%). Ese dato implica que <strong>Andaluc\u00eda aporta casi un tercio<\/strong> (32,5%) de todo el descenso registrado en Espa\u00f1a durante el \u00faltimo a\u00f1o, y lo hace adem\u00e1s con <strong>mayor intensidad<\/strong> que el promedio nacional (1,7 puntos m\u00e1s).<\/p>\n<p>El paro se redujo en julio en Andaluc\u00eda <strong>en todos los sectores salvo en la construcci\u00f3n<\/strong> (412 personas m\u00e1s), con un descenso muy significativo en los <strong>servicios<\/strong> (6.581 parados menos, -1,6%). Esta \u00faltima actividad aporta el <strong>82%<\/strong><strong> del descenso<\/strong> total por efecto de las contrataciones asociadas al sector hostelero y al turismo durante la presente campa\u00f1a de verano. Tambi\u00e9n se registraron ca\u00eddas en el colectivo sin empleo anterior (-1.434 personas, -2,04%), agricultura y pesca (-273 parados, -0,78%) e industria (-159 personas, -0,5%). En el <strong>\u00faltimo a\u00f1o<\/strong>, el paro ha descendido <strong>en todos los sectores<\/strong>: servicios (-28.210 personas, -6,52%), construcci\u00f3n (6.436 personas, -11,1%), agricultura y pesca (5.518 personas, -13,7%), el colectivo sin empleo anterior (-3.983 personas,\u00a0 -5,48%) e industria (-3.281 personas, -9,38%).<\/p>\n<p><strong>Por sexos<\/strong>, el paro baj\u00f3 en julio un -1,85% entre las mujeres (-6.878) y un -0,51% entre los hombres (-1.157). Respecto a julio de 2024, lo hizo un -8,31% en el colectivo masculino y un -6,88% en el femenino. <strong>Por edades<\/strong>, la ca\u00edda del desempleo fue el pasado mes del -1,92% entre el colectivo de menores de 25 a\u00f1os, del -1,33% en el tramo de 25 a 44 a\u00f1os y del -1,26% entre los mayores de 44 a\u00f1os. En el \u00faltimo a\u00f1o, ha descendido con fuerza un -8,94% en el tramo de 25 a 44 a\u00f1os y en el de mayores de 44 a\u00f1os (-7,16%), registrando tambi\u00e9n un descenso del -2,28% entre los menores de 25 a\u00f1os.<\/p>\n<p><strong>Datos por provincias<\/strong><\/p>\n<p>El paro baj\u00f3 el pasado mes <strong>en todas las provincias<\/strong>, encabezadas por C\u00e1diz (-2.812 personas, -2,52% y M\u00e1laga (-1.144 personas, -1,04%). Tambi\u00e9n se anotan bajadas Sevilla (-963 personas, -0,66%), Almer\u00eda (-818 personas, -1,84%), Huelva (-617 personas, -1,96%), Granada (-586 personas, -0,87%), C\u00f3rdoba (-578 personas, -1,10%), y Ja\u00e9n (-517 personas, -1,46%). <\/p>\n<p>El resultado de <strong>C\u00e1diz<\/strong> es el mejor en t\u00e9rminos absolutos de todas las provincias del pa\u00eds e incluso del resto de comunidades aut\u00f3nomas, mientras que la ca\u00edda del paro en <strong>M\u00e1laga<\/strong> tambi\u00e9n es superior a la registrada en 13 comunidades y las dos ciudades aut\u00f3nomas. <\/p>\n<p>Respecto a julio del a\u00f1o anterior, el paro desciende tambi\u00e9n en todas las provincias, especialmente en Ja\u00e9n (-10,21%), Almer\u00eda (-9,58%), y Huelva (-9,18%). Lo hace del mismo modo en C\u00f3rdoba (-8,20%), C\u00e1diz (-7,65%), M\u00e1laga (-6,83%), Sevilla (-6,77%) y Granada (-5,04%).<\/p>\n<p>En cuanto al n\u00famero de <strong>contratos <\/strong>registrados, en julio se incrementaron en Andaluc\u00eda <strong>un 2%<\/strong> respecto al mes de junio (5.571 m\u00e1s), hasta alcanzar los <strong>284.526. <\/strong>Con respecto a julio de 2024, la contrataci\u00f3n crece un 3,91%, con un resultado positivo de 10.716 acuerdos laborales. <\/p>\n<p><strong>Seguridad Social<\/strong><\/p>\n<p>Andaluc\u00eda cerr\u00f3 julio con un descenso de <strong>16.335<\/strong><strong> afiliados <\/strong>(-0,47%) respecto al mes anterior, situ\u00e1ndose el n\u00famero total de cotizantes en <strong>3.492.817<\/strong>. En el conjunto de Espa\u00f1a, la afiliaci\u00f3n se incrementa levemente en 4.408 personas, un 0,02%, hasta los 21.865.503 cotizantes.<\/p>\n<p><strong>En los \u00faltimos doce meses, <\/strong>Andaluc\u00eda ha incrementado el n\u00famero de afiliados en<strong> 76.<a name=\"_Hlk126224741\">980 nuevos <\/a><\/strong>trabajadores,<strong> un 2,25%, <\/strong>convirti\u00e9ndose en la segunda<strong> <\/strong>regi\u00f3n<strong> <\/strong>que m\u00e1s cotizantes gana en t\u00e9rminos absolutos de Espa\u00f1a, s\u00f3lo por detr\u00e1s de la Comunidad de Madrid. En el conjunto del pa\u00eds, el n\u00famero de afiliados ha aumentado en los \u00faltimos doce meses en 482.397, un 2,26%. Eso supone que Andaluc\u00eda aporta casi el 16% de las nuevas altas a la Seguridad Social durante ese periodo. <\/p>\n<p><strong>Aut\u00f3nomos<\/strong><\/p>\n<p>El mes de julio arroja un <strong>retroceso<\/strong> en el n\u00famero de trabajadores aut\u00f3nomos en Andaluc\u00eda. En concreto, <strong>1.551 menos<\/strong> (-0,3%), con lo que la cifra total de afiliados al RETA se sit\u00faa en <strong>589.667<\/strong>. La <strong>ca\u00edda tambi\u00e9n es generalizada en el conjunto de Espa\u00f1a<\/strong>: a nivel nacional el n\u00famero de aut\u00f3nomos <strong>se reduce en 7.286<\/strong> (-0,2%), retrocediendo hasta los <strong>3.414.373<\/strong>. Pese al descenso, Andaluc\u00eda <strong>contin\u00faa siendo de forma ininterrumpida desde mayo de 2021<\/strong> la comunidad aut\u00f3noma con <strong>mayor n\u00famero de trabajadores por cuenta propia<\/strong> de Espa\u00f1a. <\/p>\n<p><a name=\"_Hlk110332641\">En t\u00e9rminos interanuales, la comunidad ha sumado <strong>8.041 aut\u00f3nomos m\u00e1s <\/strong>desde julio de 2024,<strong> <\/strong>con un <strong>1,4% de incremento. <\/strong>En el conjunto de <strong>Espa\u00f1a<\/strong>, el n\u00famero de aut\u00f3nomos ha crecido en los \u00faltimos doce meses en <strong>32.889 personas<\/strong><\/a> (1%). El dato implica que <strong>Andaluc\u00eda ha aportado casi uno de cada cuatro (24,4%)<\/strong> nuevos afiliados al RETA en el pa\u00eds durante el \u00faltimo a\u00f1o.<\/p>\n","protected":false},"excerpt":{"rendered":"El paro descendi\u00f3 en Andaluc\u00eda durante el mes de julio en 8.035 personas (-1,34%), lo que sit\u00faa la&hellip;\n","protected":false},"author":2,"featured_media":25370,"comment_status":"","ping_status":"","sticky":false,"template":"","format":"standard","meta":{"footnotes":""},"categories":[5],"tags":[17,18,5509,25,24,13,14,11,19,20,9,10,15,16,23,12,21,22],"class_list":{"0":"post-25369","1":"post","2":"type-post","3":"status-publish","4":"format-standard","5":"has-post-thumbnail","7":"category-titulares","8":"tag-breaking-news","9":"tag-breakingnews","10":"tag-empleo","11":"tag-es","12":"tag-espana","13":"tag-featured-news","14":"tag-featurednews","15":"tag-headlines","16":"tag-latest-news","17":"tag-latestnews","18":"tag-news","19":"tag-noticias","20":"tag-noticias-destacadas","21":"tag-noticiasdestacadas","22":"tag-spain","23":"tag-titulares","24":"tag-ultimas-noticias","25":"tag-ultimasnoticias"},"share_on_mastodon":{"url":"","error":""},"_links":{"self":[{"href":"https:\/\/www.europesays.com\/es\/wp-json\/wp\/v2\/posts\/25369","targetHints":{"allow":["GET"]}}],"collection":[{"href":"https:\/\/www.europesays.com\/es\/wp-json\/wp\/v2\/posts"}],"about":[{"href":"https:\/\/www.europesays.com\/es\/wp-json\/wp\/v2\/types\/post"}],"author":[{"embeddable":true,"href":"https:\/\/www.europesays.com\/es\/wp-json\/wp\/v2\/users\/2"}],"replies":[{"embeddable":true,"href":"https:\/\/www.europesays.com\/es\/wp-json\/wp\/v2\/comments?post=25369"}],"version-history":[{"count":0,"href":"https:\/\/www.europesays.com\/es\/wp-json\/wp\/v2\/posts\/25369\/revisions"}],"wp:featuredmedia":[{"embeddable":true,"href":"https:\/\/www.europesays.com\/es\/wp-json\/wp\/v2\/media\/25370"}],"wp:attachment":[{"href":"https:\/\/www.europesays.com\/es\/wp-json\/wp\/v2\/media?parent=25369"}],"wp:term":[{"taxonomy":"category","embeddable":true,"href":"https:\/\/www.europesays.com\/es\/wp-json\/wp\/v2\/categories?post=25369"},{"taxonomy":"post_tag","embeddable":true,"href":"https:\/\/www.europesays.com\/es\/wp-json\/wp\/v2\/tags?post=25369"}],"curies":[{"name":"wp","href":"https:\/\/api.w.org\/{rel}","templated":true}]}}