{"id":253690,"date":"2025-11-24T19:07:14","date_gmt":"2025-11-24T19:07:14","guid":{"rendered":"https:\/\/www.europesays.com\/es\/253690\/"},"modified":"2025-11-24T19:07:14","modified_gmt":"2025-11-24T19:07:14","slug":"la-nueva-directora-del-museo-de-bellas-artes-asumira-su-cargo-el-proximo-lunes","status":"publish","type":"post","link":"https:\/\/www.europesays.com\/es\/253690\/","title":{"rendered":"La nueva directora del Museo de Bellas Artes asumir\u00e1 su cargo el pr\u00f3ximo lunes"},"content":{"rendered":"<p>Casi un a\u00f1o ha pasado desde que <a href=\"https:\/\/www.elcomercio.es\/culturas\/arte\/museo-bellas-artes-asturias-alfonso-palacio-museo-prado-20241115092918-nt.html\" target=\"_self\" data-voc-vtm-id=\"in-text-traffic\" title=\"Alfonso Palacio\" data-mrf-link=\"www.elcomercio.es\" rel=\"nofollow noopener\">Alfonso Palacio<\/a>, exdirector del Museo de Bellas Artes de Asturias, dejase la instituci\u00f3n para incorporarse al Museo  &#8230; del Prado como director adjunto de Conservaci\u00f3n e Investigaci\u00f3n. Y ser\u00e1 el pr\u00f3ximo lunes, tal como ha confirmado \u00e9l mismo esta ma\u00f1ana en la Universidad de Oviedo, cuando su sucesora, <a href=\"https:\/\/www.elcomercio.es\/culturas\/arte\/maria-lopez-fanjul-nueva-directora-museo-bellas-artes-asturias-20250909180908-nt.html\" target=\"_self\" data-voc-vtm-id=\"in-text-traffic\" title=\"Mar\u00eda L\u00f3pez-Fanjul\" data-mrf-link=\"www.elcomercio.es\" rel=\"nofollow noopener\">Mar\u00eda L\u00f3pez-Fanjul<\/a>, asuma el cargo, dando as\u00ed comienzo a una nueva etapa en el equipamiento ovetense.<\/p>\n<p class=\"v-p\">Su nombramiento se conoc\u00eda el pasado 9 de septiembre, aunque se desconoc\u00eda hasta hoy el momento previsto para su llegada a Oviedo. \u00abHay que respetar los tiempos\u00bb, sosten\u00eda el exdirector. \u00abElla ten\u00eda una situaci\u00f3n profesional y personal complicada\u00bb, pues viv\u00eda en Alemania, donde ejerc\u00eda como jefa de conservaci\u00f3n en el Bode-Museum y donde era tambi\u00e9n responsable de las colecciones de arte italiano posterior a 1500 y de la colecci\u00f3n espa\u00f1ola. <\/p>\n<p class=\"v-p\">\u00abEs el momento otra vez del Museo de Bellas Artes\u00bb, asegur\u00f3 Palacio. \u00abApoyad todos a Mar\u00eda, trabajad todos con ella como se trabaj\u00f3 conmigo. Yo quiero ser un buen exdirector y me he puesto a su servicio para cualquier cosa que necesitara, tanto en el plano del Museo de Bellas Artes de Asturias como en el plano del Museo del Prado para que sigan colaborando\u00bb, confirm\u00f3. <\/p>\n<p class=\"v-p\">Al conocerse la noticia de su nombramiento, Mar\u00eda L\u00f3pez-Fanjul hab\u00eda compartido con este diario que estaba \u00abemocionada\u00bb y llegar\u00eda a la pinacoteca con \u00ablas ideas claras, pero se plasmar\u00e1n una vez se discutan con la Junta y con la plantilla\u00bb. \u00abSe ha hecho ya un camino muy importante de trabajo y el siguiente paso ser\u00e1 que la instituci\u00f3n espere menos la visita de los asturianos y haga m\u00e1s por visitarles \u00e9l. El museo, pero fuera del museo\u00bb, adelantaba.<\/p>\n","protected":false},"excerpt":{"rendered":"Casi un a\u00f1o ha pasado desde que Alfonso Palacio, exdirector del Museo de Bellas Artes de Asturias, dejase&hellip;\n","protected":false},"author":2,"featured_media":253691,"comment_status":"","ping_status":"","sticky":false,"template":"","format":"standard","meta":{"footnotes":""},"categories":[173],"tags":[229,233,1968,231,230,47549,1967,24409,232,8365,234,146,147,25,24,1051,470,795,3444,23],"class_list":{"0":"post-253690","1":"post","2":"type-post","3":"status-publish","4":"format-standard","5":"has-post-thumbnail","7":"category-arte-y-diseno","8":"tag-arte","9":"tag-arte-y-diseno","10":"tag-artes","11":"tag-arts","12":"tag-arts-and-design","13":"tag-asumira","14":"tag-bellas","15":"tag-cargo","16":"tag-design","17":"tag-directora","18":"tag-diseno","19":"tag-entertainment","20":"tag-entretenimiento","21":"tag-es","22":"tag-espana","23":"tag-lunes","24":"tag-museo","25":"tag-nueva","26":"tag-proximo","27":"tag-spain"},"share_on_mastodon":{"url":"https:\/\/pubeurope.com\/@es\/115606247378141808","error":""},"_links":{"self":[{"href":"https:\/\/www.europesays.com\/es\/wp-json\/wp\/v2\/posts\/253690","targetHints":{"allow":["GET"]}}],"collection":[{"href":"https:\/\/www.europesays.com\/es\/wp-json\/wp\/v2\/posts"}],"about":[{"href":"https:\/\/www.europesays.com\/es\/wp-json\/wp\/v2\/types\/post"}],"author":[{"embeddable":true,"href":"https:\/\/www.europesays.com\/es\/wp-json\/wp\/v2\/users\/2"}],"replies":[{"embeddable":true,"href":"https:\/\/www.europesays.com\/es\/wp-json\/wp\/v2\/comments?post=253690"}],"version-history":[{"count":0,"href":"https:\/\/www.europesays.com\/es\/wp-json\/wp\/v2\/posts\/253690\/revisions"}],"wp:featuredmedia":[{"embeddable":true,"href":"https:\/\/www.europesays.com\/es\/wp-json\/wp\/v2\/media\/253691"}],"wp:attachment":[{"href":"https:\/\/www.europesays.com\/es\/wp-json\/wp\/v2\/media?parent=253690"}],"wp:term":[{"taxonomy":"category","embeddable":true,"href":"https:\/\/www.europesays.com\/es\/wp-json\/wp\/v2\/categories?post=253690"},{"taxonomy":"post_tag","embeddable":true,"href":"https:\/\/www.europesays.com\/es\/wp-json\/wp\/v2\/tags?post=253690"}],"curies":[{"name":"wp","href":"https:\/\/api.w.org\/{rel}","templated":true}]}}