{"id":253694,"date":"2025-11-24T19:10:13","date_gmt":"2025-11-24T19:10:13","guid":{"rendered":"https:\/\/www.europesays.com\/es\/253694\/"},"modified":"2025-11-24T19:10:13","modified_gmt":"2025-11-24T19:10:13","slug":"te-avise-la-respuesta-de-fernandocosta-a-ayax-cronologia-del-beef-del-momento-en-la-escena-de-rap-espanola-los40-urban","status":"publish","type":"post","link":"https:\/\/www.europesays.com\/es\/253694\/","title":{"rendered":"\u2018Te avis\u00e9\u2019, la respuesta de Fernandocosta a Ayax: Cronolog\u00eda del beef del momento en la escena de rap espa\u00f1ola | LOS40 Urban"},"content":{"rendered":"<p>En la escena urbana son normales los beef y, algunos, hasta nos hacen gracia por el derroche de imaginaci\u00f3n que emplean los implicados para contestarse. El de <a href=\"https:\/\/los40.com\/2024\/05\/06\/cronologia-para-entender-el-beef-entre-kendrick-lamar-y-drake-que-ha-creado-revolucion-y-del-que-ha-opinado-hasta-dua-lipa\/\" target=\"_blank\" rel=\"nofollow noopener\" title=\"https:\/\/los40.com\/2024\/05\/06\/cronologia-para-entender-el-beef-entre-kendrick-lamar-y-drake-que-ha-creado-revolucion-y-del-que-ha-opinado-hasta-dua-lipa\/\"><b>Drake<\/b> y <b>Kendrick Lamar<\/b><\/a> es hist\u00f3rico. En la escena latina, hizo mucho ruido el de <a href=\"https:\/\/los40.com\/los40\/2022\/03\/04\/los40urban\/1646392846_346022.html\" target=\"_blank\" rel=\"nofollow noopener\" title=\"https:\/\/los40.com\/los40\/2022\/03\/04\/los40urban\/1646392846_346022.html\"><b>J Balvin<\/b> y <b>Residente<\/b><\/a>. Pero si hablamos de nuestro pa\u00eds, tampoco faltan. El \u00faltimo tiene como protagonistas a <b>Fernandocosta<\/b> y <b>Ayax<\/b>.<\/p>\n<p>El primero es de Ibiza y la semana pasada le vimos en <a href=\"https:\/\/los40.com\/2025\/11\/20\/el-grecas-y-fernandocosta-presentan-en-la-revuelta-el-videoclip-de-grecofernanda-en-el-que-sale-david-broncano\/\" target=\"_blank\" rel=\"nofollow noopener\" title=\"https:\/\/los40.com\/2025\/11\/20\/el-grecas-y-fernandocosta-presentan-en-la-revuelta-el-videoclip-de-grecofernanda-en-el-que-sale-david-broncano\/\">La Revuelta<\/a> presentando su \u00faltima colaboraci\u00f3n con <b>El Grecas<\/b>. El otro es de Granada y forma parte de <b>Ayax y Prok<\/b> con su hermano Adri\u00e1n.<\/p>\n<p>Hubo un tiempo en el que eran amigos y recorr\u00edan juntos, sobre todo, la escena granadina. Pero eso se ha quedado en el pasado y parece que no hay vuelta atr\u00e1s. Tras una entrevista de Costa y un intercambio de mensajes, ahora <b>Te avis\u00e9<\/b><b> supone la ruptura completa entre ambos<\/b>.<\/p>\n<p><img decoding=\"async\" src=\"https:\/\/los40.com\/pf\/resources\/img\/logo-40-v-c.svg?d=914\" alt=\"LOS40\" class=\"i-pro\" width=\"68\" height=\"68\" loading=\"lazy\"\/><\/p>\n<p>\u201cRecuerda hermanito que sin m\u00ed no ser\u00edas nadie. Tu hijo es mi nieto porque yo soy tu padre\u201d, escribi\u00f3 en redes Ayax despu\u00e9s de escuchar la entrevista del otrora amigo suyo. Despu\u00e9s lleg\u00f3 <b>Justicia Po\u00e9tica<\/b><b>, un tema en el que no dejaba muy bien a Costa<\/b> y le echaba en cara lo desagradecido que hab\u00eda sido.<\/p>\n<p><b>Justicia Po\u00e9tica<\/b><b>, una tiradera para el alumno<\/b><\/p>\n<p>En este tema, Ayax echa en cara a Costa que su amistad era falsa y ha habido traici\u00f3n. Tambi\u00e9n, que presume de cosas que no son verdad como ayudar a su madre, tener calle, tener amigos reales\u2026 <b>Seg\u00fan Ayax, todo postureo<\/b>.<\/p>\n<p><img decoding=\"async\" src=\"https:\/\/www.europesays.com\/es\/wp-content\/uploads\/2025\/11\/STCFELZJSJDNRK54747ZKLLYDE.jpg\" alt=\"\u00bfQui\u00e9n va hoy a 'El Hormiguero' (Antena 3)? Estos son los invitados de esta semana entre el 24 y el 27 de noviembre\" width=\"165\" height=\"138\"  loading=\"lazy\"\/><\/p>\n<p>Tambi\u00e9n asegura que a su adversario <b>ya no le queda gente real<\/b> a su lado y por eso tiene que recurrir a actores o gente pagada para que parezca lo contrario.<\/p>\n<p>Le recuerda que \u00e9l fren\u00f3 su propia gira para que Costa pudiera crecer, aunque no hace m\u00e1s que copiar estilos. Llega a dejar caer que <b>podr\u00eda tener a alguien que le escribe las letras<\/b>.<\/p>\n<p><img loading=\"lazy\" decoding=\"async\" src=\"https:\/\/www.europesays.com\/es\/wp-content\/uploads\/2025\/11\/1764011413_216_maxresdefault.jpg\" width=\"16\" height=\"9\"\/><b>Te avis\u00e9<\/b><b>, una tiradera para el maestro<\/b><\/p>\n<p>La respuesta no se ha hecho esperar y ha sido contundente. Va m\u00e1s all\u00e1 de lo art\u00edstico y v<b>ierte acusaciones personales muy graves<\/b>. \u201cPagaste para que esa chica retirara su denuncia del juzgado\u201d, insin\u00faa, incluso, un delito. <\/p>\n<p>No olvidemos que los hermanos Pedrosa est\u00e1n siendo investigados desde hace m\u00e1s de un a\u00f1o tras recibir <b>acusaciones de abuso sexual por parte de m\u00e1s de 80 mujeres<\/b>. De hecho, han anunciado gira recientemente bajo el nombre de Indestructibles. Seis conciertos que no incluyen Granada, su ciudad natal, ni Madrid, de donde proceden gran parte de las denuncias.<\/p>\n<p>Costa deja ver en la canci\u00f3n que ha aguantado mucho tiempo cosas que no ve\u00eda bien y est\u00e1 claro que ha estallado. Y lo ha hecho con toda la intenci\u00f3n, que <b>el v\u00eddeo lo ha grabado en el Albahic\u00edn, a unos metros de donde vive Ayax<\/b>.<\/p>\n<p><img loading=\"lazy\" decoding=\"async\" src=\"https:\/\/www.europesays.com\/es\/wp-content\/uploads\/2025\/11\/1764011413_709_maxresdefault.jpg\" width=\"16\" height=\"9\"\/><b>Reacci\u00f3n en redes<\/b><\/p>\n<p>El beef se est\u00e1 siguiendo, s obre todo, en redes sociales, donde <b>una gran parte se ha posicionado de parte de Fernandocosta.<\/b> Los mensajes se multiplican y parece que a los gemelos se les complican las cosas.<\/p>\n<blockquote class=\"twitter-tweet\">\n<p lang=\"es\" dir=\"ltr\">si incluso fernando costa est\u00e1 dando a entender que las acusaciones de violaci\u00f3n contra ayax son ciertas, como es posible que a\u00fan haya gente que no lo quiera creer? por qu\u00e9 este imb\u00e9cil no esta en la c\u00e1rcel? y por qu\u00e9 algunas salas siguen permitiendo que act\u00fae? <a href=\"https:\/\/t.co\/K9RGYoKzmO\" rel=\"nofollow\">pic.twitter.com\/K9RGYoKzmO<\/a><\/p>\n<p>\u2014 lay (@222laia) <a href=\"https:\/\/twitter.com\/222laia\/status\/1992727828769677643?ref_src=twsrc%5Etfw\" rel=\"nofollow noopener\" target=\"_blank\">November 23, 2025<\/a><\/p><\/blockquote>\n<blockquote class=\"twitter-tweet\">\n<p lang=\"es\" dir=\"ltr\">es que el momento en que se enfoca al costa rapeando frente a la Alhambra es convertir no s\u00f3lo la letra si no la propia imagen en un beef. Dios santo con el fernando <a href=\"https:\/\/t.co\/oaf463FFWD\" rel=\"nofollow\">pic.twitter.com\/oaf463FFWD<\/a><\/p>\n<p>\u2014 Isabel (@iisaAranda) <a href=\"https:\/\/twitter.com\/iisaAranda\/status\/1992701511709917411?ref_src=twsrc%5Etfw\" rel=\"nofollow noopener\" target=\"_blank\">November 23, 2025<\/a><\/p><\/blockquote>\n<blockquote class=\"twitter-tweet\">\n<p lang=\"es\" dir=\"ltr\">\u00abEn el Albayzin no tienes valor\u00bb<\/p>\n<p>Fernando costa se ha cargado al ayax en su propia ciudad, en su propio barrio y contando sus propias an\u00e9cdotas <a href=\"https:\/\/t.co\/tzXGZRG9zh\" rel=\"nofollow\">pic.twitter.com\/tzXGZRG9zh<\/a><\/p>\n<p>\u2014 kiraa\ud83c\udf49 (@kiragarciaaa) <a href=\"https:\/\/twitter.com\/kiragarciaaa\/status\/1992735996031721699?ref_src=twsrc%5Etfw\" rel=\"nofollow noopener\" target=\"_blank\">November 23, 2025<\/a><\/p><\/blockquote>\n<p>Aqu\u00ed las <b>letras de ambos temas<\/b> para ver la dureza con la que se est\u00e1 viviendo este beef que habr\u00e1 que ver si no acaba en los tribunales.<\/p>\n<p><b>Letra de <\/b><b>Justicia Po\u00e9tica<\/b><\/p>\n<p>Me paso por el forro cada uno de los recuerdos<\/p>\n<p>Amor falso, amor de estraperlo<\/p>\n<p>A mam\u00e1 le compraste en to&#8217; lo alto la colina<\/p>\n<p>T\u00fa y yo sabemos que esa vaina es mentira<\/p>\n<p>No lees libros, no ves pelis, no sales a la calle<\/p>\n<p>Me cuentas la historia, pero faltan los detalles<\/p>\n<p>As\u00ed es como se hace, yo siempre te he dado clases<\/p>\n<p>Voy a f*llarte vivo, pase lo que pase<\/p>\n<p>Esos raperos me comen los huevos, take it easy<\/p>\n<p>Dile que no voy si esta noche estoy <\/p>\n<p>Me traen las pepas chamaquitos con la bici<\/p>\n<p>Escucha \u00abLa placita\u00bb con el Dela, con el Easy<\/p>\n<p>Fumando blones de cheese como papas Risi<\/p>\n<p>Me hice mayor de edad justo al empezar la crisis<\/p>\n<p>Hablas cosas triviales, yo te hago una tesis<\/p>\n<p>T\u00fa ser\u00e1s Romario, pero yo soy Messi<\/p>\n<p>Actores paga&#8217;os porque no te quedan panas<\/p>\n<p>Eso es lo que pasa cuando alguien sale rana<\/p>\n<p>Sapo, no te metas con el capo<\/p>\n<p>Voy a f*llarte a cuatro por cuatro<\/p>\n<p>Eres un envoltorio, un molino giratorio<\/p>\n<p>Un girasol, un brincacombos<\/p>\n<p>Te voy a pegar un combo<\/p>\n<p>Tengo tigres de Marruecos y tambi\u00e9n del Congo<\/p>\n<p>Tengo tigres en M\u00e9xico y tambi\u00e9n en London<\/p>\n<p>Jugamos al primer toque y nunca sales del rondo<\/p>\n<p>Este es mi asunto, pienso llegar hasta el fondo<\/p>\n<p>Ayer te pagu\u00e9 la gira pa&#8217; que t\u00fa hoy me vendas<\/p>\n<p>Arrieros somos y nos veremos por la senda<\/p>\n<p>Salgo del metro y me enciendo una palmera<\/p>\n<p>La punta de mi p*lla es tecnolog\u00eda puntera<\/p>\n<p>El orden del factor el producto no adultera<\/p>\n<p>Era una ad\u00faltera, de adulta est\u00e1 soltera<\/p>\n<p>Llama a los juzgados, p\u00e1sales to&#8217;as las capturas<\/p>\n<p>Llama al matasano, pide un parte de fractura<\/p>\n<p>Llama al funerario, que me pase la factura<\/p>\n<p>No pases por el barrio, est\u00e1s en busca y&#8230;<\/p>\n<p>Mi rap es calistenia, mierda seria<\/p>\n<p>Estoy roto como tus medias<\/p>\n<p>T\u00fa no llegas ni a la media mini media ni mijita<\/p>\n<p>Tengo los huevos gordos, as\u00ed que ag\u00fcita oxigenada<\/p>\n<p>Tiritas, pomadas, hemoales<\/p>\n<p>No me emules, yo soy<\/p>\n<p>No patino, invento truco<\/p>\n<p>Mucho antes de grabar<\/p>\n<p>Volando sobre el cuco<\/p>\n<p>Vacila en el asa, te sinamo el peluco<\/p>\n<p>Tu culo en la plaza est\u00e1 a precio de basuco<\/p>\n<p>El lobo estepario, el llanero solitario<\/p>\n<p>Lo contrario a ser unario, a ese facha contra\u00ed&#8217;o<\/p>\n<p>Mi equipo tiene mente fr\u00eda, coraz\u00f3n caliente<\/p>\n<p>Sangre incandescente, magma intravenoso<\/p>\n<p>Un traidor como Figo, tiro cabezas de cerdo<\/p>\n<p>Dile a tu ghostwriter que le sube el sueldo<\/p>\n<p>Te est\u00e1s quemando, hueles a filete reci\u00e9n hecho<\/p>\n<p>La venganza es una obligaci\u00f3n y no un derecho (Vendetta)<\/p>\n<p>Me da mucha pena tener que hacer este tema<\/p>\n<p>T\u00fa te lo has buscado, as\u00ed que ese es tu problema<\/p>\n<p>Amor falso, amor de estraperlo<\/p>\n<p>14 a\u00f1os, nunca llegu\u00e9 a conocerlo<\/p>\n<p>Hermanito, toca madera<\/p>\n<p>Eres Fernandito, Malaramera<\/p>\n<p>Hermanito, toca madera<\/p>\n<p>Eres Fernandito, Malaramera<\/p>\n<p>\u00abY a todo el mundo, o sea, a los m\u00e1nagers tambi\u00e9n<\/p>\n<p>Les dieron un por culo conmigo que flipas<\/p>\n<p>A m\u00ed me pagaban el viaje, la comida, el hostal&#8230;<\/p>\n<p>Todo eso para que yo les teloneara<\/p>\n<p>Yo era un gasto para ellos, que tampoco en ese momento<\/p>\n<p>Que ellos generaran tanto, tanto<\/p>\n<p>Siempre estar\u00e9 s\u00faper agradecido\u00bb<\/p>\n<p>Ah, ah, no te metas con tu padre<\/p>\n<p>Eh, eh, eh, eh, es Ayax<\/p>\n<p>(Shhh, ah)<\/p>\n<p>Solo me queda una pregunta:<\/p>\n<p>\u00bfD\u00f3nde c*\u00f1o est\u00e1 mi 20%? (Moroso)<\/p>\n<p><b>Letra de <\/b><b>Te avis\u00e9<\/b><\/p>\n<p>Te avis\u00e9 cuando peleaste con tu exnovia y la hiciste llorar delante del camerino<\/p>\n<p>Lloraba ella, cuando fuiste t\u00fa el que se fue de p*tas mientras ella so\u00f1aba contigo<\/p>\n<p>Te avis\u00e9 cuando en el bolo le escupiste al t\u00e9cnico de sonido<\/p>\n<p>Me cans\u00e9 de avisarte tantas veces, en ese instante dejaste de ser mi amigo<\/p>\n<p>Te avis\u00e9 cuando te vi por la tele y no dejaste hablar ni a tu propio hermano<\/p>\n<p>Cuando pagaste para que esa piba retirara su denuncia del juzgado (Ay)<\/p>\n<p>Te avis\u00e9 cuando perdiste la casa por abusar de p*tas y gramos<\/p>\n<p>No vayas al programa, por si te pregunta \u00ab\u00bfCu\u00e1nto ganas?\u00bb Broncano (Jaja)<\/p>\n<p>Tus novias te avisaron, que por m\u00e1s que te aguantaron, no son de tu propiedad <\/p>\n<p>Las aislabas de to&#8217; sus amigas para manipularlas a tu voluntad<\/p>\n<p>Empez\u00f3 como una fan, le pareci\u00f3 un buen plan, un rapero activista <\/p>\n<p>No se imaginaba que el maltrato ven\u00eda disfrazado de feminista<\/p>\n<p>Vuelvo a avisarte de mi parte y de mi gente<\/p>\n<p>Que si hablas de mi hijo, acabas dentro de un contenedor<\/p>\n<p>Y si quieres te doy hora y sitio<\/p>\n<p>En el Albaic\u00edn no tienes valor <\/p>\n<p>Te lo avis\u00e9 y te pusiste otra <\/p>\n<p>Te lo avis\u00e9 y ca\u00edste en el error <\/p>\n<p>Si juegas con fuego te quemas deprisa<\/p>\n<p>Y el que avisa no es traidor <\/p>\n<p>Traidor, eh, traidor<\/p>\n<p>Eres especialista en darle la vuelta a las cosas<\/p>\n<p>Pero eso no te va a servir de nada esta vez<\/p>\n<p>Porque ahora voy a ser yo el que va a explicar por qu\u00e9 ya nadie te quiere cerca<\/p>\n<p>Ahora todo el mundo va a saber lo despreciable que eres<\/p>\n<p>Pero de verdad, de primera mano, ag\u00e1rrate, ag\u00e1rrate<\/p>\n<p>\u00bfTe crees que voy a asustarme de esa mierda que tiraste?<\/p>\n<p>\u00bfCrees que voy a achicarme?<\/p>\n<p>Lo siento, es demasia&#8217;o tarde<\/p>\n<p>Yo no soy una groupie, no puedes abusarme <\/p>\n<p>Ahora es mi turno, hijo de p*ta, aguanta la presi\u00f3n<\/p>\n<p>En poco despegamos, ponte el cintur\u00f3n<\/p>\n<p>Todo el mal que has hecho y el da\u00f1o que has causado<\/p>\n<p>No es nada comparado con el da\u00f1o que voy a hacerte yo<\/p>\n<p>Baboso, narcisista, manipulador, t\u00f3xico, inseguro y celoso<\/p>\n<p>S\u00e9 que me escuchas nervioso<\/p>\n<p>Vender\u00edas tu alma, pero no te queda ni un trozo<\/p>\n<p>Eres un yonqui, vas de actor porno <\/p>\n<p>No tienes carisma, tienes un trastorno<\/p>\n<p>Tengo en el tel\u00e9fono a tu ex<\/p>\n<p>Y dice que le pegaste enfermedades graves en el c*\u00f1o<\/p>\n<p>Abusador de d\u00e9biles, comeollas<\/p>\n<p>Abusa de m\u00ed en la calle, a ver si tienes p*lla<\/p>\n<p>Tus 40 kilos me duran lo que duras t\u00fa puesto de coca con la p*lla dura<\/p>\n<p>Ey, saco de huesos, he vuelto<\/p>\n<p>\u00bfPor qu\u00e9 no me llama&#8217; y lo dejamo&#8217; resuelto?<\/p>\n<p>Pa&#8217; encararte conmigo no los tienes bien puestos<\/p>\n<p>T\u00fa solo te encaras con ni\u00f1os en el aeropuerto <\/p>\n<p>Te has pasado de dosis<\/p>\n<p>Se te marcan las costillas, la columna y el coxis <\/p>\n<p>Dile a todo el mundo que al drogarte con yonquis<\/p>\n<p>Le pegaste a todos tus amigos tuberculosis <\/p>\n<p>Yo me pregunto: \u00ab\u00bfY en tu gira d\u00f3nde est\u00e1 Granada?\u00bb<\/p>\n<p>Te odian desde el Zaid\u00edn a la Chana <\/p>\n<p>\u00bfC\u00f3mo voy a ser tu hijo?<\/p>\n<p>Si obligaste a todas tus exnovias para que abortaran<\/p>\n<p>Mujeres, mujeres, m\u00e1s mujeres <\/p>\n<p>Deja de nombrarlas, porque ninguna te quiere <\/p>\n<p>Vas de comunista, pero te encantan los cheles<\/p>\n<p>Por eso nunca le pagaste a Blas lo que le debes<\/p>\n<p>Nada es lo que parece, presta atenci\u00f3n al jefe<\/p>\n<p>Deja de repetir que me ayudaste dos mil veces<\/p>\n<p>Te piensas que eres Dios multiplicando vino y peces<\/p>\n<p>La humildad es como el silencio: la nombra&#8217; y desaparece<\/p>\n<p>No me fui por las denuncias, falso, yo me fui antes<\/p>\n<p>Cuando te vi drogarte con tu madre delante<\/p>\n<p>Tu equipo se iban a otro hotel por tal de no verte<\/p>\n<p>Yo ni ciego de pastilla&#8217; era capaz de aguantarte<\/p>\n<p>Llevas tres meses pa&#8217; hacerme una tira&#8217;era<\/p>\n<p>No tardas tanto en bajarte la cremallera<\/p>\n<p>Den\u00fanciame, es lo \u00fanico que te queda<\/p>\n<p>Ya nadie te quiere, aqu\u00ed termina tu carrera<\/p>\n<p>Esta es la \u00faltima vez que gasto mi saliva contigo<\/p>\n<p>Da igual lo que inventes, cabr*n<\/p>\n<p>Lo que has hecho no se borra<\/p>\n<p>Ey, y recuerda algo<\/p>\n<p>El culpable sigue siendo culpable aunque pague su condena<\/p>\n<p>As\u00ed que deja el rollito ese de pobrecito<\/p>\n<p>Porque aqu\u00ed la v\u00edctima no eres t\u00fa<\/p>\n<p><script async src=\"https:\/\/platform.twitter.com\/widgets.js\" charset=\"utf-8\"><\/script><\/p>\n","protected":false},"excerpt":{"rendered":"En la escena urbana son normales los beef y, algunos, hasta nos hacen gracia por el derroche de&hellip;\n","protected":false},"author":2,"featured_media":253695,"comment_status":"","ping_status":"","sticky":false,"template":"","format":"standard","meta":{"footnotes":""},"categories":[170],"tags":[6835,64011,64012,8538,28985,64013,3761,64014,64015,64016,146,147,64017,25,24,6290,64018,64019,64020,12791,9379,62,32894,45253,64021,184,185,64022,64023,23,6320,64024],"class_list":{"0":"post-253694","1":"post","2":"type-post","3":"status-publish","4":"format-standard","5":"has-post-thumbnail","7":"category-musica","8":"tag-6835","9":"tag-8m","10":"tag-activism","11":"tag-background","12":"tag-banner","13":"tag-card","14":"tag-concept","15":"tag-contemporary","16":"tag-eight","17":"tag-empowerment","18":"tag-entertainment","19":"tag-entretenimiento","20":"tag-equity","21":"tag-es","22":"tag-espana","23":"tag-female","24":"tag-feminism","25":"tag-feminist","26":"tag-flyer","27":"tag-girl","28":"tag-happy","29":"tag-international","30":"tag-justice","31":"tag-march","32":"tag-movement","33":"tag-music","34":"tag-musica","35":"tag-sisterhood","36":"tag-solidarity","37":"tag-spain","38":"tag-woman","39":"tag-womens"},"share_on_mastodon":{"url":"https:\/\/pubeurope.com\/@es\/115606260019668662","error":""},"_links":{"self":[{"href":"https:\/\/www.europesays.com\/es\/wp-json\/wp\/v2\/posts\/253694","targetHints":{"allow":["GET"]}}],"collection":[{"href":"https:\/\/www.europesays.com\/es\/wp-json\/wp\/v2\/posts"}],"about":[{"href":"https:\/\/www.europesays.com\/es\/wp-json\/wp\/v2\/types\/post"}],"author":[{"embeddable":true,"href":"https:\/\/www.europesays.com\/es\/wp-json\/wp\/v2\/users\/2"}],"replies":[{"embeddable":true,"href":"https:\/\/www.europesays.com\/es\/wp-json\/wp\/v2\/comments?post=253694"}],"version-history":[{"count":0,"href":"https:\/\/www.europesays.com\/es\/wp-json\/wp\/v2\/posts\/253694\/revisions"}],"wp:featuredmedia":[{"embeddable":true,"href":"https:\/\/www.europesays.com\/es\/wp-json\/wp\/v2\/media\/253695"}],"wp:attachment":[{"href":"https:\/\/www.europesays.com\/es\/wp-json\/wp\/v2\/media?parent=253694"}],"wp:term":[{"taxonomy":"category","embeddable":true,"href":"https:\/\/www.europesays.com\/es\/wp-json\/wp\/v2\/categories?post=253694"},{"taxonomy":"post_tag","embeddable":true,"href":"https:\/\/www.europesays.com\/es\/wp-json\/wp\/v2\/tags?post=253694"}],"curies":[{"name":"wp","href":"https:\/\/api.w.org\/{rel}","templated":true}]}}