{"id":253696,"date":"2025-11-24T19:11:12","date_gmt":"2025-11-24T19:11:12","guid":{"rendered":"https:\/\/www.europesays.com\/es\/253696\/"},"modified":"2025-11-24T19:11:12","modified_gmt":"2025-11-24T19:11:12","slug":"star-wars-visions-es-acusado-de-plagiar-una-pelicula-hecha-por-fans-ni-siquiera-cambiaron-los-tiros-de-camara","status":"publish","type":"post","link":"https:\/\/www.europesays.com\/es\/253696\/","title":{"rendered":"\u2018Star Wars: Visions\u2019 es acusado de plagiar una pel\u00edcula hecha por fans: \u201cNi siquiera cambiaron los tiros de c\u00e1mara\u201d"},"content":{"rendered":"<p class=\"\">El universo \u2018<a href=\"https:\/\/as.com\/meristation\/series\/es-una-de-las-series-mas-polemicas-de-star-wars-y-su-showrunner-habla-sobre-su-cancelacion-un-ano-despues-f202511-n\/\" target=\"_blank\" rel=\"noreferrer nofollow noopener\" title=\"https:\/\/as.com\/meristation\/series\/es-una-de-las-series-mas-polemicas-de-star-wars-y-su-showrunner-habla-sobre-su-cancelacion-un-ano-despues-f202511-n\/\"><b>Star Wars<\/b><\/a>\u2019 acaba de ser salpicado por un nueva pol\u00e9mica que surge de una de sus series m\u00e1s recientes y exitosas. El especialista y doble de acci\u00f3n Lorenz Hideyoshi, quien trabaj\u00f3 en producciones como \u2018Dune\u2019, denunci\u00f3 a trav\u00e9s de redes sociales que <b>\u2018<\/b><a href=\"https:\/\/as.com\/meristation\/noticias\/star-wars-visions-vol-2-critica-una-antologia-de-preciosos-cortos-que-rebosa-creatividad-color-y-mitologia-galactica-n\/\" target=\"_blank\" rel=\"noreferrer nofollow noopener\" title=\"https:\/\/as.com\/meristation\/noticias\/star-wars-visions-vol-2-critica-una-antologia-de-preciosos-cortos-que-rebosa-creatividad-color-y-mitologia-galactica-n\/\"><b>Star Wars: Visions<\/b><\/a><b>\u2019 plagia una coreograf\u00eda creada por \u00e9l para el cortometraje, \u2018Dark Jedi\u2019<\/b>, estrenado en 2019.<\/p>\n<p class=\"\">Hideyoshi comparti\u00f3 a trav\u00e9s de su cuenta de Instagram un <a href=\"https:\/\/www.instagram.com\/reel\/DRPnCMqDMDQ\/?utm_source=ig_embed\" target=\"_blank\" rel=\"noreferrer nofollow noopener\" title=\"https:\/\/www.instagram.com\/reel\/DRPnCMqDMDQ\/?utm_source=ig_embed\">v\u00eddeo<\/a> en el que compara la escena de combate de su obra con la del <b>episodio 7 de la segunda temporada de \u2018Star Wars: Visions\u2019<\/b>. Y lo cierto es que el parecido es innegable: ambas coreos son exactamente iguales. El especialista se\u00f1ala que, aunque en la serie animada usan armas diferentes, la secuencia mantiene los mismos movimientos que \u00e9l mismo ide\u00f3 hace a\u00f1os.<b> \u201cNi siquiera cambiaron los tiros de c\u00e1mara\u201d<\/b>, escribi\u00f3.<\/p>\n<p><b>\u00bf88 Pictures ha plagiado el trabajo de un fan de \u2018Star Wars\u2019?<\/b><\/p>\n<p class=\"\">Como era de esperar, la publicaci\u00f3n de Hideyoshi termin\u00f3 haci\u00e9ndose muy viral y miles de personas se sumaron a se\u00f1alar a Disney como culpables de plagio. Sin embargo, <b>la responsabilidad recaer\u00eda directamente en el estudio indio 88 Pictures y en el director Ishan Shukla<\/b>, ya que fueron ellos quienes crearon este episodio para la \u00faltima antolog\u00eda de \u2018Star Wars\u2019.<\/p>\n<p class=\"\">\u2018Dark Jedi\u2019 es una pel\u00edcula hecha por fans y para fans, y Hideyoshi no buscaba lucrarse de ninguna forma con ella. Pero la cosa ha cambiado en cuanto vio que Disney \u201cle ha robado\u201d sus ideas sin siquiera pedir permiso. Es m\u00e1s, el especialista coment\u00f3 que esto podr\u00eda haberse evitado si se pagase mejor a los animadores o si se hubiese contratado a un dise\u00f1ador de acci\u00f3n, echando as\u00ed m\u00e1s pestes a la compa\u00f1\u00eda.<\/p>\n<p class=\"\">Por el momento<b> Disney no se ha pronunciado al respect<\/b>o, pero en vista de la viralidad del v\u00eddeo y del incre\u00edble parecido de dicha escena con el fan film, lo m\u00e1s seguro es que pronto tengamos noticias al respecto. Si est\u00e1is interesados en ver \u2018Star Wars: Visions\u2019, os recordamos que est\u00e1 disponible en Disney+ y que ya hay una tercera temporada en camino.<\/p>\n<p>Noticias relacionadas<\/p>\n<p class=\"\">Suscr\u00edbete al <a href=\"https:\/\/www.youtube.com\/@meristation\" target=\"_self\" rel=\"nofollow noopener\" title=\"https:\/\/www.youtube.com\/@meristation\">canal de MeriStation en YouTube<\/a>, tu web de videojuegos y entretenimiento para conocer todas las noticias y novedades sobre el mundo del videojuego, cine, series, manga y anime. An\u00e1lisis, entrevistas, tr\u00e1ileres, gameplays, p\u00f3dcast y mucho m\u00e1s. Tambi\u00e9n te animamos a seguir <a href=\"https:\/\/www.tiktok.com\/@meristation\" rel=\"nofollow noopener\" title=\"https:\/\/www.tiktok.com\/@meristation\" target=\"_blank\">nuestra cuenta de TikTok<\/a>. <\/p>\n<p class=\"\">\u00a1S\u00edguenos en ambas y, si est\u00e1s interesado en licenciar este contenido, pincha <a href=\"https:\/\/profesional.elpais.com\/landing-sindicacion\/?utm_medium=interno&amp;utm_source=crosslinking&amp;utm_campaign=sindicacion_as_pie_articulos\" target=\"_blank\" rel=\"nofollow noopener\" title=\"https:\/\/profesional.elpais.com\/landing-sindicacion\/?utm_medium=interno&amp;utm_source=crosslinking&amp;utm_campaign=sindicacion_as_pie_articulos\">aqu\u00ed<\/a>!<\/p>\n<p><script async src=\"\/\/www.instagram.com\/embed.js\"><\/script><script async src=\"\/\/www.tiktok.com\/embed.js\"><\/script><\/p>\n","protected":false},"excerpt":{"rendered":"El universo \u2018Star Wars\u2019 acaba de ser salpicado por un nueva pol\u00e9mica que surge de una de sus&hellip;\n","protected":false},"author":2,"featured_media":253697,"comment_status":"","ping_status":"","sticky":false,"template":"","format":"standard","meta":{"footnotes":""},"categories":[169],"tags":[177,146,147,25,24,176,175,23],"class_list":{"0":"post-253696","1":"post","2":"type-post","3":"status-publish","4":"format-standard","5":"has-post-thumbnail","7":"category-cine","8":"tag-cine","9":"tag-entertainment","10":"tag-entretenimiento","11":"tag-es","12":"tag-espana","13":"tag-film","14":"tag-movies","15":"tag-spain"},"share_on_mastodon":{"url":"https:\/\/pubeurope.com\/@es\/115606263210424733","error":""},"_links":{"self":[{"href":"https:\/\/www.europesays.com\/es\/wp-json\/wp\/v2\/posts\/253696","targetHints":{"allow":["GET"]}}],"collection":[{"href":"https:\/\/www.europesays.com\/es\/wp-json\/wp\/v2\/posts"}],"about":[{"href":"https:\/\/www.europesays.com\/es\/wp-json\/wp\/v2\/types\/post"}],"author":[{"embeddable":true,"href":"https:\/\/www.europesays.com\/es\/wp-json\/wp\/v2\/users\/2"}],"replies":[{"embeddable":true,"href":"https:\/\/www.europesays.com\/es\/wp-json\/wp\/v2\/comments?post=253696"}],"version-history":[{"count":0,"href":"https:\/\/www.europesays.com\/es\/wp-json\/wp\/v2\/posts\/253696\/revisions"}],"wp:featuredmedia":[{"embeddable":true,"href":"https:\/\/www.europesays.com\/es\/wp-json\/wp\/v2\/media\/253697"}],"wp:attachment":[{"href":"https:\/\/www.europesays.com\/es\/wp-json\/wp\/v2\/media?parent=253696"}],"wp:term":[{"taxonomy":"category","embeddable":true,"href":"https:\/\/www.europesays.com\/es\/wp-json\/wp\/v2\/categories?post=253696"},{"taxonomy":"post_tag","embeddable":true,"href":"https:\/\/www.europesays.com\/es\/wp-json\/wp\/v2\/tags?post=253696"}],"curies":[{"name":"wp","href":"https:\/\/api.w.org\/{rel}","templated":true}]}}