{"id":253706,"date":"2025-11-24T19:16:11","date_gmt":"2025-11-24T19:16:11","guid":{"rendered":"https:\/\/www.europesays.com\/es\/253706\/"},"modified":"2025-11-24T19:16:11","modified_gmt":"2025-11-24T19:16:11","slug":"empresas-pioneras-en-llevar-la-digitalizacion-a-todos-los-frentes","status":"publish","type":"post","link":"https:\/\/www.europesays.com\/es\/253706\/","title":{"rendered":"Empresas pioneras en llevar la digitalizaci\u00f3n \u00aba todos los frentes\u00bb"},"content":{"rendered":"<p class=\"v-mdl-ath__p v-mdl-ath__p--6\">\nLunes, 24 de noviembre 2025, 19:29<\/p>\n<p>| Actualizado 20:06h.<\/p>\n<p class=\"v-p\">La digitalizaci\u00f3n es ya parte del d\u00eda a d\u00eda de la gran mayor\u00eda de las empresas vascas. El 91% de las vizca\u00ednas as\u00ed lo reconoce en el \u00faltimo estudio elaborado al respecto por la Diputaci\u00f3n foral y la C\u00e1mara de Comercio de Bilbao. Pero la incesante llegada de innovaciones hace que para muchas su implantaci\u00f3n resulte un camino dif\u00edcil de transitar, un recorrido en el que las resulta fundamental contar con firmas de su entorno que sean punta de lanza tanto en el desarrollo de estas nuevas tecnolog\u00edas como en su transformaci\u00f3n en servicios accesibles. Para reconocer la labor de estas empresas tractoras, ayer EL CORREO celebr\u00f3 en el Museo Guggenheim la sexta edici\u00f3n de &#8216;DigitalTek. Liderando el cambio&#8217;, el foro que re\u00fane a las compa\u00f1\u00edas vascas punteras de la revoluci\u00f3n digital, entre las que, un a\u00f1o m\u00e1s, destacaron las cinco premiadas.<\/p>\n<p class=\"v-p\">La primera en recibir su galard\u00f3n fue Global Datum, premio &#8216;Big Data&#8217; por el uso de tecnolog\u00edas emergentes en el desarrollo de plataformas inteligentes que ayudan a sus empresas clientes a optimizar procesos y mejorar la toma de decisiones estrat\u00e9gicas. \u00abNuestra labor es algo as\u00ed como pasar la batea para ver d\u00f3nde hay oro -informaci\u00f3n \u00fatil- y d\u00f3nde, lodo. Despu\u00e9s, una vez que sabemos qu\u00e9 datos son realmente importantes, los hacemos accesibles y entendibles\u00bb, explic\u00f3 su presidente, Joxe Etxebarria, quien reconoci\u00f3 que todav\u00eda no hace mucho encontraban empresas \u00abque lo anotaban todo a boli\u00bb. <\/p>\n<p>Transformar el conocimiento<\/p>\n<p class=\"v-p\">Tras \u00e9l, subieron al escenario Eider S\u00e1nchez y Maider Alberich, cofundadoras de Naru, &#8216;startup&#8217; donostiarra ganadora en la categor\u00eda de Inteligencia Artificial por su aplicaci\u00f3n de esta tecnolog\u00eda en el \u00e1mbito cl\u00ednico e investigador. \u00abNuestra misi\u00f3n es aprender de lo que le ocurre a cada paciente para transformar ese conocimiento en una mejora de la pr\u00e1ctica m\u00e9dica, bienestar de las personas que haya que tratar en el futuro y aceleraci\u00f3n de la investigaci\u00f3n\u00bb, explicaron al tiempo que subrayaban los controles \u00e9ticos y profesionales por los que pasan los datos en el sector sanitario.<\/p>\n<p class=\"v-p\">El premio &#8216;e-commerce&#8217; de esta sexta edici\u00f3n se lo llev\u00f3 la firma de bolsos artesanales Mercules, que ya vende la mitad de su producci\u00f3n a trav\u00e9s de su web. \u00abEl secreto est\u00e1 en hacer que el cliente no se quede s\u00f3lo con la sensaci\u00f3n de que est\u00e1 comprando un bolso, sino con la de pertenencia a una comunidad\u00bb, explic\u00f3 la dise\u00f1adora y cofundadora de la marca, Mercedes Gallego. <\/p>\n<p><a href=\"http:\/\/www.elcorreo.com\/economia\/tu-economia\/debemos-desarrollar-sentido-critico-frente-ia-20251125180435-nt.html#vtm_modulosEngag=mod-rel:economia:noticia:1:cmp:1-not\" class=\"v-a-link\" aria-label=\"Imagen\" rel=\"nofollow noopener\" target=\"_blank\"><\/p>\n<p><img decoding=\"async\" loading=\"lazy\" src=\"https:\/\/www.europesays.com\/es\/wp-content\/uploads\/2025\/11\/esther-digitaltek-kpyB--366x256@El Correo.jpg\" class=\"v-a-img\" width=\"258\" height=\"180\" alt=\"\" data-voc-vtm-id=\"in-text-traffic\"\/><\/p>\n<p><\/a><\/p>\n<p class=\"v-p\">En la categor\u00eda dedicada al M\u00e1rketing Digital, el galard\u00f3n correspondi\u00f3 a Kaiku, que con m\u00e1s de 70 a\u00f1os de historia ha sabido adaptarse a los nuevos canales haciendo del humor su se\u00f1a de identidad. \u00abCreemos que una empresa puede llevar la innovaci\u00f3n a muchos frentes m\u00e1s all\u00e1 del de la producci\u00f3n. Incluso en sectores tan aparentemente tradicionales como el ganadero o el l\u00e1cteo tambi\u00e9n se puede llevar al de la comunicaci\u00f3n y aprovechar las ventajas del entorno digital para diferenciar p\u00fablicos y estrategias\u00bb, se\u00f1alaron Natalia Uriarte y Paula L\u00f3pez, responsables de desarrollo y promoci\u00f3n de la marca.<\/p>\n<p class=\"v-p\">Finalmente, el premio Empresa Digital del a\u00f1o correspondi\u00f3 a IDOM. La firma, que cuenta con 5.000 profesionales que prestan servicios de consultor\u00eda, ingenier\u00eda y arquitectura en m\u00e1s de cuarenta pa\u00edses, es puntera en la implantaci\u00f3n de nuevas tecnolog\u00edas integr\u00e1ndolas en los procesos de negocio de sus clientes. \u00abLa implantaci\u00f3n de soluciones al m\u00e1s alto nivel t\u00e9cnico y tecnol\u00f3gico es lo que nos permite estar a la vanguardia de estos sectores y de las demandas de nuestros clientes, que son los que nos llevan a afrontar nuevos retos\u00bb, se\u00f1al\u00f3 C\u00e9sar del Valle, su director de Consultor\u00eda.<\/p>\n<p class=\"v-p\">La cita tuvo un a\u00f1o m\u00e1s el patrocinio de BBVA, Telef\u00f3nica, el Departamento de Turismo, Comercio y Consumo del Gobierno vasco, la Diputaci\u00f3n Foral de Bizkaia y el Ayuntamiento de Bilbao, cuyos representantes coincidieron en destacar el valor de la colaboraci\u00f3n entre Administraci\u00f3n y empresas en el avance de la transformaci\u00f3n digital. \u00abEuskadi lleva d\u00e9cadas siendo un territorio profundamente innovador con un tejido empresarial comparable al de las regiones industriales m\u00e1s avanzadas de Europa, pero lo que nos hace m\u00e1s especiales es la capacidad de combinar tradici\u00f3n y vanguardia apoy\u00e1ndonos en una estrategia p\u00fablico-privada que responde con firmeza a los desaf\u00edos del futuro. Cuando la innovaci\u00f3n se aplica con visi\u00f3n y responsabilidad, no solo transforma empresas; transforma territorios y forma parte del progreso social de toda la colectividad\u00bb, subray\u00f3 Marta Alonso directora de la Territorial Norte de BBVA.<\/p>\n<p class=\"v-p\">\u00abTambi\u00e9n hay una tercera pata muy importante y que es responsabilidad de todos\u00bb, a\u00f1adi\u00f3 Javier Hurtado, consejero de Turismo, Comercio y Consumo. \u00abComo consumidores, todos tenemos que ser conscientes de que las decisiones que tomamos hoy van a determinar la sociedad que vamos a dejar a las pr\u00f3ximas generaciones. As\u00ed, entre todos, s\u00ed podemos abordar todas las transformaciones que sean necesarias\u00bb, anim\u00f3. <\/p>\n<p class=\"v-p\">Por su parte, Joseba Mariezkurrena, director general de Emprendimiento, Talento y Competitividad empresarial de la Diputaci\u00f3n foral de Bizkaia, asegur\u00f3 que \u00abhoy m\u00e1s que nunca, la digitalizaci\u00f3n es un factor cr\u00edtico para la competitividad de nuestras pymes que debemos a seguir empujando para que ninguna, por peque\u00f1a que sea, se quede fuera porque ya estamos viendo la brecha entre las empresas de m\u00e1s de cincuenta empleados y las micropymes\u00bb.<\/p>\n<p class=\"v-p\">Finalmente, Javier Benito, director de Telef\u00f3nica en Euskadi, destac\u00f3 la necesidad de hacer que \u00abesta revoluci\u00f3n sea sostenible e inclusiva, que las tecnolog\u00edas deben estar a disposici\u00f3n de cualquier persona y en cualquier lugar donde haya una necesidad o una buena idea. Dice mucho de Euskadi que, en d\u00edas como hoy, tengamos a una parte de la sociedad, de las empresas y las instituciones reunidas para reconocer el valor de la transformaci\u00f3n digital y de las firmas que la abanderan\u00bb.<\/p>\n<p>Reporta un error<\/p>\n","protected":false},"excerpt":{"rendered":"Lunes, 24 de noviembre 2025, 19:29 | Actualizado 20:06h. La digitalizaci\u00f3n es ya parte del d\u00eda a d\u00eda&hellip;\n","protected":false},"author":2,"featured_media":253707,"comment_status":"","ping_status":"","sticky":false,"template":"","format":"standard","meta":{"footnotes":""},"categories":[80],"tags":[82,37259,95,94,2308,25,24,23093,10484,49081,23],"class_list":{"0":"post-253706","1":"post","2":"type-post","3":"status-publish","4":"format-standard","5":"has-post-thumbnail","7":"category-economia","8":"tag-business","9":"tag-digitalizacion","10":"tag-economia","11":"tag-economy","12":"tag-empresas","13":"tag-es","14":"tag-espana","15":"tag-frentes","16":"tag-llevar","17":"tag-pioneras","18":"tag-spain"},"share_on_mastodon":{"url":"https:\/\/pubeurope.com\/@es\/115606283342745661","error":""},"_links":{"self":[{"href":"https:\/\/www.europesays.com\/es\/wp-json\/wp\/v2\/posts\/253706","targetHints":{"allow":["GET"]}}],"collection":[{"href":"https:\/\/www.europesays.com\/es\/wp-json\/wp\/v2\/posts"}],"about":[{"href":"https:\/\/www.europesays.com\/es\/wp-json\/wp\/v2\/types\/post"}],"author":[{"embeddable":true,"href":"https:\/\/www.europesays.com\/es\/wp-json\/wp\/v2\/users\/2"}],"replies":[{"embeddable":true,"href":"https:\/\/www.europesays.com\/es\/wp-json\/wp\/v2\/comments?post=253706"}],"version-history":[{"count":0,"href":"https:\/\/www.europesays.com\/es\/wp-json\/wp\/v2\/posts\/253706\/revisions"}],"wp:featuredmedia":[{"embeddable":true,"href":"https:\/\/www.europesays.com\/es\/wp-json\/wp\/v2\/media\/253707"}],"wp:attachment":[{"href":"https:\/\/www.europesays.com\/es\/wp-json\/wp\/v2\/media?parent=253706"}],"wp:term":[{"taxonomy":"category","embeddable":true,"href":"https:\/\/www.europesays.com\/es\/wp-json\/wp\/v2\/categories?post=253706"},{"taxonomy":"post_tag","embeddable":true,"href":"https:\/\/www.europesays.com\/es\/wp-json\/wp\/v2\/tags?post=253706"}],"curies":[{"name":"wp","href":"https:\/\/api.w.org\/{rel}","templated":true}]}}