{"id":253708,"date":"2025-11-24T19:17:17","date_gmt":"2025-11-24T19:17:17","guid":{"rendered":"https:\/\/www.europesays.com\/es\/253708\/"},"modified":"2025-11-24T19:17:17","modified_gmt":"2025-11-24T19:17:17","slug":"la-fundacion-humanitaria-de-gaza-se-retira-tras-cinco-meses-y-deja-su-modelo-en-manos-de-otra-organizacion","status":"publish","type":"post","link":"https:\/\/www.europesays.com\/es\/253708\/","title":{"rendered":"La Fundaci\u00f3n Humanitaria de Gaza se retira tras cinco meses y deja su modelo en manos de otra organizaci\u00f3n"},"content":{"rendered":"<p><img alt=\"Un palestino carga un saco\" class=\"global-image\" decoding=\"async\" fetchpriority=\"high\" height=\"1798\" loading=\"eager\" src=\"https:\/\/www.europesays.com\/es\/wp-content\/uploads\/2025\/11\/DRTYSTBA6ND47BAVVFHBNDSTKE.jpg\" width=\"2696\"\/>Un palestino carga un saco con comida y ayuda humanitaria distribuida por la Fundaci\u00f3n Humanitaria de Gaza, una organizaci\u00f3n respaldada por Estados Unidos, en Rafah, en el sur de la Franja, el 11 de junio de 2025. (AP Foto\/Abdel Kareem Hana)<\/p>\n<p class=\"paragraph\">La <b>Fundaci\u00f3n Humanitaria de Gaza <\/b>(GHF) anunci\u00f3 el cierre definitivo de sus operaciones en la Franja tras cinco meses de trabajo marcados por enormes desaf\u00edos para distribuir ayuda en territorio gazat\u00ed.<\/p>\n<p class=\"paragraph\">Desde su creaci\u00f3n, la organizaci\u00f3n se propuso cubrir una necesidad urgente, demostrar que un modelo alternativo de asistencia pod\u00eda funcionar donde otros hab\u00edan tropezado y, eventualmente, dejar ese esquema en manos de la comunidad internacional. Seg\u00fan explic\u00f3 su director ejecutivo, John Acree, con el lanzamiento del Centro de Coordinaci\u00f3n Civil-Militar (CMCC) y un renovado compromiso global, ese punto de transici\u00f3n finalmente lleg\u00f3.<\/p>\n<p class=\"paragraph\">Hace apenas unas semanas, The Times of Israel hab\u00eda revelado que <b>la fundaci\u00f3n enfrentaba serios problemas financieros y que hab\u00eda quedado al margen de la escena humanitaria tras la entrada en vigor del alto el fuego.<\/b><\/p>\n<p class=\"paragraph\">Acree asegur\u00f3 que el CMCC adoptar\u00e1 el m\u00e9todo desarrollado por GHF, basado en <b>establecer centros de distribuci\u00f3n separados de la poblaci\u00f3n civil para evitar que Hamas desviara la ayuda.<\/b><\/p>\n<p><img alt=\"Palestinos solicitan ayuda humanitaria a\" class=\"global-image\" decoding=\"async\" fetchpriority=\"low\" height=\"3667\" loading=\"lazy\" src=\"https:\/\/www.europesays.com\/es\/wp-content\/uploads\/2025\/11\/MBFIPRVH5BHFXFFPDUAYASAM7A.JPG\" width=\"5500\"\/>Palestinos solicitan ayuda humanitaria a la Fundaci\u00f3n Humanitaria de Gaza (GHF), respaldada por Estados Unidos, en la Franja Central de Gaza, el 4 de agosto de 2025. REUTERS\/Stringer\/Foto de archivo<\/p>\n<p class=\"paragraph\">Aunque la fundaci\u00f3n est\u00e1 registrada en Estados Unidos, distintas fuentes se\u00f1alan que funcionarios israel\u00edes y empresarios cercanos al gobierno de <b>Benjam\u00edn Netanyahu <\/b>participaron activamente en su creaci\u00f3n. <\/p>\n<p class=\"paragraph\"><b>Israel viene denunciando desde hace a\u00f1os que Hamas se apropia de parte de la asistencia<\/b> y sostiene que el prop\u00f3sito de GHF era dejar fuera al grupo islamista mediante la instalaci\u00f3n de puntos de apoyo dentro de zonas controladas por las Fuerzas de Defensa de Israel (FDI). Netanyahu incluso lleg\u00f3 a plantear que, a largo plazo, GHF deb\u00eda convertirse en el principal canal humanitario en Gaza, desplazando a la ONU y otras agencias internacionales que \u2014seg\u00fan Jerusal\u00e9n\u2014 eran vulnerables al control de Hamas.<\/p>\n<p class=\"paragraph\">Sin embargo, el despliegue de la fundaci\u00f3n estuvo atravesado por pol\u00e9micas desde el primer d\u00eda: casi a diario se reportaron incidentes en los que tropas israel\u00edes abrieron fuego contra palestinos que intentaban acercarse a los centros de distribuci\u00f3n. La ONU estima que m\u00e1s de mil personas murieron en esos episodios. <\/p>\n<p class=\"paragraph\">Las FDI, por su parte, sostienen que la cifra est\u00e1 inflada, que los soldados s\u00f3lo dispararon tiros de advertencia ante amenazas y que integrantes de Hamas y otros grupos armados tambi\u00e9n atacaron a la multitud.<\/p>\n<p><img alt=\"Palestinos se re\u00fanen para recoger\" class=\"global-image\" decoding=\"async\" fetchpriority=\"low\" height=\"499\" loading=\"lazy\" src=\"https:\/\/www.europesays.com\/es\/wp-content\/uploads\/2025\/11\/SUGT3C4OXNBOHEZ5SXOR4B76FM.jpg\" width=\"800\"\/>Palestinos se re\u00fanen para recoger lo que queda de suministros de ayuda del centro de distribuci\u00f3n de la Fundaci\u00f3n Humanitaria de Gaza, respaldada por Estados Unidos, en Rafah, en el sur de la Franja de Gaza, 5 de junio de 2025. REUTERS\/Stringer\/File Photo<\/p>\n<p class=\"paragraph\">Reci\u00e9n hacia finales del verano los incidentes fatales comenzaron a disminuir. Para ese momento, GHF hab\u00eda logrado repartir \u2014seg\u00fan sus datos\u2014<b> m\u00e1s de 187 millones de comidas entre la poblaci\u00f3n gazat\u00ed, estimada en unos dos millones de habitantes<\/b>.<\/p>\n<p class=\"paragraph\">De todos modos, la operaci\u00f3n ya se encontraba en repliegue. Para septiembre, la fundaci\u00f3n apenas distribu\u00eda una m\u00ednima parte de la ayuda que ingresaba a Gaza. La intenci\u00f3n del embajador estadounidense en Israel, Mike Huckabee, de expandir la red de distribuci\u00f3n de tres a diecis\u00e9is puntos nunca lleg\u00f3 a concretarse.<\/p>\n","protected":false},"excerpt":{"rendered":"Un palestino carga un saco con comida y ayuda humanitaria distribuida por la Fundaci\u00f3n Humanitaria de Gaza, una&hellip;\n","protected":false},"author":2,"featured_media":253709,"comment_status":"","ping_status":"","sticky":false,"template":"","format":"standard","meta":{"footnotes":""},"categories":[42],"tags":[17,18,13,14,11,61,62,63,64,19,20,2148,9,10,15,16,12,21,22,65,66,67],"class_list":{"0":"post-253708","1":"post","2":"type-post","3":"status-publish","4":"format-standard","5":"has-post-thumbnail","7":"category-internacional","8":"tag-breaking-news","9":"tag-breakingnews","10":"tag-featured-news","11":"tag-featurednews","12":"tag-headlines","13":"tag-internacional","14":"tag-international","15":"tag-international-news","16":"tag-internationalnews","17":"tag-latest-news","18":"tag-latestnews","19":"tag-middle-east","20":"tag-news","21":"tag-noticias","22":"tag-noticias-destacadas","23":"tag-noticiasdestacadas","24":"tag-titulares","25":"tag-ultimas-noticias","26":"tag-ultimasnoticias","27":"tag-world","28":"tag-world-news","29":"tag-worldnews"},"share_on_mastodon":{"url":"https:\/\/pubeurope.com\/@es\/115606287522983850","error":""},"_links":{"self":[{"href":"https:\/\/www.europesays.com\/es\/wp-json\/wp\/v2\/posts\/253708","targetHints":{"allow":["GET"]}}],"collection":[{"href":"https:\/\/www.europesays.com\/es\/wp-json\/wp\/v2\/posts"}],"about":[{"href":"https:\/\/www.europesays.com\/es\/wp-json\/wp\/v2\/types\/post"}],"author":[{"embeddable":true,"href":"https:\/\/www.europesays.com\/es\/wp-json\/wp\/v2\/users\/2"}],"replies":[{"embeddable":true,"href":"https:\/\/www.europesays.com\/es\/wp-json\/wp\/v2\/comments?post=253708"}],"version-history":[{"count":0,"href":"https:\/\/www.europesays.com\/es\/wp-json\/wp\/v2\/posts\/253708\/revisions"}],"wp:featuredmedia":[{"embeddable":true,"href":"https:\/\/www.europesays.com\/es\/wp-json\/wp\/v2\/media\/253709"}],"wp:attachment":[{"href":"https:\/\/www.europesays.com\/es\/wp-json\/wp\/v2\/media?parent=253708"}],"wp:term":[{"taxonomy":"category","embeddable":true,"href":"https:\/\/www.europesays.com\/es\/wp-json\/wp\/v2\/categories?post=253708"},{"taxonomy":"post_tag","embeddable":true,"href":"https:\/\/www.europesays.com\/es\/wp-json\/wp\/v2\/tags?post=253708"}],"curies":[{"name":"wp","href":"https:\/\/api.w.org\/{rel}","templated":true}]}}