{"id":253710,"date":"2025-11-24T19:18:16","date_gmt":"2025-11-24T19:18:16","guid":{"rendered":"https:\/\/www.europesays.com\/es\/253710\/"},"modified":"2025-11-24T19:18:16","modified_gmt":"2025-11-24T19:18:16","slug":"el-abogado-de-manos-limpias-renuncia-al-caso-begona-porque-se-ha-convertido-en-una-controversia-politica-y-mediatica-espana","status":"publish","type":"post","link":"https:\/\/www.europesays.com\/es\/253710\/","title":{"rendered":"El abogado de Manos Limpias renuncia al \u2018caso Bego\u00f1a\u2019 porque se ha convertido \u201cen una controversia pol\u00edtica y medi\u00e1tica\u201d | Espa\u00f1a"},"content":{"rendered":"<p class=\"\">El pseudosindicato <a href=\"https:\/\/elpais.com\/espana\/comunidad-valenciana\/2025-10-27\/el-tribunal-superior-valenciano-tumba-una-querella-de-manos-limpias-contra-la-jueza-de-la-dana.html\" target=\"_blank\" rel=\"nofollow noopener\" title=\"https:\/\/elpais.com\/espana\/comunidad-valenciana\/2025-10-27\/el-tribunal-superior-valenciano-tumba-una-querella-de-manos-limpias-contra-la-jueza-de-la-dana.html\">Manos Limpias,<\/a> del que parti\u00f3 la denuncia que <a href=\"https:\/\/elpais.com\/espana\/2024-04-24\/manos-limpias-la-maquina-de-denunciar-que-esta-detras-de-la-causa-contra-begona-gomez.html\" target=\"_self\" rel=\"nofollow noopener\" title=\"https:\/\/elpais.com\/espana\/2024-04-24\/manos-limpias-la-maquina-de-denunciar-que-esta-detras-de-la-causa-contra-begona-gomez.html\">dio origen al caso Bego\u00f1a<\/a> que instruye el juez Juan Carlos Peinado en el <a href=\"https:\/\/elpais.com\/espana\/2025-11-16\/el-juez-peinado-toma-declaracion-a-la-alto-cargo-de-la-moncloa-imputada-en-el-caso-begona-gomez.html\" target=\"_self\" rel=\"nofollow noopener\" title=\"https:\/\/elpais.com\/espana\/2025-11-16\/el-juez-peinado-toma-declaracion-a-la-alto-cargo-de-la-moncloa-imputada-en-el-caso-begona-gomez.html\">Juzgado de Instrucci\u00f3n N\u00famero 41<\/a> de Madrid, se ha quedado sin representantes legales en la investigaci\u00f3n contra la esposa del presidente del Gobierno. El abogado y el procurador que integraban la acusaci\u00f3n de la organizaci\u00f3n han renunciado a seguir ejerci\u00e9ndola al entender que \u201clo que un inicio era un encargo jur\u00eddico\u201d ha ido transform\u00e1ndose \u201cen una controversia pol\u00edtica y medi\u00e1tica\u201d, seg\u00fan un escrito dirigido al instructor, al que ha tenido acceso EL PA\u00cdS. <\/p>\n<p class=\"\">El procurador ha enviado a Peinado este mismo lunes el escrito de renuncia conjunta, que se acompa\u00f1a de una carta firmada por el abogado, Carlos Perales, del bufete Preico Jur\u00eddicos. Perales censura la actitud del pseudosindicato sobre la acusaci\u00f3n popular y considera \u201cinviable\u201d continuar con su labor con eficacia, bajo \u201cest\u00e1ndares de calidad, independencia y rigor jur\u00eddico\u201d que, defiende, inspiran el ejercicio profesional del despacho. <\/p>\n<p class=\"\">\u201cLo que en un inicio se configuraba como un encargo jur\u00eddico (&#8230;) ha ido transform\u00e1ndose de manera paulatina en un asunto cuya exposici\u00f3n y tratamiento exceden del marco jur\u00eddico para situarse en el terreno de la controversia pol\u00edtica y medi\u00e1tica\u201d, critica el letrado, que adem\u00e1s apunta a que Manos Limpias no se mueve por la solidez de los argumentos jur\u00eddicos y que, en cambio, \u201cresponden, en buena medida, a consideraciones de oportunidad pol\u00edtica, impacto en la opini\u00f3n p\u00fablica o posicionamiento ideol\u00f3gico\u201d. Es algo \u201cleg\u00edtimo\u201d, apunta, desde la perspectiva de la propia organizaci\u00f3n, pero no desde la del ejercicio de la abogac\u00eda \u201cfundada en la independencia, el rigor t\u00e9cnico y la estricta sujeci\u00f3n a criterios jur\u00eddicos objetivos\u201d. <\/p>\n<p class=\"\">La renuncia que los profesionales han dirigido a la asociaci\u00f3n que encabeza <a href=\"https:\/\/elpais.com\/espana\/2025-06-30\/un-rapapolvo-del-supremo-a-abogados-cristianos-reaviva-el-debate-sobre-el-poder-de-la-acusacion-popular.html\" target=\"_self\" rel=\"nofollow noopener\" title=\"https:\/\/elpais.com\/espana\/2025-06-30\/un-rapapolvo-del-supremo-a-abogados-cristianos-reaviva-el-debate-sobre-el-poder-de-la-acusacion-popular.html\">Miguel Bernard<\/a> se\u00f1ala que se ha utilizado el procedimiento judicial \u201ccomo instrumento para la obtenci\u00f3n de fines de naturaleza pol\u00edtica\u201d y que esto \u201ccompromete la independencia\u201d de la defensa. \u201cLa abogac\u00eda no puede ser confundida con el activismo pol\u00edtico\u201d, contin\u00faa. \u201cMantener la direcci\u00f3n letrada en un escenario en el que los tiempos y los mensajes se dise\u00f1an m\u00e1s en clave de repercusi\u00f3n p\u00fablica que de eficacia procesal, supondr\u00eda para este despacho quebrantar el mandato profesional asumido\u201d, enfatiza.<\/p>\n<p class=\"\">Adem\u00e1s, el procurador explica al juez Peinado que intent\u00f3 comunicar su renuncia hace meses, en un burofax el pasado 25 de septiembre, pero que Manos Limpias no lo recogi\u00f3. Al no tener noticias de su cliente, los profesionales han dado cuenta al juez Juan Carlos Peinado del abandono de la defensa legal, cuya comunicaci\u00f3n consideran ya \u201cconsumada\u201d porque han pasado m\u00e1s de tres d\u00edas sin respuesta y formalizan ante el juez su completa desvinculaci\u00f3n.<\/p>\n<p class=\"\">Manos Limpias es una de las acusaciones populares en la causa contra la esposa de S\u00e1nchez, investigada por presuntos delitos de tr\u00e1fico de influencias, corrupci\u00f3n en los negocios, malversaci\u00f3n, intrusismo y apropiaci\u00f3n indebida. El origen de estas pesquisas, de hecho, est\u00e1 en una denuncia de la asociaci\u00f3n de Bernard en el mes de abril de 2024. Adem\u00e1s, est\u00e1n personados los partidos Vox e Iustitia Europa, la asociaci\u00f3n ultracat\u00f3lica Hazte O\u00edr y el Movimiento de Regeneraci\u00f3n Pol\u00edtica de Espa\u00f1a. <\/p>\n","protected":false},"excerpt":{"rendered":"El pseudosindicato Manos Limpias, del que parti\u00f3 la denuncia que dio origen al caso Bego\u00f1a que instruye el&hellip;\n","protected":false},"author":2,"featured_media":253711,"comment_status":"","ping_status":"","sticky":false,"template":"","format":"standard","meta":{"footnotes":""},"categories":[8],"tags":[12242,16640,17,18,25,24,13,14,4767,11,16638,19,20,42952,9,10,15,16,23,12,493,21,22],"class_list":{"0":"post-253710","1":"post","2":"type-post","3":"status-publish","4":"format-standard","5":"has-post-thumbnail","7":"category-espana","8":"tag-abogados","9":"tag-begona-gomez-fernandez","10":"tag-breaking-news","11":"tag-breakingnews","12":"tag-es","13":"tag-espana","14":"tag-featured-news","15":"tag-featurednews","16":"tag-fiscalia","17":"tag-headlines","18":"tag-juan-carlos-peinado","19":"tag-latest-news","20":"tag-latestnews","21":"tag-manos-limpias","22":"tag-news","23":"tag-noticias","24":"tag-noticias-destacadas","25":"tag-noticiasdestacadas","26":"tag-spain","27":"tag-titulares","28":"tag-tribunales","29":"tag-ultimas-noticias","30":"tag-ultimasnoticias"},"share_on_mastodon":{"url":"https:\/\/pubeurope.com\/@es\/115606290771542046","error":""},"_links":{"self":[{"href":"https:\/\/www.europesays.com\/es\/wp-json\/wp\/v2\/posts\/253710","targetHints":{"allow":["GET"]}}],"collection":[{"href":"https:\/\/www.europesays.com\/es\/wp-json\/wp\/v2\/posts"}],"about":[{"href":"https:\/\/www.europesays.com\/es\/wp-json\/wp\/v2\/types\/post"}],"author":[{"embeddable":true,"href":"https:\/\/www.europesays.com\/es\/wp-json\/wp\/v2\/users\/2"}],"replies":[{"embeddable":true,"href":"https:\/\/www.europesays.com\/es\/wp-json\/wp\/v2\/comments?post=253710"}],"version-history":[{"count":0,"href":"https:\/\/www.europesays.com\/es\/wp-json\/wp\/v2\/posts\/253710\/revisions"}],"wp:featuredmedia":[{"embeddable":true,"href":"https:\/\/www.europesays.com\/es\/wp-json\/wp\/v2\/media\/253711"}],"wp:attachment":[{"href":"https:\/\/www.europesays.com\/es\/wp-json\/wp\/v2\/media?parent=253710"}],"wp:term":[{"taxonomy":"category","embeddable":true,"href":"https:\/\/www.europesays.com\/es\/wp-json\/wp\/v2\/categories?post=253710"},{"taxonomy":"post_tag","embeddable":true,"href":"https:\/\/www.europesays.com\/es\/wp-json\/wp\/v2\/tags?post=253710"}],"curies":[{"name":"wp","href":"https:\/\/api.w.org\/{rel}","templated":true}]}}