{"id":253714,"date":"2025-11-24T19:24:20","date_gmt":"2025-11-24T19:24:20","guid":{"rendered":"https:\/\/www.europesays.com\/es\/253714\/"},"modified":"2025-11-24T19:24:20","modified_gmt":"2025-11-24T19:24:20","slug":"todos-los-campeones-y-titulos-de-espana","status":"publish","type":"post","link":"https:\/\/www.europesays.com\/es\/253714\/","title":{"rendered":"todos los campeones y t\u00edtulos de Espa\u00f1a"},"content":{"rendered":"<p class=\"ft-text\"><a class=\"ft-link ft-link--decoration\" href=\"https:\/\/www.sport.es\/es\/noticias\/tenis\/munarse-derrumba-emboscada-cobolli-espana-124040229\" rel=\"nofollow noopener\" target=\"_blank\"><strong>Italia volvi\u00f3 a sentarse en el trono de la Copa Davis despu\u00e9s de imponerse ante Espa\u00f1a en la gran final<\/strong><\/a>. Te contamos c\u00f3mo queda el palmar\u00e9s tras la disputa de la presente edici\u00f3n, destacando a los grandes ganadores hist\u00f3ricos y las veces que la selecci\u00f3n espa\u00f1ola ha conquistado la ensaladera.<\/p>\n<p class=\"ft-text\">A pesar de las bajas sensibles de Sinner y Musetti, Italia cuaj\u00f3 una fase final impecable para conquistar su tercera ensaladera consecutiva. <strong>El pa\u00eds transalpino se ha convertido en el dominador incontestable de la competici\u00f3n en los \u00faltimos a\u00f1os<\/strong>, pero todav\u00eda est\u00e1 lejos de las primeras posiciones del r\u00e1nking.<\/p>\n<p class=\"ft-text\">Por delante de Italia todav\u00eda se encuentra <strong>Espa\u00f1a, sexto pa\u00eds en la clasificaci\u00f3n hist\u00f3rica<\/strong>. Las vitrinas de &#8216;La Armada&#8217; cuentan con 6 ensaladeras en sus vitrinas, la \u00faltima de ellas conquistada en 2019.<\/p>\n<p><img decoding=\"async\" src=\"https:\/\/www.europesays.com\/es\/wp-content\/uploads\/2025\/11\/d79f360a-68a0-483c-983a-a1e07368975c_alta-libre-aspect-ratio_default_0.jpg\" width=\"1200\" height=\"803\" alt=\"Espa\u00f1a celebra la conquista de su \u00faltima Copa Davis en 2019\" class=\"ft-helper-img-rd\" loading=\"lazy\"\/><\/p>\n<p class=\"ft-helper-fontColor-quaternary ft-helper-fontSize-body-S ft-helper-spacer-t-xxs\">Espa\u00f1a celebra la conquista de su \u00faltima Copa Davis en 2019  \/ Kiko Huesca<\/p>\n<p class=\"ft-text\"><strong>Estas seis victorias sit\u00faan a Espa\u00f1a a 4 t\u00edtulos del tercer escal\u00f3n del podio<\/strong>, compartido por Francia y Gran Breta\u00f1a. Muy lejos quedan las dos primeras posiciones, en las que se encuentran afincadas Australia, segunda con 28 ensaladeras, y Estados Unidos, primera con 32 a pesar de su sequ\u00eda en los \u00faltimos tiempos.<\/p>\n<p>\u00bfC\u00f3mo queda el palmar\u00e9s de la Copa Davis tras la victoria de Italia en 2025?<\/p>\n<p class=\"ft-text\">La clasificaci\u00f3n hist\u00f3rica est\u00e1 dominada por Estados Unidos y Australia, pero<strong> la Copa Davis ha experimentado un cambio de orden desde el siglo XXI<\/strong>. La jerarca de la competici\u00f3n lleva casi 20 a\u00f1os sin conquistar un t\u00edtulo por los 22 de Australia, mientras que selecciones con menos importancia hist\u00f3rica est\u00e1n comenzando a ganar presencia en este r\u00e1nking.<\/p>\n","protected":false},"excerpt":{"rendered":"Italia volvi\u00f3 a sentarse en el trono de la Copa Davis despu\u00e9s de imponerse ante Espa\u00f1a en la&hellip;\n","protected":false},"author":2,"featured_media":253715,"comment_status":"","ping_status":"","sticky":false,"template":"","format":"standard","meta":{"footnotes":""},"categories":[274],"tags":[5926,2493,2494,168,25,24,41737,23,167,327,326,11360],"class_list":{"0":"post-253714","1":"post","2":"type-post","3":"status-publish","4":"format-standard","5":"has-post-thumbnail","7":"category-tenis","8":"tag-campeones","9":"tag-copa","10":"tag-davis","11":"tag-deportes","12":"tag-es","13":"tag-espana","14":"tag-palmares","15":"tag-spain","16":"tag-sports","17":"tag-tenis","18":"tag-tennis","19":"tag-titulos"},"share_on_mastodon":{"url":"https:\/\/pubeurope.com\/@es\/115606314756600938","error":""},"_links":{"self":[{"href":"https:\/\/www.europesays.com\/es\/wp-json\/wp\/v2\/posts\/253714","targetHints":{"allow":["GET"]}}],"collection":[{"href":"https:\/\/www.europesays.com\/es\/wp-json\/wp\/v2\/posts"}],"about":[{"href":"https:\/\/www.europesays.com\/es\/wp-json\/wp\/v2\/types\/post"}],"author":[{"embeddable":true,"href":"https:\/\/www.europesays.com\/es\/wp-json\/wp\/v2\/users\/2"}],"replies":[{"embeddable":true,"href":"https:\/\/www.europesays.com\/es\/wp-json\/wp\/v2\/comments?post=253714"}],"version-history":[{"count":0,"href":"https:\/\/www.europesays.com\/es\/wp-json\/wp\/v2\/posts\/253714\/revisions"}],"wp:featuredmedia":[{"embeddable":true,"href":"https:\/\/www.europesays.com\/es\/wp-json\/wp\/v2\/media\/253715"}],"wp:attachment":[{"href":"https:\/\/www.europesays.com\/es\/wp-json\/wp\/v2\/media?parent=253714"}],"wp:term":[{"taxonomy":"category","embeddable":true,"href":"https:\/\/www.europesays.com\/es\/wp-json\/wp\/v2\/categories?post=253714"},{"taxonomy":"post_tag","embeddable":true,"href":"https:\/\/www.europesays.com\/es\/wp-json\/wp\/v2\/tags?post=253714"}],"curies":[{"name":"wp","href":"https:\/\/api.w.org\/{rel}","templated":true}]}}