{"id":253716,"date":"2025-11-24T19:25:11","date_gmt":"2025-11-24T19:25:11","guid":{"rendered":"https:\/\/www.europesays.com\/es\/253716\/"},"modified":"2025-11-24T19:25:11","modified_gmt":"2025-11-24T19:25:11","slug":"pogacar-habla-sobre-su-posible-jubilacion-y-senala-a-evenepoel-como-una-gran-amenaza-en-2026","status":"publish","type":"post","link":"https:\/\/www.europesays.com\/es\/253716\/","title":{"rendered":"Pogacar habla sobre su posible jubilaci\u00f3n y se\u00f1ala a Evenepoel como una gran amenaza en 2026"},"content":{"rendered":"<p>Tadej Pogacar ya ha arrancado su temporada, sin importar el fr\u00edo y la lluvia que estos \u00faltimos d\u00edas viene azotando la zona de Brescia, donde se haya realizando la primera concentraci\u00f3n de pretemporada mientras no deja de atender a diferentes eventos como un torneo amistoso de Padel que contaba con la presencia de otras figuras del ciclismo. \u00c9poca del a\u00f1o de tranquilidad para el esloveno que habl\u00f3 a distintos medios presentes sobre sus planes para el a\u00f1o que viene.<\/p>\n<p><img class=\" lazyload\" border=\"0\" alt=\"Pogacar habla sobre su posible jubilaci\u00f3n y se\u00f1ala a Evenepoel como una gran amenaza en 2026\" width=\"768\" height=\"434\"  data-\/><\/p>\n<p>Octava temporada como ciclista profesional para un Tadej Pogacar que sigue mostr\u00e1ndose tan ambicioso como el primer d\u00eda, siempre con el \u00e1nimo de progresar y seguir dando la mejor versi\u00f3n de si mismo.<\/p>\n<p>Sin embargo, las dos \u00faltimas temporadas han supuesto un enorme saldo de calidad para Tadej Pogacar en las que pr\u00e1cticamente ha vencido en cada sitio que ha competido, con Monumentos, Tour de Francia y sendos Mundiales brillando con luz propia en un excelso palmar\u00e9s. Un salto de calidad que Pogacar atribuye a su nuevo entrenador Javier Sola, al que describe como gran gu\u00eda y una persona con la que conecta a la perfecci\u00f3n; y sobre todo, a Gorka Prieto, el nutricionista del equipo UAE Team Emirates-XRG que atiende a una faceta que, seg\u00fan el esloveno, maca la diferencia en el rendimiento.<\/p>\n<p><img class=\" lazyload\" border=\"0\" alt=\"Pogacar habla sobre su posible jubilaci\u00f3n y se\u00f1ala a Evenepoel como una gran amenaza en 2026\" width=\"1980\" height=\"1320\"  data-\/><\/p>\n<p>Es decir, queda meridianamente claro que los rumores sobre una posible retirada de Tadej Pogacar en 2028 tras el hartazgo con que concluy\u00f3 el Tour de Francia no eran m\u00e1s que eso, rumores. El propio Tadej, al ser preguntado al respecto confirm\u00f3 que ten\u00eda firmado contrato hasta 2030 con UAE Team Emirates-XRG porque tiene intenci\u00f3n de seguir corriendo al menos hasta esa fecha y que s\u00ed, despu\u00e9s de 2030 siguiera corriendo lo har\u00eda en el mismo equipo aunque en realidad sea algo en lo que no piensa demasiado \u201cme lo estoy pasando bien y no hay problemas\u201d apuntaba Pogacar.<\/p>\n<p>Hechas estas aclaraciones, tocaba hablar de la temporada 2026 en la que tendr\u00e1 que superar un list\u00f3n que \u00e9l mismo ha colocado en lo m\u00e1s alto. Aunque todav\u00eda habr\u00e1 que esperar algunas semanas, a la primera concentraci\u00f3n oficial del equipo, para conocer su calendario de carreras, Tadej Pogacar pr\u00e1cticamente confirm\u00f3 lo que muchos deseaban oir \u201cQuiero volver a luchar por la Mil\u00e1n-San Remo y la Par\u00eds-Roubaix\u201d por lo que su calendario podr\u00eda asemejarse mucho al realizado a lo largo de esta temporada.<\/p>\n<p><img class=\" lazyload\" border=\"0\" alt=\"Pogacar habla sobre su posible jubilaci\u00f3n y se\u00f1ala a Evenepoel como una gran amenaza en 2026\" width=\"1920\" height=\"1280\"  data-\/><\/p>\n<p>Una Mil\u00e1n-San Remo en la que debutar\u00e1 un Remco Evenepoel al que Pogacar se\u00f1al\u00f3 como una de sus mayores amenazas \u201cEl cambio de equipo puede venirle muy bien. Ser\u00e1 interesante ver si puede subir otro pelda\u00f1o aunque espero que no lo haga porque ya me parece muy fuerte y dominante. Me asusta pensar que a\u00fan pueda mejorar. Seguro que le ir\u00e1 bien\u201d.<\/p>\n","protected":false},"excerpt":{"rendered":"Tadej Pogacar ya ha arrancado su temporada, sin importar el fr\u00edo y la lluvia que estos \u00faltimos d\u00edas&hellip;\n","protected":false},"author":2,"featured_media":253717,"comment_status":"","ping_status":"","sticky":false,"template":"","format":"standard","meta":{"footnotes":""},"categories":[273],"tags":[313,312,168,25,24,23,167],"class_list":{"0":"post-253716","1":"post","2":"type-post","3":"status-publish","4":"format-standard","5":"has-post-thumbnail","7":"category-ciclismo","8":"tag-ciclismo","9":"tag-cycling","10":"tag-deportes","11":"tag-es","12":"tag-espana","13":"tag-spain","14":"tag-sports"},"share_on_mastodon":{"url":"https:\/\/pubeurope.com\/@es\/115606318181578915","error":""},"_links":{"self":[{"href":"https:\/\/www.europesays.com\/es\/wp-json\/wp\/v2\/posts\/253716","targetHints":{"allow":["GET"]}}],"collection":[{"href":"https:\/\/www.europesays.com\/es\/wp-json\/wp\/v2\/posts"}],"about":[{"href":"https:\/\/www.europesays.com\/es\/wp-json\/wp\/v2\/types\/post"}],"author":[{"embeddable":true,"href":"https:\/\/www.europesays.com\/es\/wp-json\/wp\/v2\/users\/2"}],"replies":[{"embeddable":true,"href":"https:\/\/www.europesays.com\/es\/wp-json\/wp\/v2\/comments?post=253716"}],"version-history":[{"count":0,"href":"https:\/\/www.europesays.com\/es\/wp-json\/wp\/v2\/posts\/253716\/revisions"}],"wp:featuredmedia":[{"embeddable":true,"href":"https:\/\/www.europesays.com\/es\/wp-json\/wp\/v2\/media\/253717"}],"wp:attachment":[{"href":"https:\/\/www.europesays.com\/es\/wp-json\/wp\/v2\/media?parent=253716"}],"wp:term":[{"taxonomy":"category","embeddable":true,"href":"https:\/\/www.europesays.com\/es\/wp-json\/wp\/v2\/categories?post=253716"},{"taxonomy":"post_tag","embeddable":true,"href":"https:\/\/www.europesays.com\/es\/wp-json\/wp\/v2\/tags?post=253716"}],"curies":[{"name":"wp","href":"https:\/\/api.w.org\/{rel}","templated":true}]}}